{"id":92264,"date":"2008-10-17T21:41:31","date_gmt":"2008-10-17T21:41:31","guid":{"rendered":"http:\/\/diariodominicano.ddns.net\/?p=92264"},"modified":"2008-10-17T21:41:31","modified_gmt":"2008-10-17T21:41:31","slug":"camila-con-intensa-2009-en-dominicanamoda-2008","status":"publish","type":"post","link":"https:\/\/diariodominicano.com\/?p=92264","title":{"rendered":"Camila con Intensa 2009 en DominicanaModa 2008"},"content":{"rendered":"<p><body><\/p>\n<p align=\"center\" class=\"titulogrande1\"><strong>Camila con Intensa 2009 en DominicanaModa 2008<\/strong><\/p>\n<p>&#13;<\/p>\n<p align=\"justify\" class=\"text1noticias\"><img loading=\"lazy\" decoding=\"async\" src=\"http:\/\/localhost:8080\/gente\/img\/dm pic.jpg\" width=\"375\" height=\"1537\" hspace=\"4\" align=\"left\" \/>Santo Domingo.- \u201cIntensa 2009\u201d se denomin\u00f3 la colecci\u00f3n que present\u00f3 la  marca Camila en el marco de la celebraci\u00f3n de DominicanaModa 2008.\u00a0 Una propuesta vanguardista, para la mujer que  le gusta vestir con elegancia, evocando\u00a0  la\u00a0 feminidad, con la suavidad de  las telas y el perfume de los colores mandarina, ciruela, terracota, naranja,  gris, azul, blanco y negro.<\/p>\n<p>&#13;<\/p>\n<p align=\"justify\" class=\"text1noticias\">Prendas con detalles de peque\u00f1os el\u00e1sticos, ruffles y alforzas,  elementos de una propuesta atrevida, f\u00e1cil de combinar y extremadamente simple;  reflejando as\u00ed el encanto y personalidad de quienes las usan.\u00a0 <\/p>\n<p>&#13;<\/p>\n<p align=\"justify\" class=\"text1noticias\">La colecci\u00f3n \u201cIntensa 2009\u201d present\u00f3 delicadeza en las l\u00edneas, con  las correctas proporciones en los cortes; mezcla las texturas combinando la  nobleza del algod\u00f3n, el encanto del ray\u00f3n con la comodidad del stretch y la  versatilidad del sat\u00edn.<\/p>\n<p>&#13;<\/p>\n<p align=\"justify\" class=\"text1noticias\"> Camila es una marca de ropa femenina consolidada, fundada hace m\u00e1s  de\u00a0 dos d\u00e9cadas; dise\u00f1ada y elaborada por un dedicado grupo de  dominicanos, comprometidos con vestir a la mujer con aires de libertad y  sensaci\u00f3n de comodidad; con texturas modernas tra\u00eddas de exclusivos telares del  mundo. Esta propuesta se complement\u00f3 con los fabulosos accesorios de Jessica  Ducos.<\/p>\n<p>&#13;<\/p>\n<p align=\"justify\" class=\"text1noticias\">Las colecciones Camila se encuentran en tiendas de\u00a0 Rep\u00fablica Dominicana, El Salvador, Nicaragua,  Honduras, Guatemala, Costa Rica, Panam\u00e1 y Puerto Rico.<\/p>\n<p>&#13;<\/p>\n<h6> 2008-10-17 21:41:31 <\/h6>\n<p><!--\n<link rel=\"stylesheet\" href=\"css\/bootstrap.min.css\">\n\n\n<ul class=\"pagination\">\n\t    \n\t\n\n<li >\n\t<a href='?page_no=20885'>Previous<\/a>\n\t<\/li>\n\n\n       \n    \n\n<li><a href='?page_no=1'>1<\/a><\/li>\n\n\n\n<li><a href='?page_no=2'>2<\/a><\/li>\n\n\n\n<li><a>...<\/a><\/li>\n\n\n\n<li><a href='?page_no=20884'>20884<\/a><\/li>\n\n\n\n<li><a href='?page_no=20885'>20885<\/a><\/li>\n\n\n\n<li class='active'><a>20886<\/a><\/li>\n\n\n\n<li><a href='?page_no=20887'>20887<\/a><\/li>\n\n\n\n<li><a href='?page_no=20888'>20888<\/a><\/li>\n\n\n\n<li><a>...<\/a><\/li>\n\n\n\n<li><a href='?page_no=22522'>22522<\/a><\/li>\n\n\n\n<li><a href='?page_no=22523'>22523<\/a><\/li>\n\n    \n\t\n\n<li >\n\t<a href='?page_no=20887'>Next<\/a>\n\t<\/li>\n\n\n    \n\n<li><a href='?page_no=22523'>Last &rsaquo;&rsaquo;<\/a><\/li>\n\n<\/ul>\n\n\n--><br \/>\n<\/body><\/p>\n","protected":false},"excerpt":{"rendered":"<p>Camila con Intensa 2009 en DominicanaModa 2008 &#13; Santo Domingo.- \u201cIntensa 2009\u201d se denomin\u00f3 la colecci\u00f3n que present\u00f3 la marca Camila en el marco de la celebraci\u00f3n de DominicanaModa 2008.\u00a0 Una propuesta vanguardista, para la mujer que le gusta vestir con elegancia, evocando\u00a0 la\u00a0 feminidad, con la suavidad de las telas y el perfume de [&hellip;]<\/p>\n","protected":false},"author":3,"featured_media":0,"comment_status":"open","ping_status":"open","sticky":false,"template":"","format":"standard","meta":{"footnotes":""},"categories":[25],"tags":[],"class_list":["post-92264","post","type-post","status-publish","format-standard","hentry","category-gente"],"_links":{"self":[{"href":"https:\/\/diariodominicano.com\/index.php?rest_route=\/wp\/v2\/posts\/92264","targetHints":{"allow":["GET"]}}],"collection":[{"href":"https:\/\/diariodominicano.com\/index.php?rest_route=\/wp\/v2\/posts"}],"about":[{"href":"https:\/\/diariodominicano.com\/index.php?rest_route=\/wp\/v2\/types\/post"}],"author":[{"embeddable":true,"href":"https:\/\/diariodominicano.com\/index.php?rest_route=\/wp\/v2\/users\/3"}],"replies":[{"embeddable":true,"href":"https:\/\/diariodominicano.com\/index.php?rest_route=%2Fwp%2Fv2%2Fcomments&post=92264"}],"version-history":[{"count":0,"href":"https:\/\/diariodominicano.com\/index.php?rest_route=\/wp\/v2\/posts\/92264\/revisions"}],"wp:attachment":[{"href":"https:\/\/diariodominicano.com\/index.php?rest_route=%2Fwp%2Fv2%2Fmedia&parent=92264"}],"wp:term":[{"taxonomy":"category","embeddable":true,"href":"https:\/\/diariodominicano.com\/index.php?rest_route=%2Fwp%2Fv2%2Fcategories&post=92264"},{"taxonomy":"post_tag","embeddable":true,"href":"https:\/\/diariodominicano.com\/index.php?rest_route=%2Fwp%2Fv2%2Ftags&post=92264"}],"curies":[{"name":"wp","href":"https:\/\/api.w.org\/{rel}","templated":true}]}}