{"id":92263,"date":"2008-10-17T22:45:58","date_gmt":"2008-10-17T22:45:58","guid":{"rendered":"http:\/\/diariodominicano.ddns.net\/?p=92263"},"modified":"2008-10-17T22:45:58","modified_gmt":"2008-10-17T22:45:58","slug":"juan-luis-guerra-lee-proclama-a-favor-de-la-paz","status":"publish","type":"post","link":"https:\/\/diariodominicano.com\/?p=92263","title":{"rendered":"Juan Luis Guerra lee proclama a favor de la paz"},"content":{"rendered":"<p><body><\/p>\n<p class=\"titulogrande1\">Juan Luis Guerra lee proclama a favor  de la paz <\/p>\n<p>&#13;<\/p>\n<p align=\"justify\" class=\"text1noticias\">Hoy el presidente Fern\u00e1ndez encabezar\u00e1  el acto de clausura de la cumbre\u00a0 <\/p>\n<p>&#13;<\/p>\n<p align=\"justify\" class=\"text1noticias\">B\u00e1varo, La Altagracia.\u00a0 Su \u00fanica presencia en el  acto de lanzamiento de la campa\u00f1a \u201c!Lev\u00e1ntate y act\u00faa contra la pobreza!\u201d  provoc\u00f3 un bullicio, un alboroto que en el lugar parec\u00eda que temblaba la  tierra. <\/p>\n<p>&#13;<\/p>\n<p align=\"justify\" class=\"text1noticias\">Era un tributo que m\u00e1s de dos  mil j\u00f3venes de diferentes naciones hac\u00edan al laureado cantautor dominicano Juan  Luis Guerra, quien ley\u00f3 el manifiesto o proclama internacional a favor de la  paz y en contra de la pobreza.<\/p>\n<p>&#13;<\/p>\n<p align=\"justify\" class=\"text1noticias\">Ese proclama, acompa\u00f1ado de  manifestaciones y caminatas, se esaba hacienod simultanemente en todo el mundo. <\/p>\n<p>&#13;<\/p>\n<p align=\"justify\" class=\"text1noticias\">Juan Luis Guerra y el nadador  dominicano Marcos D\u00edaz fueron la figurar principales en el acto de lectura de  la proclama del evento que organiza la Organizaci\u00f3n de Naciones Unidas (ONU) en el  complejo tur\u00edstico. <\/p>\n<p>&#13;<\/p>\n<p align=\"justify\" class=\"text1noticias\">\u201cEste D\u00eda simb\u00f3lico, 17 de  octubre\u2026nos levantamos juntos a millones de personas de todo el mundo para  mostrar nuestro compromiso de lucha contra la pobreza\u201d, dec\u00eda Juan Luis, ante  los aplausos de los j\u00f3venes.<\/p>\n<p>&#13;<\/p>\n<p align=\"justify\" class=\"text1noticias\">El artista vestido de blanco,  como todos los presentes, dec\u00eda: \u201cha llegado el momento de no aceptar m\u00e1s  excusas en un mundo donde mueren 50 mil personas diariamente como consecuencia  de la pobreza extrema\u201d. <\/p>\n<p>&#13;<\/p>\n<p align=\"justify\" class=\"text1noticias\">\u201cNos levantamos en pie y alma  porque deseamos que nuestros lideres cumplan sus promesas y honren sus  palabras. Que se vistan de compasi\u00f3n y nos prediquen con el ejemplo, que su  mayor tesoro sea la paz\u201d, dijo.<\/p>\n<p>&#13;<\/p>\n<p align=\"justify\" class=\"text1noticias\">La proclama, le\u00edda por Juan  Luis Guerra, llama a los gobiernos a trabajar a favor de la salud, la educaci\u00f3n  y que gobiernen con autoridad contra la corrupci\u00f3n.<\/p>\n<p>&#13;<\/p>\n<p align=\"justify\" class=\"text1noticias\">\u201cCombatiendo los corruptos y  sabiedo que cuando no se ejecuta inmediantamente la sentencia de un delito el  coraz\u00f3n del pueblo se llena de razones para hacer lo malo. Hoy es el d\u00eda de  restaurar nuestro futuro\u2026\u201d, agrega.\u00a0 <\/p>\n<p>&#13;<\/p>\n<p align=\"justify\" class=\"text1noticias\">El acto se realiz\u00f3 en el  teatro \u201ctropical\u00edsimo\u201d y participaron varios representantes de Naciones Unidas.  El grupo de rock Calor Urbano ameniz\u00f3 el encuentro. A pesar que la gente ped\u00eda,  coreaba las canciones de Juan Luis Guerra este no cant\u00f3. \u201cPrefiero que cante  Calor Urbano que es mi favorito\u201d, brome\u00f3.\u00a0\u00a0\u00a0  Marc\u00f2s D\u00edaz llam\u00f3 a la juventud a estudiar y a seguir los buenos ejemplo  y les record\u00f3 que el naci\u00f3 con asma y a\u00fan as\u00ed ha establecido varios record en  nataci\u00f3n a nivel del mundo. Llam\u00f3 a los j\u00f3venes a que se integren a los  programas de lucha contra la pobreza de Rep\u00fablica Dominicana.<\/p>\n<p>&#13;<\/p>\n<p align=\"justify\" class=\"text1noticias\">Ante de realizar ese acto los  j\u00f3venes congregados en el complejo\u00a0  realizaron una marcha por la playa exhibiendo la bandera nacional y el  logo \u201cLev\u00e1ntate\u201d.\u00a0\u00a0\u00a0\u00a0 <\/p>\n<p>&#13;<\/p>\n<p align=\"justify\" class=\"text1noticias\">El Presidente\u2026<\/p>\n<p>&#13;<\/p>\n<p align=\"justify\" class=\"text1noticias\">El presidente Leonel  Fern\u00e1ndez y la primera dama Margarita Cede\u00f1o de Fern\u00e1ndez encabezar\u00e1n este  s\u00e1bado el acto de clausura de la Conferencia Internacional  de la America,  que se realiza desde el 15 al 19 de octubre en B\u00e1varo.<\/p>\n<p>&#13;<\/p>\n<p align=\"justify\" class=\"text1noticias\">El acto est\u00e1 proclamado para las seis de la  tarde y all\u00ed se van a exponer las conclusiones sobre los debates, seminarios y  charlas que se han llevado a cabo.<\/p>\n<p>&#13;<\/p>\n<h6> 2008-10-17 22:45:58 <\/h6>\n<p><!--\n<link rel=\"stylesheet\" href=\"css\/bootstrap.min.css\">\n\n\n<ul class=\"pagination\">\n\t    \n\t\n\n<li >\n\t<a href='?page_no=20884'>Previous<\/a>\n\t<\/li>\n\n\n       \n    \n\n<li><a href='?page_no=1'>1<\/a><\/li>\n\n\n\n<li><a href='?page_no=2'>2<\/a><\/li>\n\n\n\n<li><a>...<\/a><\/li>\n\n\n\n<li><a href='?page_no=20883'>20883<\/a><\/li>\n\n\n\n<li><a href='?page_no=20884'>20884<\/a><\/li>\n\n\n\n<li class='active'><a>20885<\/a><\/li>\n\n\n\n<li><a href='?page_no=20886'>20886<\/a><\/li>\n\n\n\n<li><a href='?page_no=20887'>20887<\/a><\/li>\n\n\n\n<li><a>...<\/a><\/li>\n\n\n\n<li><a href='?page_no=22522'>22522<\/a><\/li>\n\n\n\n<li><a href='?page_no=22523'>22523<\/a><\/li>\n\n    \n\t\n\n<li >\n\t<a href='?page_no=20886'>Next<\/a>\n\t<\/li>\n\n\n    \n\n<li><a href='?page_no=22523'>Last &rsaquo;&rsaquo;<\/a><\/li>\n\n<\/ul>\n\n\n--><br \/>\n<\/body><\/p>\n","protected":false},"excerpt":{"rendered":"<p>Juan Luis Guerra lee proclama a favor de la paz &#13; Hoy el presidente Fern\u00e1ndez encabezar\u00e1 el acto de clausura de la cumbre\u00a0 &#13; B\u00e1varo, La Altagracia.\u00a0 Su \u00fanica presencia en el acto de lanzamiento de la campa\u00f1a \u201c!Lev\u00e1ntate y act\u00faa contra la pobreza!\u201d provoc\u00f3 un bullicio, un alboroto que en el lugar parec\u00eda que [&hellip;]<\/p>\n","protected":false},"author":3,"featured_media":0,"comment_status":"open","ping_status":"open","sticky":false,"template":"","format":"standard","meta":{"footnotes":""},"categories":[25],"tags":[],"class_list":["post-92263","post","type-post","status-publish","format-standard","hentry","category-gente"],"_links":{"self":[{"href":"https:\/\/diariodominicano.com\/index.php?rest_route=\/wp\/v2\/posts\/92263","targetHints":{"allow":["GET"]}}],"collection":[{"href":"https:\/\/diariodominicano.com\/index.php?rest_route=\/wp\/v2\/posts"}],"about":[{"href":"https:\/\/diariodominicano.com\/index.php?rest_route=\/wp\/v2\/types\/post"}],"author":[{"embeddable":true,"href":"https:\/\/diariodominicano.com\/index.php?rest_route=\/wp\/v2\/users\/3"}],"replies":[{"embeddable":true,"href":"https:\/\/diariodominicano.com\/index.php?rest_route=%2Fwp%2Fv2%2Fcomments&post=92263"}],"version-history":[{"count":0,"href":"https:\/\/diariodominicano.com\/index.php?rest_route=\/wp\/v2\/posts\/92263\/revisions"}],"wp:attachment":[{"href":"https:\/\/diariodominicano.com\/index.php?rest_route=%2Fwp%2Fv2%2Fmedia&parent=92263"}],"wp:term":[{"taxonomy":"category","embeddable":true,"href":"https:\/\/diariodominicano.com\/index.php?rest_route=%2Fwp%2Fv2%2Fcategories&post=92263"},{"taxonomy":"post_tag","embeddable":true,"href":"https:\/\/diariodominicano.com\/index.php?rest_route=%2Fwp%2Fv2%2Ftags&post=92263"}],"curies":[{"name":"wp","href":"https:\/\/api.w.org\/{rel}","templated":true}]}}