{"id":92262,"date":"2008-10-17T23:01:23","date_gmt":"2008-10-17T23:01:23","guid":{"rendered":"http:\/\/diariodominicano.ddns.net\/?p=92262"},"modified":"2008-10-17T23:01:23","modified_gmt":"2008-10-17T23:01:23","slug":"liceo-experimental-uasd-gradua-128-nuevos-bachilleres","status":"publish","type":"post","link":"https:\/\/diariodominicano.com\/?p=92262","title":{"rendered":"Liceo Experimental UASD Grad\u00faa 128 Nuevos Bachilleres"},"content":{"rendered":"<p><body><\/p>\n<p class=\"titulogrande1\"><strong>Liceo  Experimental UASD Grad\u00faa 128 Nuevos Bachilleres<\/strong><\/p>\n<p>&#13;<\/p>\n<p align=\"justify\" class=\"text1noticias\"><img loading=\"lazy\" decoding=\"async\" src=\"http:\/\/localhost:8080\/gente\/img\/gradu uas.jpg\" width=\"375\" height=\"227\" hspace=\"4\" align=\"left\" \/>El  Liceo Experimental \u201cAltagracia Amelia Ricart Calventi\u201d de la Universidad Aut\u00f3noma  de Santo Domingo gradu\u00f3 en una ceremonia realizada en el Aula Magna a 128  nuevos bachilleres, correspondientes a su Trig\u00e9sima Sexta Promoci\u00f3n 2007-2008.<\/p>\n<p>&#13;<\/p>\n<p align=\"justify\" class=\"text1noticias\">El  discurso central del acto fue pronunciado por el rector de la UASD, doctor Franklin Garc\u00eda  Ferm\u00edn, quien expres\u00f3 que en estos d\u00edas dif\u00edciles en que avanza el deterioro  moral de la sociedad es hermoso ver a esta juventud estudiosa que ha dicho no a  muchos atractivos enga\u00f1osos.<\/p>\n<p>&#13;<\/p>\n<p align=\"justify\" class=\"text1noticias\">&#13;<br \/>\n\u201cA  pesar de los males sociales en los que esta sumida la sociedad tales como las  drogas, p\u00e9rdida de valores, corrupci\u00f3n,\u00a0  que mancha el rostro de la patria, es una raz\u00f3n de alegr\u00eda y de j\u00fabilo  ver que los j\u00f3venes est\u00e1n trillando el camino del conocimiento para cambiar esa  realidad\u201d, enfatiz\u00f3.<\/p>\n<p>&#13;<\/p>\n<p align=\"justify\" class=\"text1noticias\">Al  referirse al papel hist\u00f3rico que han jugado los j\u00f3venes, Garc\u00eda Ferm\u00edn dijo que  en cada \u00e9poca son estos los llamados a producir los cambios que la sociedad  demanda y contribuir a ensanchar\u00a0 los  caminos del desarrollo social.<\/p>\n<p>&#13;<\/p>\n<p align=\"justify\" class=\"text1noticias\">Consider\u00f3  que en los pueblos del mundo, es una constante que los m\u00e1s nobles sentimientos  e ideales m\u00e1s puros habitan en las mentes y en los corazones de los j\u00f3venes,  los cuales se empe\u00f1an en contribuir con su sacrificio al mejoramiento de la  humanidad.<\/p>\n<p>&#13;<\/p>\n<p align=\"justify\" class=\"text1noticias\">Tras expresar que la UASD est\u00e1 en disposici\u00f3n de  acogerlos en sus aulas para que\u00a0 cursen  la carrera de su elecci\u00f3n, Garc\u00eda Ferm\u00edn indic\u00f3 que la academia puede ayudarlos  mediante sus mecanismos institucionales, entre los que cit\u00f3: la Direcci\u00f3n de Bienestar  Estudiantil y el Programa de Orientaci\u00f3n y Medici\u00f3n Acad\u00e9mica.<\/p>\n<p>&#13;<\/p>\n<p align=\"justify\" class=\"text1noticias\">Mientras, el director  del Liceo Experimental \u201cAltagracia  Amelia Ricart\u201d, maestro Manuel Mora, ponder\u00f3 la calidad de los nuevos egresados  quienes est\u00e1n preparados\u00a0 para el acceso  a la tecnolog\u00eda y en la formaci\u00f3n de valores que ayudan a ser un ciudadano  democr\u00e1tico y cr\u00edtico.<\/p>\n<p>&#13;<\/p>\n<p align=\"justify\" class=\"text1noticias\">Al  destacar la formaci\u00f3n de los 128 nuevos bachilleres, Mora dijo que representaron  dignamente el plantel en eventos acad\u00e9micos y culturales en que participaron,  tanto en el pa\u00eds como el extranjero, entre los que cit\u00f3: El modelo de las  Naciones Unidas y el Programa de los Objetivos del Milenio.<\/p>\n<p>&#13;<\/p>\n<p align=\"justify\" class=\"text1noticias\">Mora,  demand\u00f3 la construcci\u00f3n de un Centro Experimental de Investigaci\u00f3n y de Pr\u00e1ctica  que incluya los niveles, inicial y b\u00e1sicas, as\u00ed como la implementaci\u00f3n de otras  modalidades del bachillerato que fortalecer\u00e1n las carreras existentes en la  reci\u00e9n aprobada Facultad de Ciencia de la Educaci\u00f3n.<\/p>\n<p>&#13;<\/p>\n<p align=\"justify\" class=\"text1noticias\">En el  acto recibi\u00f3 pergamino de reconocimiento el bachiller\u00a0 Juan Carlos Sarmiento, quien al pronunciar las  palabras de agradecimiento \u00a0exhort\u00f3 a sus  compa\u00f1eros a continuar estudiando en la universidad con el mismo fervor que lo  hicieron en el bachillerato.<\/p>\n<p>&#13;<\/p>\n<p align=\"justify\" class=\"text1noticias\">La mesa directiva  estuvo compuesta, adem\u00e1s de los mencionados, por el vicerrector Docente, doctor  Iv\u00e1n Grull\u00f3n; el maestro Rafael Morla y Milagros Salas, decano y vicedecana de la Facultad de Humanidades;  maestro V\u00edctor Encarnaci\u00f3n, director de la Escuela de Pedagog\u00eda y Juana G\u00f3mez, subdirectora  del plantel escolar.<\/p>\n<p>&#13;<\/p>\n<h6> 2008-10-17 23:01:23 <\/h6>\n<p><!--\n<link rel=\"stylesheet\" href=\"css\/bootstrap.min.css\">\n\n\n<ul class=\"pagination\">\n\t    \n\t\n\n<li >\n\t<a href='?page_no=20883'>Previous<\/a>\n\t<\/li>\n\n\n       \n    \n\n<li><a href='?page_no=1'>1<\/a><\/li>\n\n\n\n<li><a href='?page_no=2'>2<\/a><\/li>\n\n\n\n<li><a>...<\/a><\/li>\n\n\n\n<li><a href='?page_no=20882'>20882<\/a><\/li>\n\n\n\n<li><a href='?page_no=20883'>20883<\/a><\/li>\n\n\n\n<li class='active'><a>20884<\/a><\/li>\n\n\n\n<li><a href='?page_no=20885'>20885<\/a><\/li>\n\n\n\n<li><a href='?page_no=20886'>20886<\/a><\/li>\n\n\n\n<li><a>...<\/a><\/li>\n\n\n\n<li><a href='?page_no=22522'>22522<\/a><\/li>\n\n\n\n<li><a href='?page_no=22523'>22523<\/a><\/li>\n\n    \n\t\n\n<li >\n\t<a href='?page_no=20885'>Next<\/a>\n\t<\/li>\n\n\n    \n\n<li><a href='?page_no=22523'>Last &rsaquo;&rsaquo;<\/a><\/li>\n\n<\/ul>\n\n\n--><br \/>\n<\/body><\/p>\n","protected":false},"excerpt":{"rendered":"<p>Liceo Experimental UASD Grad\u00faa 128 Nuevos Bachilleres &#13; El Liceo Experimental \u201cAltagracia Amelia Ricart Calventi\u201d de la Universidad Aut\u00f3noma de Santo Domingo gradu\u00f3 en una ceremonia realizada en el Aula Magna a 128 nuevos bachilleres, correspondientes a su Trig\u00e9sima Sexta Promoci\u00f3n 2007-2008. &#13; El discurso central del acto fue pronunciado por el rector de la [&hellip;]<\/p>\n","protected":false},"author":3,"featured_media":0,"comment_status":"open","ping_status":"open","sticky":false,"template":"","format":"standard","meta":{"footnotes":""},"categories":[25],"tags":[],"class_list":["post-92262","post","type-post","status-publish","format-standard","hentry","category-gente"],"_links":{"self":[{"href":"https:\/\/diariodominicano.com\/index.php?rest_route=\/wp\/v2\/posts\/92262","targetHints":{"allow":["GET"]}}],"collection":[{"href":"https:\/\/diariodominicano.com\/index.php?rest_route=\/wp\/v2\/posts"}],"about":[{"href":"https:\/\/diariodominicano.com\/index.php?rest_route=\/wp\/v2\/types\/post"}],"author":[{"embeddable":true,"href":"https:\/\/diariodominicano.com\/index.php?rest_route=\/wp\/v2\/users\/3"}],"replies":[{"embeddable":true,"href":"https:\/\/diariodominicano.com\/index.php?rest_route=%2Fwp%2Fv2%2Fcomments&post=92262"}],"version-history":[{"count":0,"href":"https:\/\/diariodominicano.com\/index.php?rest_route=\/wp\/v2\/posts\/92262\/revisions"}],"wp:attachment":[{"href":"https:\/\/diariodominicano.com\/index.php?rest_route=%2Fwp%2Fv2%2Fmedia&parent=92262"}],"wp:term":[{"taxonomy":"category","embeddable":true,"href":"https:\/\/diariodominicano.com\/index.php?rest_route=%2Fwp%2Fv2%2Fcategories&post=92262"},{"taxonomy":"post_tag","embeddable":true,"href":"https:\/\/diariodominicano.com\/index.php?rest_route=%2Fwp%2Fv2%2Ftags&post=92262"}],"curies":[{"name":"wp","href":"https:\/\/api.w.org\/{rel}","templated":true}]}}