{"id":92261,"date":"2008-10-20T17:05:17","date_gmt":"2008-10-20T17:05:17","guid":{"rendered":"http:\/\/diariodominicano.ddns.net\/?p=92261"},"modified":"2008-10-20T17:05:17","modified_gmt":"2008-10-20T17:05:17","slug":"el-cubano-michelle-fragoso-debuta-en-casa-de-teatro","status":"publish","type":"post","link":"https:\/\/diariodominicano.com\/?p=92261","title":{"rendered":"El cubano Michelle Fragoso debuta en Casa de Teatro"},"content":{"rendered":"<p><body><\/p>\n<p align=\"justify\"><span class=\"titulogrande1\">El cubano Michelle Fragoso  debuta en Casa de Teatro<\/span><br \/>&#13;<br \/>\n  \u00a0<br \/>&#13;<br \/>\n  <span class=\"text1noticias\"><img loading=\"lazy\" decoding=\"async\" src=\"http:\/\/localhost:8080\/gente\/img\/michele fragoso.jpg\" width=\"375\" height=\"798\" hspace=\"4\" align=\"left\" \/>Santo Domingo, Rep\u00fablica  Dominicana.- El cantante cubano Michelle Fragoso anuncia su primer concierto en  Rep\u00fablica Dominicana el pr\u00f3ximo s\u00e1bado 1 de noviembre del 2008 en el caf\u00e9 bar  de Casa de Teatro a las 10:00 de la noche bajo el t\u00edtulo \u00abCosas\u00bb.<br \/>&#13;<br \/>\n  \u00a0<br \/>&#13;<br \/>\n  El pianista y guitarrista  tambi\u00e9n confirm\u00f3 la participaci\u00f3n del dominicano Pavel N\u00fa\u00f1ez como invitado  especial de la noche con quien interpretar\u00e1 uno de sus temas.<br \/>&#13;<br \/>\n  \u00a0<br \/>&#13;<br \/>\n  Para este concierto el cubano  se hace acompa\u00f1ar de una elite de j\u00f3venes m\u00fasicos como Rafa Pay\u00e1n, quien  fungir\u00e1 como director musical, Peter Nova en el bajo y Guy Fr\u00f3meta en la  bater\u00eda, quienes se han reunido en post de que el debut en solitario de Fragoso  sea memorable.<br \/>&#13;<br \/>\n  \u00a0<br \/>&#13;<br \/>\n  Michelle, promete una propuesta  en escena de inter\u00e9s para todos los amantes de la buena m\u00fasica quienes  encontrar\u00e1n en\u00a0 \u00abLa Casa\u00bb la m\u00e1gica  complicidad de un lugar perfecto para la bohemia, matizado por canciones como  \u00abVeneno\u00bb, \u00abSeremos lo mismo\u00bb y \u00abEsta Condena\u00bb,  con las cuales Fragoso se ha dado a conocer en el pa\u00eds.<br \/>&#13;<br \/>\n  \u00a0<br \/>&#13;<br \/>\n  Todo el que asista al recital  se llevar\u00e1 un cd con el nuevo sencillo \u00abEsta Condena\u00bb y la  experiencia de disfrutar la m\u00fasica en vivo de un artista de avanzada que sabe  mezclar las bases r\u00edtmicas latinoamericanas para crear su propio estilo.<br \/>&#13;<br \/>\n  \u00a0<br \/>&#13;<br \/>\n  Antes de Casa de Teatro,  Michelle tiene que presentarse el 24 de octubre en la Universidad UTESA  de Santiago y en la UASD  de Santo Domingo el 31 de los corrientes, como invitado de la gira  universitaria de Pavel N\u00fa\u00f1ez, quien ha sido su padrino musical.<br \/>&#13;<br \/>\n  \u00a0<br \/>&#13;<br \/>\n  Michelle Fragoso ha  colaborado y grabado con artistas como Ricky Martin, Lu\u00eds Enrique, Amaury  Guti\u00e9rrez y Francisco C\u00e9spedes.<br \/>&#13;<br \/>\n  \u00a0<br \/>&#13;<br \/>\nSeg\u00fan el artista su  m\u00fasica\u00a0 nace de la necesidad de expresar  las m\u00faltiples influencias musicales que lo han formado como\u00a0 int\u00e9rprete entre las que menciona el Pop,  jazz, rock, timba, hip hop y R&amp;B, ritmos con los cuales Fragoso experimenta  en sus presentaciones, por lo que el show de Casa de Teatro no ser\u00e1 la excepci\u00f3n.<\/span><\/p>\n<p>&#13;<\/p>\n<h6> 2008-10-20 17:05:17 <\/h6>\n<p><!--\n<link rel=\"stylesheet\" href=\"css\/bootstrap.min.css\">\n\n\n<ul class=\"pagination\">\n\t    \n\t\n\n<li >\n\t<a href='?page_no=20882'>Previous<\/a>\n\t<\/li>\n\n\n       \n    \n\n<li><a href='?page_no=1'>1<\/a><\/li>\n\n\n\n<li><a href='?page_no=2'>2<\/a><\/li>\n\n\n\n<li><a>...<\/a><\/li>\n\n\n\n<li><a href='?page_no=20881'>20881<\/a><\/li>\n\n\n\n<li><a href='?page_no=20882'>20882<\/a><\/li>\n\n\n\n<li class='active'><a>20883<\/a><\/li>\n\n\n\n<li><a href='?page_no=20884'>20884<\/a><\/li>\n\n\n\n<li><a href='?page_no=20885'>20885<\/a><\/li>\n\n\n\n<li><a>...<\/a><\/li>\n\n\n\n<li><a href='?page_no=22522'>22522<\/a><\/li>\n\n\n\n<li><a href='?page_no=22523'>22523<\/a><\/li>\n\n    \n\t\n\n<li >\n\t<a href='?page_no=20884'>Next<\/a>\n\t<\/li>\n\n\n    \n\n<li><a href='?page_no=22523'>Last &rsaquo;&rsaquo;<\/a><\/li>\n\n<\/ul>\n\n\n--><br \/>\n<\/body><\/p>\n","protected":false},"excerpt":{"rendered":"<p>El cubano Michelle Fragoso debuta en Casa de Teatro&#13; \u00a0&#13; Santo Domingo, Rep\u00fablica Dominicana.- El cantante cubano Michelle Fragoso anuncia su primer concierto en Rep\u00fablica Dominicana el pr\u00f3ximo s\u00e1bado 1 de noviembre del 2008 en el caf\u00e9 bar de Casa de Teatro a las 10:00 de la noche bajo el t\u00edtulo \u00abCosas\u00bb.&#13; \u00a0&#13; El pianista [&hellip;]<\/p>\n","protected":false},"author":3,"featured_media":0,"comment_status":"open","ping_status":"open","sticky":false,"template":"","format":"standard","meta":{"footnotes":""},"categories":[25],"tags":[],"class_list":["post-92261","post","type-post","status-publish","format-standard","hentry","category-gente"],"_links":{"self":[{"href":"https:\/\/diariodominicano.com\/index.php?rest_route=\/wp\/v2\/posts\/92261","targetHints":{"allow":["GET"]}}],"collection":[{"href":"https:\/\/diariodominicano.com\/index.php?rest_route=\/wp\/v2\/posts"}],"about":[{"href":"https:\/\/diariodominicano.com\/index.php?rest_route=\/wp\/v2\/types\/post"}],"author":[{"embeddable":true,"href":"https:\/\/diariodominicano.com\/index.php?rest_route=\/wp\/v2\/users\/3"}],"replies":[{"embeddable":true,"href":"https:\/\/diariodominicano.com\/index.php?rest_route=%2Fwp%2Fv2%2Fcomments&post=92261"}],"version-history":[{"count":0,"href":"https:\/\/diariodominicano.com\/index.php?rest_route=\/wp\/v2\/posts\/92261\/revisions"}],"wp:attachment":[{"href":"https:\/\/diariodominicano.com\/index.php?rest_route=%2Fwp%2Fv2%2Fmedia&parent=92261"}],"wp:term":[{"taxonomy":"category","embeddable":true,"href":"https:\/\/diariodominicano.com\/index.php?rest_route=%2Fwp%2Fv2%2Fcategories&post=92261"},{"taxonomy":"post_tag","embeddable":true,"href":"https:\/\/diariodominicano.com\/index.php?rest_route=%2Fwp%2Fv2%2Ftags&post=92261"}],"curies":[{"name":"wp","href":"https:\/\/api.w.org\/{rel}","templated":true}]}}