{"id":92258,"date":"2008-10-20T19:25:14","date_gmt":"2008-10-20T19:25:14","guid":{"rendered":"http:\/\/diariodominicano.ddns.net\/?p=92258"},"modified":"2008-10-20T19:25:14","modified_gmt":"2008-10-20T19:25:14","slug":"plaza-central-celebra-xx-aniversario-por-todo-lo-alto","status":"publish","type":"post","link":"https:\/\/diariodominicano.com\/?p=92258","title":{"rendered":"Plaza central  celebra xx aniversario por todo lo alto"},"content":{"rendered":"<p><body><\/p>\n<p align=\"justify\"><strong class=\"titulogrande1\">Plaza central celebra xx aniversario por todo lo alto<\/strong><br \/>&#13;<br \/>\n    <strong>\u00a0<\/strong><br \/>&#13;<br \/>\n    <span class=\"text1noticias\"><img loading=\"lazy\" decoding=\"async\" src=\"http:\/\/localhost:8080\/gente\/img\/plaza centra.jpg\" width=\"375\" height=\"526\" hspace=\"4\" align=\"left\" \/>SANTO DOMINGO.- Durante un  c\u00f3ctel rueda de prensa se dieron a conocer los detalles de la pr\u00f3xima  celebraci\u00f3n por motivo al xx aniversario del primer y m\u00e1s completo centro  comercial en el pa\u00eds, Plaza Central.<br \/>&#13;<br \/>\n    \u00a0<br \/>&#13;<br \/>\n    El director ejecutivo del  centro comercial, lic., Hugo Molina y la organizadora del evento Leticia Abreu  encargada del departamento de publicidad y mercadeo de Plaza Central destaco la  importancia de innovar acorde con los tiempos para ofrecer buen servicio al  p\u00fablico que nos visita.<br \/>&#13;<br \/>\n    \u00a0<br \/>&#13;<br \/>\n    Durante el mes de octubre  de 2008, mes aniversario, la plaza ofrecer\u00e1 al p\u00fablico fabulosas ofertas  gracias al respaldo de las tiendas patrocinadoras y a prestigiosas empresas  dominicanas as\u00ed como tambi\u00e9n una serie de actividades tales como concursos,  promociones y degustaciones.<br \/>&#13;<br \/>\n    \u00a0<br \/>&#13;<br \/>\n    De las novedades\u00a0\u00a0 que traer\u00e1 Plaza Central dentro del marco de  la celebraci\u00f3n de 20 a\u00f1os se encuentra:<br \/>&#13;<br \/>\n    \u00a0<br \/>&#13;<br \/>\n    Del 15 al 31 de octubre,  un personaje estar\u00e1 en las tiendas efectuando el concurso la\u00a0 ruleta de premios instant\u00e1neos.<br \/>&#13;<br \/>\n    \u00a0<br \/>&#13;<br \/>\n  A partir del 20 de octubre  la inauguraci\u00f3n Cinnabon Caf\u00e9\u00a0 de nuevas  tiendas, 24 de octubre, a bailar por todo lo alto, con el gal\u00e1n del merengue  Eddy Herrera, en un fabuloso espect\u00e1culo musical, que ser\u00e1 celebrado a partir  de las 8 de la noche en el parqueo de la azotea, del\u00a0 29\u00a0 de  Octubre\u00a0 02 de Noviembre se realizara la  ultima venta de pasillos por cambio de temporada.<\/span><\/p>\n<p>&#13;<\/p>\n<h6> 2008-10-20 19:25:14 <\/h6>\n<p><!--\n<link rel=\"stylesheet\" href=\"css\/bootstrap.min.css\">\n\n\n<ul class=\"pagination\">\n\t    \n\t\n\n<li >\n\t<a href='?page_no=20879'>Previous<\/a>\n\t<\/li>\n\n\n       \n    \n\n<li><a href='?page_no=1'>1<\/a><\/li>\n\n\n\n<li><a href='?page_no=2'>2<\/a><\/li>\n\n\n\n<li><a>...<\/a><\/li>\n\n\n\n<li><a href='?page_no=20878'>20878<\/a><\/li>\n\n\n\n<li><a href='?page_no=20879'>20879<\/a><\/li>\n\n\n\n<li class='active'><a>20880<\/a><\/li>\n\n\n\n<li><a href='?page_no=20881'>20881<\/a><\/li>\n\n\n\n<li><a href='?page_no=20882'>20882<\/a><\/li>\n\n\n\n<li><a>...<\/a><\/li>\n\n\n\n<li><a href='?page_no=22522'>22522<\/a><\/li>\n\n\n\n<li><a href='?page_no=22523'>22523<\/a><\/li>\n\n    \n\t\n\n<li >\n\t<a href='?page_no=20881'>Next<\/a>\n\t<\/li>\n\n\n    \n\n<li><a href='?page_no=22523'>Last &rsaquo;&rsaquo;<\/a><\/li>\n\n<\/ul>\n\n\n--><br \/>\n<\/body><\/p>\n","protected":false},"excerpt":{"rendered":"<p>Plaza central celebra xx aniversario por todo lo alto&#13; \u00a0&#13; SANTO DOMINGO.- Durante un c\u00f3ctel rueda de prensa se dieron a conocer los detalles de la pr\u00f3xima celebraci\u00f3n por motivo al xx aniversario del primer y m\u00e1s completo centro comercial en el pa\u00eds, Plaza Central.&#13; \u00a0&#13; El director ejecutivo del centro comercial, lic., Hugo Molina [&hellip;]<\/p>\n","protected":false},"author":3,"featured_media":0,"comment_status":"open","ping_status":"open","sticky":false,"template":"","format":"standard","meta":{"footnotes":""},"categories":[25],"tags":[],"class_list":["post-92258","post","type-post","status-publish","format-standard","hentry","category-gente"],"_links":{"self":[{"href":"https:\/\/diariodominicano.com\/index.php?rest_route=\/wp\/v2\/posts\/92258","targetHints":{"allow":["GET"]}}],"collection":[{"href":"https:\/\/diariodominicano.com\/index.php?rest_route=\/wp\/v2\/posts"}],"about":[{"href":"https:\/\/diariodominicano.com\/index.php?rest_route=\/wp\/v2\/types\/post"}],"author":[{"embeddable":true,"href":"https:\/\/diariodominicano.com\/index.php?rest_route=\/wp\/v2\/users\/3"}],"replies":[{"embeddable":true,"href":"https:\/\/diariodominicano.com\/index.php?rest_route=%2Fwp%2Fv2%2Fcomments&post=92258"}],"version-history":[{"count":0,"href":"https:\/\/diariodominicano.com\/index.php?rest_route=\/wp\/v2\/posts\/92258\/revisions"}],"wp:attachment":[{"href":"https:\/\/diariodominicano.com\/index.php?rest_route=%2Fwp%2Fv2%2Fmedia&parent=92258"}],"wp:term":[{"taxonomy":"category","embeddable":true,"href":"https:\/\/diariodominicano.com\/index.php?rest_route=%2Fwp%2Fv2%2Fcategories&post=92258"},{"taxonomy":"post_tag","embeddable":true,"href":"https:\/\/diariodominicano.com\/index.php?rest_route=%2Fwp%2Fv2%2Ftags&post=92258"}],"curies":[{"name":"wp","href":"https:\/\/api.w.org\/{rel}","templated":true}]}}