{"id":92257,"date":"2008-10-20T22:28:27","date_gmt":"2008-10-20T22:28:27","guid":{"rendered":"http:\/\/diariodominicano.ddns.net\/?p=92257"},"modified":"2008-10-20T22:28:27","modified_gmt":"2008-10-20T22:28:27","slug":"juan-gabriel-el-divo-canta-a-mexico","status":"publish","type":"post","link":"https:\/\/diariodominicano.com\/?p=92257","title":{"rendered":"Juan Gabriel \u201cEl Divo canta a M\u00e9xico\u201d"},"content":{"rendered":"<p><body><\/p>\n<p class=\"titulogrande1\">Juan Gabriel \u201cEl  Divo canta a M\u00e9xico\u201d<\/p>\n<p>&#13;<\/p>\n<p align=\"justify\" class=\"text1noticias\"><img loading=\"lazy\" decoding=\"async\" src=\"http:\/\/localhost:8080\/gente\/img\/juan gab.jpg\" width=\"375\" height=\"205\" hspace=\"4\" align=\"left\" \/>Miami, FL, 20 de  octubre del 2008.- Cuando Sony BMG Latin reuni\u00f3 los grandes temas de <strong>Juan Gabriel<\/strong> en \u201cLa Historia del Divo\u201d,  sus fan\u00e1ticos lograron tener en una sola producci\u00f3n lo mejor de su carrera.  Pero ellos pidieron m\u00e1s, por eso es que ahora llega \u201cEl Divo canta a M\u00e9xico\u201d,  una superproducci\u00f3n que resume el cancionero del genial cantautor dedicado a su  tierra.<br \/>&#13;<br \/>\n  <br \/>&#13;<br \/>\n  Rancheras como \u201cSe  me olvid\u00f3 otra vez\u201d, \u201cTe voy a olvidar\u201d, \u201cLa Farsante\u201d y \u201cTe sigo amando\u201d, se  mezclan con otros ritmos mexicanos como el ritmo norte\u00f1o en el controversial  \u00e9xito \u201cCanci\u00f3n 187\u201d, y el de banda en \u201cEl Sinaloense\u201d y \u201cAdorable Mentirosa\u201d,  esta vez acompa\u00f1ado con la popular banda \u201cEl Recodo\u201d.<br \/>&#13;<br \/>\n  <br \/>&#13;<br \/>\n  Con una carrera  \u00fanica en la m\u00fasica latina, Juan Gabriel es el s\u00edmbolo del romance y la pasi\u00f3n  mexicana. Por su legado, no s\u00f3lo fue galardonado con seis Premios GRAMMY\u00ae y  m\u00faltiples premios \u201cLo Nuestro\u201d, entre muchos otros, adem\u00e1s de ser reconocido en  el Sal\u00f3n de la Fama de Billboard, sino que millones de seguidores alrededor del  mundo lo convirtieron en un aut\u00e9ntico \u00edcono de nuestra m\u00fasica: una gloria  contempor\u00e1nea.<br \/>&#13;<br \/>\n  <br \/>&#13;<br \/>\n  \u201cEl Divo canta a  M\u00e9xico\u201d se presenta en tres formatos de venta independiente compuesto de un CD  con 16 temas, un DVD con 10 canciones de sus presentaciones en programas de  televisi\u00f3n\u00a0 y conciertos y un combo con  14 \u00e9xitos en audio y 6 en v\u00eddeo.<br \/>&#13;<br \/>\n  <br \/>&#13;<br \/>\n  El \u00e1lbum es otro  lanzamiento de Sony BMG Latin a la venta desde el pr\u00f3ximo martes 21 de octubre  en todas las tiendas.<\/p>\n<p>&#13;<\/p>\n<h6> 2008-10-20 22:28:27 <\/h6>\n<p><!--\n<link rel=\"stylesheet\" href=\"css\/bootstrap.min.css\">\n\n\n<ul class=\"pagination\">\n\t    \n\t\n\n<li >\n\t<a href='?page_no=20878'>Previous<\/a>\n\t<\/li>\n\n\n       \n    \n\n<li><a href='?page_no=1'>1<\/a><\/li>\n\n\n\n<li><a href='?page_no=2'>2<\/a><\/li>\n\n\n\n<li><a>...<\/a><\/li>\n\n\n\n<li><a href='?page_no=20877'>20877<\/a><\/li>\n\n\n\n<li><a href='?page_no=20878'>20878<\/a><\/li>\n\n\n\n<li class='active'><a>20879<\/a><\/li>\n\n\n\n<li><a href='?page_no=20880'>20880<\/a><\/li>\n\n\n\n<li><a href='?page_no=20881'>20881<\/a><\/li>\n\n\n\n<li><a>...<\/a><\/li>\n\n\n\n<li><a href='?page_no=22522'>22522<\/a><\/li>\n\n\n\n<li><a href='?page_no=22523'>22523<\/a><\/li>\n\n    \n\t\n\n<li >\n\t<a href='?page_no=20880'>Next<\/a>\n\t<\/li>\n\n\n    \n\n<li><a href='?page_no=22523'>Last &rsaquo;&rsaquo;<\/a><\/li>\n\n<\/ul>\n\n\n--><br \/>\n<\/body><\/p>\n","protected":false},"excerpt":{"rendered":"<p>Juan Gabriel \u201cEl Divo canta a M\u00e9xico\u201d &#13; Miami, FL, 20 de octubre del 2008.- Cuando Sony BMG Latin reuni\u00f3 los grandes temas de Juan Gabriel en \u201cLa Historia del Divo\u201d, sus fan\u00e1ticos lograron tener en una sola producci\u00f3n lo mejor de su carrera. Pero ellos pidieron m\u00e1s, por eso es que ahora llega \u201cEl [&hellip;]<\/p>\n","protected":false},"author":3,"featured_media":0,"comment_status":"open","ping_status":"open","sticky":false,"template":"","format":"standard","meta":{"footnotes":""},"categories":[25],"tags":[],"class_list":["post-92257","post","type-post","status-publish","format-standard","hentry","category-gente"],"_links":{"self":[{"href":"https:\/\/diariodominicano.com\/index.php?rest_route=\/wp\/v2\/posts\/92257","targetHints":{"allow":["GET"]}}],"collection":[{"href":"https:\/\/diariodominicano.com\/index.php?rest_route=\/wp\/v2\/posts"}],"about":[{"href":"https:\/\/diariodominicano.com\/index.php?rest_route=\/wp\/v2\/types\/post"}],"author":[{"embeddable":true,"href":"https:\/\/diariodominicano.com\/index.php?rest_route=\/wp\/v2\/users\/3"}],"replies":[{"embeddable":true,"href":"https:\/\/diariodominicano.com\/index.php?rest_route=%2Fwp%2Fv2%2Fcomments&post=92257"}],"version-history":[{"count":0,"href":"https:\/\/diariodominicano.com\/index.php?rest_route=\/wp\/v2\/posts\/92257\/revisions"}],"wp:attachment":[{"href":"https:\/\/diariodominicano.com\/index.php?rest_route=%2Fwp%2Fv2%2Fmedia&parent=92257"}],"wp:term":[{"taxonomy":"category","embeddable":true,"href":"https:\/\/diariodominicano.com\/index.php?rest_route=%2Fwp%2Fv2%2Fcategories&post=92257"},{"taxonomy":"post_tag","embeddable":true,"href":"https:\/\/diariodominicano.com\/index.php?rest_route=%2Fwp%2Fv2%2Ftags&post=92257"}],"curies":[{"name":"wp","href":"https:\/\/api.w.org\/{rel}","templated":true}]}}