{"id":92256,"date":"2008-10-21T15:35:53","date_gmt":"2008-10-21T15:35:53","guid":{"rendered":"http:\/\/diariodominicano.ddns.net\/?p=92256"},"modified":"2008-10-21T15:35:53","modified_gmt":"2008-10-21T15:35:53","slug":"viyella-expone-en-xxix-graduacion-ordinaria-de-unapec","status":"publish","type":"post","link":"https:\/\/diariodominicano.com\/?p=92256","title":{"rendered":"Viyella expone en XXIX graduaci\u00f3n Ordinaria de UNAPEC"},"content":{"rendered":"<p><body><\/p>\n<p class=\"titulogrande1\"><strong>Viyella  expone en XXIX graduaci\u00f3n Ordinaria de UNAPEC<\/strong><\/p>\n<p>&#13;<\/p>\n<p align=\"justify\" class=\"text1noticias\"><img loading=\"lazy\" decoding=\"async\" src=\"http:\/\/localhost:8080\/gente\/img\/ape justo.jpg\" width=\"375\" height=\"571\" hspace=\"4\" align=\"left\" \/>La Universidad Apec (UNAPEC) invisti\u00f3 este martes  a 197 nuevos profesionales en el marco de su XXIX Graduaci\u00f3n Ordinaria, que  tuvo como oradora invitada a do\u00f1a Elena Viyella de Paliza, ex presidenta del  Consejo Nacional de la Empresa Privada (CONEP).<\/p>\n<p>&#13;<\/p>\n<p align=\"justify\" class=\"text1noticias\">La ceremonia de investidura, efectuada en el  auditorio de la Casa San  Pablo, fue dividida en cuatro actos, dos el martes 21 y dos el mi\u00e9rcoles 22, en  los horarios de la 10 de la ma\u00f1ana y 4 de la tarde.<\/p>\n<p>&#13;<\/p>\n<p align=\"justify\" class=\"text1noticias\">El acto estuvo presidido por Francisco Hern\u00e1ndez, presidente de la Junta de  Directores de UNAPEC;\u00a0 Justo Pedro  Castellanos Khouri, rector; Enrique Ogando, Director Ejecutivo de APEC y  Franklyn Holgu\u00edn Hach\u00e9, delegado permanente ante las Juntas del Consejo APEC.<\/p>\n<p>&#13;<\/p>\n<p align=\"justify\" class=\"text1noticias\">Asimismo, Carlos Sangiovanni, vicerrector acad\u00e9mico de  UNAPEC; Dalma Cruz Mirabal, vicerrectora de Asuntos Docentes y Estudiantiles; y  Inmaculada Madera, vicerrectora de Cooperaci\u00f3n e Internacionalizaci\u00f3n.<\/p>\n<p>&#13;<\/p>\n<p align=\"justify\" class=\"text1noticias\">Los egresados son de licenciaturas en  administraci\u00f3n de empresas, administraci\u00f3n tur\u00edstica y hotelera, contabilidad;  contabilidad menci\u00f3n finanzas: derecho, dise\u00f1o gr\u00e1fico, dise\u00f1o de interiores e  ingenier\u00edas el\u00e9ctricas, y en computadoras.<\/p>\n<p>&#13;<\/p>\n<p align=\"justify\" class=\"text1noticias\">Adem\u00e1s, en ingenier\u00eda en comunicaciones,  industrial, el\u00e9ctrica, sistemas de computaci\u00f3n, sistemas de informaci\u00f3n,  licenciatura en mercadotecnia y en publicidad.<\/p>\n<p>&#13;<\/p>\n<p align=\"justify\" class=\"text1noticias\">Tambi\u00e9n en las especialidades de administraci\u00f3n  financiera, alta gesti\u00f3n empresarial, de los recursos humanos, direcci\u00f3n  estrat\u00e9gica de servicios, en gesti\u00f3n hotelera, gerencia de mercadeo y en  derecho comercial internacional,\u00a0 penal y  procesal penal.<\/p>\n<p>&#13;<\/p>\n<p align=\"justify\" class=\"text1noticias\">Asimismo, en auditoria gubernamental, en ense\u00f1anza  de matem\u00e1tica b\u00e1sica, matem\u00e1tica media y superior, y en las maestr\u00edas en  administraci\u00f3n financiera, en gerencia y productividad, mercadeo, de  comunicaci\u00f3n y comercio electr\u00f3nico.<\/p>\n<p>&#13;<\/p>\n<p align=\"justify\" class=\"text1noticias\">Las dos estudiantes con los m\u00e1s altos \u00edndice de  esta promoci\u00f3n fueron Karen del Rosario Lockhart de la Rosa, de la licenciatura en  administraci\u00f3n de empresas y Alin Svelti Campos, de la licenciatura en  administraci\u00f3n tur\u00edstica y hotelera.<\/p>\n<p>&#13;<\/p>\n<p align=\"justify\" class=\"text1noticias\">El licenciado Castellanos dijo que \u00e9sta es la  graduaci\u00f3n con mayor n\u00famero de estudiantes que ha celebrado UNAPEC, lo que  significa el crecimiento poblacional que experimenta esta casa de altos  estudios.<\/p>\n<p>&#13;<\/p>\n<p align=\"justify\" class=\"text1noticias\">En nombre de los graduandos hablaron las j\u00f3venes de  la Rosa y  Campos, quienes exhortaron a los estudiantes a imitar los buenos ejemplos y  continuar con sus estudios para lograr niveles superiores de competitividad  profesional.<\/p>\n<p>&#13;<\/p>\n<h6> 2008-10-21 15:35:53 <\/h6>\n<p><!--\n<link rel=\"stylesheet\" href=\"css\/bootstrap.min.css\">\n\n\n<ul class=\"pagination\">\n\t    \n\t\n\n<li >\n\t<a href='?page_no=20877'>Previous<\/a>\n\t<\/li>\n\n\n       \n    \n\n<li><a href='?page_no=1'>1<\/a><\/li>\n\n\n\n<li><a href='?page_no=2'>2<\/a><\/li>\n\n\n\n<li><a>...<\/a><\/li>\n\n\n\n<li><a href='?page_no=20876'>20876<\/a><\/li>\n\n\n\n<li><a href='?page_no=20877'>20877<\/a><\/li>\n\n\n\n<li class='active'><a>20878<\/a><\/li>\n\n\n\n<li><a href='?page_no=20879'>20879<\/a><\/li>\n\n\n\n<li><a href='?page_no=20880'>20880<\/a><\/li>\n\n\n\n<li><a>...<\/a><\/li>\n\n\n\n<li><a href='?page_no=22522'>22522<\/a><\/li>\n\n\n\n<li><a href='?page_no=22523'>22523<\/a><\/li>\n\n    \n\t\n\n<li >\n\t<a href='?page_no=20879'>Next<\/a>\n\t<\/li>\n\n\n    \n\n<li><a href='?page_no=22523'>Last &rsaquo;&rsaquo;<\/a><\/li>\n\n<\/ul>\n\n\n--><br \/>\n<\/body><\/p>\n","protected":false},"excerpt":{"rendered":"<p>Viyella expone en XXIX graduaci\u00f3n Ordinaria de UNAPEC &#13; La Universidad Apec (UNAPEC) invisti\u00f3 este martes a 197 nuevos profesionales en el marco de su XXIX Graduaci\u00f3n Ordinaria, que tuvo como oradora invitada a do\u00f1a Elena Viyella de Paliza, ex presidenta del Consejo Nacional de la Empresa Privada (CONEP). &#13; La ceremonia de investidura, efectuada [&hellip;]<\/p>\n","protected":false},"author":3,"featured_media":0,"comment_status":"open","ping_status":"open","sticky":false,"template":"","format":"standard","meta":{"footnotes":""},"categories":[25],"tags":[],"class_list":["post-92256","post","type-post","status-publish","format-standard","hentry","category-gente"],"_links":{"self":[{"href":"https:\/\/diariodominicano.com\/index.php?rest_route=\/wp\/v2\/posts\/92256","targetHints":{"allow":["GET"]}}],"collection":[{"href":"https:\/\/diariodominicano.com\/index.php?rest_route=\/wp\/v2\/posts"}],"about":[{"href":"https:\/\/diariodominicano.com\/index.php?rest_route=\/wp\/v2\/types\/post"}],"author":[{"embeddable":true,"href":"https:\/\/diariodominicano.com\/index.php?rest_route=\/wp\/v2\/users\/3"}],"replies":[{"embeddable":true,"href":"https:\/\/diariodominicano.com\/index.php?rest_route=%2Fwp%2Fv2%2Fcomments&post=92256"}],"version-history":[{"count":0,"href":"https:\/\/diariodominicano.com\/index.php?rest_route=\/wp\/v2\/posts\/92256\/revisions"}],"wp:attachment":[{"href":"https:\/\/diariodominicano.com\/index.php?rest_route=%2Fwp%2Fv2%2Fmedia&parent=92256"}],"wp:term":[{"taxonomy":"category","embeddable":true,"href":"https:\/\/diariodominicano.com\/index.php?rest_route=%2Fwp%2Fv2%2Fcategories&post=92256"},{"taxonomy":"post_tag","embeddable":true,"href":"https:\/\/diariodominicano.com\/index.php?rest_route=%2Fwp%2Fv2%2Ftags&post=92256"}],"curies":[{"name":"wp","href":"https:\/\/api.w.org\/{rel}","templated":true}]}}