{"id":92255,"date":"2008-10-21T22:08:39","date_gmt":"2008-10-21T22:08:39","guid":{"rendered":"http:\/\/diariodominicano.ddns.net\/?p=92255"},"modified":"2008-10-21T22:08:39","modified_gmt":"2008-10-21T22:08:39","slug":"hector-acosta-celebrara-con-los-banilejos-sus-15-anos-en-el-arte","status":"publish","type":"post","link":"https:\/\/diariodominicano.com\/?p=92255","title":{"rendered":"H\u00e9ctor Acosta celebrar\u00e1 con los banilejos sus 15 a\u00f1os en el arte"},"content":{"rendered":"<p><body><\/p>\n<p><span class=\"titulogrande1\"><strong>H\u00e9ctor Acosta celebrar\u00e1<\/strong> <strong>con los banilejos sus 15 a\u00f1os en el arte<\/strong><\/span> <\/p>\n<p>&#13;<\/p>\n<p align=\"justify\" class=\"text1noticias\"><img loading=\"lazy\" decoding=\"async\" src=\"http:\/\/localhost:8080\/gente\/img\/musi dom.jpg\" width=\"375\" height=\"833\" hspace=\"4\" align=\"left\" \/>Santo Domingo.- H\u00e9ctor Acosta \u00abEl  Torito\u00bb celebrar\u00e1 junto a los banilejos sus 15 a\u00f1os de carrera musical el  pr\u00f3ximo domingo 26 de octubre en Villa Palmeras de Ban\u00ed, en una descarga de  bachata, merengue y bolero. <br \/>&#13;<br \/>\n  <br \/>&#13;<br \/>\n  El int\u00e9rprete de \u00abEntr\u00e9gate\u00bb,  llevar\u00e1 sus m\u00e1s grandes \u00e9xitos al evento que ha sido denominado \u00abEl  conciertazo del a\u00f1o\u00bb, con el que sus seguidores recibir\u00e1n las fiestas  navide\u00f1as. <br \/>&#13;<br \/>\n  <br \/>&#13;<br \/>\n  \u00abPopurr\u00ed de los 80\u00bb, \u00abMe  voy\u00bb (El anillo), \u00abPa&#8217;casarme\u00bb, \u00abEl mujer\u00f3n\u00bb,  \u00abSin perd\u00f3n\u00bb (Uno quiere pa&#8217; que lo quieran\u00bb, \u00abQuiz\u00e1s s\u00ed,  quiz\u00e1s no\u00bb, entre otros, forman parte del repertorio que el exitoso  merenguero interpretar\u00e1 en el concierto pautado para las 7:00 de la noche. <br \/>&#13;<br \/>\n  <br \/>&#13;<br \/>\n  Y con el m\u00e1s popular merenguero del a\u00f1o har\u00e1  su debut para la regi\u00f3n Sur del pa\u00eds, el grupo juvenil Truhanes, int\u00e9rprete del  \u00e9xito \u00abIn love with you\u00bb&#13;<br \/>\n  <!--  D([\"mb\",\" u003cspan langu003d\"ES-TRAD\"u003e(Enamorado de ti), u0026quot;sound tracku0026quot; de la pel&iacute;cula u0026quot;Play ballu0026quot;.u003c\/spanu003eu003c\/spanu003eu003c\/bu003eu003c\/pu003ennu003cp styleu003d\"margin:0cm 0cm 10pt;text-align:justify\"u003eu003cbu003eu003cspan langu003d\"ES-TRAD\" styleu003d\"font-size:14pt;line-height:115%\"u003eu0026quot;Ser&aacute; un fiest&oacute;n para que los seguidores de El Torito celebren con &eacute;l sus 15 exitosos a&ntilde;os en la m&uacute;sica y qu&eacute; mejor ocasi&oacute;n para que Truhanes, la nueva sensaci&oacute;n de la bachata, debute ese mismo d&iacute;a para la regi&oacute;n Sur del pa&iacute;su0026quot;, manifest&oacute; Sandy Sandy, productor del evento art&iacute;stico.u003c\/spanu003eu003c\/bu003eu003c\/pu003ennu003cp styleu003d\"margin:0cm 0cm 10pt;text-align:justify\"u003eu003cbu003eu003cspan langu003d\"ES-TRAD\" styleu003d\"font-size:14pt;line-height:115%\"u003e&nbsp;u003c\/spanu003eu003c\/bu003eu003c\/pu003ennu003cp styleu003d\"margin:0cm 0cm 10pt;text-align:justify\"u003eu003cbu003eu003cspan langu003d\"ES-TRAD\" styleu003d\"font-size:14pt;line-height:115%\"u003e&nbsp;u003c\/spanu003eu003c\/bu003eu003c\/pu003ennu003cp styleu003d\"margin:0cm 0cm 10pt;text-align:justify\"u003eu003cbu003eu003cspan langu003d\"ES-TRAD\" styleu003d\"font-size:14pt;line-height:115%\"u003eu003cspanu003e&nbsp;u003c\/spanu003eu003c\/spanu003eu003c\/bu003eu003c\/pu003ennu003cp styleu003d\"margin:0cm 0cm 10pt;text-align:justify\"u003eu003cbu003eu003cspan langu003d\"ES-TRAD\" styleu003d\"font-size:14pt;line-height:115%\"u003e&nbsp;u003c\/spanu003eu003c\/bu003eu003c\/pu003ennu003cp styleu003d\"margin:0cm 0cm 10pt;text-align:justify\"u003eu003cbu003eu003cspan langu003d\"ES-TRAD\" styleu003d\"font-size:14pt;line-height:115%\"u003e&nbsp;u003c\/spanu003eu003c\/bu003eu003c\/pu003ennu003cp styleu003d\"margin:0cm 0cm 10pt;text-align:justify\"u003eu003cbu003eu003cspan langu003d\"ES-TRAD\" styleu003d\"font-size:14pt;line-height:115%\"u003e&nbsp;u003c\/spanu003eu003c\/bu003eu003c\/pu003en\",0]  );    \/\/-->&#13;<br \/>\n  (Enamorado de ti), \u00absound track\u00bb  de la pel\u00edcula \u00abPlay ball\u00bb. <br \/>&#13;<br \/>\n  <br \/>&#13;<br \/>\n  \u00abSer\u00e1 un fiest\u00f3n para que los  seguidores de El Torito celebren con \u00e9l sus 15 exitosos a\u00f1os en la m\u00fasica y qu\u00e9  mejor ocasi\u00f3n para que Truhanes, la nueva sensaci\u00f3n de la bachata, debute ese  mismo d\u00eda para la regi\u00f3n Sur del pa\u00eds\u00bb, manifest\u00f3 Sandy Sandy, productor  del evento art\u00edstico. <\/p>\n<p>&#13;<\/p>\n<h6> 2008-10-21 22:08:39 <\/h6>\n<p><!--\n<link rel=\"stylesheet\" href=\"css\/bootstrap.min.css\">\n\n\n<ul class=\"pagination\">\n\t    \n\t\n\n<li >\n\t<a href='?page_no=20876'>Previous<\/a>\n\t<\/li>\n\n\n       \n    \n\n<li><a href='?page_no=1'>1<\/a><\/li>\n\n\n\n<li><a href='?page_no=2'>2<\/a><\/li>\n\n\n\n<li><a>...<\/a><\/li>\n\n\n\n<li><a href='?page_no=20875'>20875<\/a><\/li>\n\n\n\n<li><a href='?page_no=20876'>20876<\/a><\/li>\n\n\n\n<li class='active'><a>20877<\/a><\/li>\n\n\n\n<li><a href='?page_no=20878'>20878<\/a><\/li>\n\n\n\n<li><a href='?page_no=20879'>20879<\/a><\/li>\n\n\n\n<li><a>...<\/a><\/li>\n\n\n\n<li><a href='?page_no=22522'>22522<\/a><\/li>\n\n\n\n<li><a href='?page_no=22523'>22523<\/a><\/li>\n\n    \n\t\n\n<li >\n\t<a href='?page_no=20878'>Next<\/a>\n\t<\/li>\n\n\n    \n\n<li><a href='?page_no=22523'>Last &rsaquo;&rsaquo;<\/a><\/li>\n\n<\/ul>\n\n\n--><br \/>\n<\/body><\/p>\n","protected":false},"excerpt":{"rendered":"<p>H\u00e9ctor Acosta celebrar\u00e1 con los banilejos sus 15 a\u00f1os en el arte &#13; Santo Domingo.- H\u00e9ctor Acosta \u00abEl Torito\u00bb celebrar\u00e1 junto a los banilejos sus 15 a\u00f1os de carrera musical el pr\u00f3ximo domingo 26 de octubre en Villa Palmeras de Ban\u00ed, en una descarga de bachata, merengue y bolero. &#13; &#13; El int\u00e9rprete de \u00abEntr\u00e9gate\u00bb, [&hellip;]<\/p>\n","protected":false},"author":3,"featured_media":0,"comment_status":"open","ping_status":"open","sticky":false,"template":"","format":"standard","meta":{"footnotes":""},"categories":[25],"tags":[],"class_list":["post-92255","post","type-post","status-publish","format-standard","hentry","category-gente"],"_links":{"self":[{"href":"https:\/\/diariodominicano.com\/index.php?rest_route=\/wp\/v2\/posts\/92255","targetHints":{"allow":["GET"]}}],"collection":[{"href":"https:\/\/diariodominicano.com\/index.php?rest_route=\/wp\/v2\/posts"}],"about":[{"href":"https:\/\/diariodominicano.com\/index.php?rest_route=\/wp\/v2\/types\/post"}],"author":[{"embeddable":true,"href":"https:\/\/diariodominicano.com\/index.php?rest_route=\/wp\/v2\/users\/3"}],"replies":[{"embeddable":true,"href":"https:\/\/diariodominicano.com\/index.php?rest_route=%2Fwp%2Fv2%2Fcomments&post=92255"}],"version-history":[{"count":0,"href":"https:\/\/diariodominicano.com\/index.php?rest_route=\/wp\/v2\/posts\/92255\/revisions"}],"wp:attachment":[{"href":"https:\/\/diariodominicano.com\/index.php?rest_route=%2Fwp%2Fv2%2Fmedia&parent=92255"}],"wp:term":[{"taxonomy":"category","embeddable":true,"href":"https:\/\/diariodominicano.com\/index.php?rest_route=%2Fwp%2Fv2%2Fcategories&post=92255"},{"taxonomy":"post_tag","embeddable":true,"href":"https:\/\/diariodominicano.com\/index.php?rest_route=%2Fwp%2Fv2%2Ftags&post=92255"}],"curies":[{"name":"wp","href":"https:\/\/api.w.org\/{rel}","templated":true}]}}