{"id":92254,"date":"2008-10-21T22:11:03","date_gmt":"2008-10-21T22:11:03","guid":{"rendered":"http:\/\/diariodominicano.ddns.net\/?p=92254"},"modified":"2008-10-21T22:11:03","modified_gmt":"2008-10-21T22:11:03","slug":"espectacular-apertura-de-blue-nights","status":"publish","type":"post","link":"https:\/\/diariodominicano.com\/?p=92254","title":{"rendered":"Espectacular apertura de Blue Nights"},"content":{"rendered":"<p><body><\/p>\n<p class=\"titulogrande1\">Espectacular  apertura de Blue Nights<\/p>\n<p>&#13;<\/p>\n<p align=\"justify\" class=\"text1noticias\"><img loading=\"lazy\" decoding=\"async\" src=\"http:\/\/localhost:8080\/gente\/img\/blu nig.jpg\" width=\"375\" height=\"221\" hspace=\"4\" align=\"left\" \/>Miami,  FL, 21 de octubre del 2008.- Destacadas luminarias de la m\u00fasica y la televisi\u00f3n  se dieron cita el jueves pasado para celebrar la gran apertura del nuevo y  exclusivo centro de diversi\u00f3n nocturna Blue Nights en la ciudad de Miami,  Florida.<br \/>&#13;<br \/>\n  <br \/>&#13;<br \/>\n  \u201cFue un  placer enorme ver hecho realidad mi sue\u00f1o\u201d, coment\u00f3 <strong>H\u00e9ctor Mesa<\/strong>, due\u00f1o de Blue Nights, \u201cy la aceptaci\u00f3n del trago \u2018blue  mojito\u2019 fue todo un \u00e9xito\u201d, agreg\u00f3.<br \/>&#13;<br \/>\n  <br \/>&#13;<br \/>\n  <strong>Mirta Ren\u00e9e, Laura Ferreti,  \u00c1lvaro Ruiz, Freddy Viquez, Julio Rodr\u00edguez <\/strong>y <strong>Juan David  Ferrer,<\/strong> de la mega serie \u201cGabriel\u201d, as\u00ed como <strong>Ra\u00fal del Sol, Frank Cairo, Allan Villafa\u00f1a, Gilberto Reyes,<\/strong> <strong>Meme Sol\u00eds, Jossie Galindo e Isabel Moreno,<\/strong> entre otros, rieron con las ocurrencias de <strong>Daisy Ballmaj\u00f3, Lourdes Ruiz-Toledo <\/strong>y <strong>Omar Moynelo<\/strong>, conductores del evento, y  bailaron hasta el amanecer al ritmo de la m\u00fasica en vivo del salsero <strong>Carlos Manuel.<\/strong><br \/>&#13;<br \/>\n  <br \/>&#13;<br \/>\n  Blue Nights goza de una exquisita  decoraci\u00f3n dise\u00f1ada en su totalidad por <strong>Pedro  Balmaseda<\/strong> y <strong>Jorge Noa<\/strong> de Genoah  Interior Design, donde predominan los colores azul y blanco y las tradicionales  figuras geom\u00e9tricas caracter\u00edsticas del Art Deco, estilo arquitect\u00f3nico  representativo de la ciudad de Miami.<br \/>&#13;<br \/>\n  <br \/>&#13;<br \/>\nBlue Nights, que tendr\u00e1 cada viernes a  Carlos Manuel a las 9:00 p.m. se encuentra ubicado en el 7143 West Flagler  Street y su horario de atenci\u00f3n al p\u00fablico es de mi\u00e9rcoles a domingo, de 7:00  p.m. a 3:00 a.m.<\/p>\n<p>&#13;<\/p>\n<h6> 2008-10-21 22:11:03 <\/h6>\n<p><!--\n<link rel=\"stylesheet\" href=\"css\/bootstrap.min.css\">\n\n\n<ul class=\"pagination\">\n\t    \n\t\n\n<li >\n\t<a href='?page_no=20875'>Previous<\/a>\n\t<\/li>\n\n\n       \n    \n\n<li><a href='?page_no=1'>1<\/a><\/li>\n\n\n\n<li><a href='?page_no=2'>2<\/a><\/li>\n\n\n\n<li><a>...<\/a><\/li>\n\n\n\n<li><a href='?page_no=20874'>20874<\/a><\/li>\n\n\n\n<li><a href='?page_no=20875'>20875<\/a><\/li>\n\n\n\n<li class='active'><a>20876<\/a><\/li>\n\n\n\n<li><a href='?page_no=20877'>20877<\/a><\/li>\n\n\n\n<li><a href='?page_no=20878'>20878<\/a><\/li>\n\n\n\n<li><a>...<\/a><\/li>\n\n\n\n<li><a href='?page_no=22522'>22522<\/a><\/li>\n\n\n\n<li><a href='?page_no=22523'>22523<\/a><\/li>\n\n    \n\t\n\n<li >\n\t<a href='?page_no=20877'>Next<\/a>\n\t<\/li>\n\n\n    \n\n<li><a href='?page_no=22523'>Last &rsaquo;&rsaquo;<\/a><\/li>\n\n<\/ul>\n\n\n--><br \/>\n<\/body><\/p>\n","protected":false},"excerpt":{"rendered":"<p>Espectacular apertura de Blue Nights &#13; Miami, FL, 21 de octubre del 2008.- Destacadas luminarias de la m\u00fasica y la televisi\u00f3n se dieron cita el jueves pasado para celebrar la gran apertura del nuevo y exclusivo centro de diversi\u00f3n nocturna Blue Nights en la ciudad de Miami, Florida.&#13; &#13; \u201cFue un placer enorme ver hecho [&hellip;]<\/p>\n","protected":false},"author":3,"featured_media":0,"comment_status":"open","ping_status":"open","sticky":false,"template":"","format":"standard","meta":{"footnotes":""},"categories":[25],"tags":[],"class_list":["post-92254","post","type-post","status-publish","format-standard","hentry","category-gente"],"_links":{"self":[{"href":"https:\/\/diariodominicano.com\/index.php?rest_route=\/wp\/v2\/posts\/92254","targetHints":{"allow":["GET"]}}],"collection":[{"href":"https:\/\/diariodominicano.com\/index.php?rest_route=\/wp\/v2\/posts"}],"about":[{"href":"https:\/\/diariodominicano.com\/index.php?rest_route=\/wp\/v2\/types\/post"}],"author":[{"embeddable":true,"href":"https:\/\/diariodominicano.com\/index.php?rest_route=\/wp\/v2\/users\/3"}],"replies":[{"embeddable":true,"href":"https:\/\/diariodominicano.com\/index.php?rest_route=%2Fwp%2Fv2%2Fcomments&post=92254"}],"version-history":[{"count":0,"href":"https:\/\/diariodominicano.com\/index.php?rest_route=\/wp\/v2\/posts\/92254\/revisions"}],"wp:attachment":[{"href":"https:\/\/diariodominicano.com\/index.php?rest_route=%2Fwp%2Fv2%2Fmedia&parent=92254"}],"wp:term":[{"taxonomy":"category","embeddable":true,"href":"https:\/\/diariodominicano.com\/index.php?rest_route=%2Fwp%2Fv2%2Fcategories&post=92254"},{"taxonomy":"post_tag","embeddable":true,"href":"https:\/\/diariodominicano.com\/index.php?rest_route=%2Fwp%2Fv2%2Ftags&post=92254"}],"curies":[{"name":"wp","href":"https:\/\/api.w.org\/{rel}","templated":true}]}}