{"id":92252,"date":"2008-10-21T22:25:00","date_gmt":"2008-10-21T22:25:00","guid":{"rendered":"http:\/\/diariodominicano.ddns.net\/?p=92252"},"modified":"2008-10-21T22:25:00","modified_gmt":"2008-10-21T22:25:00","slug":"camila-se-presenta-en-espana","status":"publish","type":"post","link":"https:\/\/diariodominicano.com\/?p=92252","title":{"rendered":"Camila se presenta en Espa\u00f1a"},"content":{"rendered":"<p><body><\/p>\n<p class=\"titulogrande1\">Camila  se presenta en Espa\u00f1a<\/p>\n<p>&#13;<\/p>\n<p align=\"justify\" class=\"text1noticias\"><img loading=\"lazy\" decoding=\"async\" src=\"http:\/\/localhost:8080\/gente\/img\/camila concer.jpg\" width=\"375\" height=\"251\" hspace=\"4\" align=\"left\" \/>Miami, FL.- Un d\u00eda antes de  su presentaci\u00f3n en Barcelona, se han agotado todas las localidades, puestas a  la venta, para el concierto que Camila ofrecer\u00e1 este mi\u00e9rcoles 22 de octubre,  en la Sala Bikini. <\/p>\n<p>&#13;<\/p>\n<p align=\"justify\" class=\"text1noticias\">La gran expectaci\u00f3n que est\u00e1  despertando el tr\u00edo mexicano en su primera gira espa\u00f1ola, donde est\u00e1  presentando su \u00e1lbum \u201cTodo Cambi\u00f3\u201d,\u00a0 ha  conseguido que el \u00e9xito les haya acompa\u00f1ado en todas las ciudades por donde han  presentado su \u00e1lbum debut. Una gira que ma\u00f1ana llegar\u00e1 a Barcelona y se  despedir\u00e1 de Espa\u00f1a el pr\u00f3ximo jueves 23 de octubre en Valencia, donde los fans  tendr\u00e1n la oportunidad de adquirir las \u00faltimas localidades para el concierto de  la Sala El  Loco.<\/p>\n<p>&#13;<\/p>\n<p align=\"justify\" class=\"text1noticias\">Triple disco de platino en  Estados Unidos, triple platino en M\u00e9xico, disco de oro en Centroam\u00e9rica, oro en  Colombia, oro en Venezuela, cerca de 1 mill\u00f3n de ejemplares vendidos en todo el  mundo, 100 semanas en las listas de ventas mexicanas, dos premios Billboard  Latino 2008 (\u00c1lbum Pop y Canci\u00f3n Pop m\u00e1s radiada con Todo cambi\u00f3), una  nominaci\u00f3n al Latin GRAMMY\u00ae, dos premios MTV y dos Lo Nuestro, m\u00e1s de 180  conciertos por todo el continente americano, desde Cochabamba, Bolivia, a Los  Angeles. <\/p>\n<p>&#13;<\/p>\n<p align=\"justify\" class=\"text1noticias\">Es el palmar\u00e9s de Camila,  tr\u00edo mexicano formado por Mario Domm, Pablo Hurtado y Samo, que con su primer  disco \u201cTodo cambi\u00f3\u201d se ha convertido en un fen\u00f3meno de los que entran pocos en  cada d\u00e9cada.<\/p>\n<p>&#13;<\/p>\n<p align=\"justify\" class=\"text1noticias\">Camila est\u00e1 liderado por  Mario Domm, reconocido productor y compositor, impulsor de \u00e9xitos para Kalimba,  Reyli, Alejandra Guzm\u00e1n y Sin Bandera. Naci\u00f3 en Torre\u00f3n (Coahuila, M\u00e9xico) en  1977 y en la Escuela   Nacional de M\u00fasica del D.F. aprendi\u00f3 canto, solfeo, piano,  armon\u00eda y contrapunto. Tras grabar un disco como solista (Mexi-Funky-Music), se  uni\u00f3 a Pablo Hurtado y Samo, tambi\u00e9n experimentados m\u00fasicos, para formar  Camila. Con su primer disco, Mario (voz, piano, producci\u00f3n), Pablo (guitarra) y  Samo (voz) han situado su pop elegante en lo m\u00e1s alto de la m\u00fasica cantada en  espa\u00f1ol.<\/p>\n<p>&#13;<\/p>\n<p align=\"justify\" class=\"text1noticias\">Camila se encuentra ya  trabajando en su pr\u00f3ximo disco que presentar\u00e1n a mediados del 2009.<\/p>\n<p>&#13;<\/p>\n<h6> 2008-10-21 22:25:00 <\/h6>\n<p><!--\n<link rel=\"stylesheet\" href=\"css\/bootstrap.min.css\">\n\n\n<ul class=\"pagination\">\n\t    \n\t\n\n<li >\n\t<a href='?page_no=20873'>Previous<\/a>\n\t<\/li>\n\n\n       \n    \n\n<li><a href='?page_no=1'>1<\/a><\/li>\n\n\n\n<li><a href='?page_no=2'>2<\/a><\/li>\n\n\n\n<li><a>...<\/a><\/li>\n\n\n\n<li><a href='?page_no=20872'>20872<\/a><\/li>\n\n\n\n<li><a href='?page_no=20873'>20873<\/a><\/li>\n\n\n\n<li class='active'><a>20874<\/a><\/li>\n\n\n\n<li><a href='?page_no=20875'>20875<\/a><\/li>\n\n\n\n<li><a href='?page_no=20876'>20876<\/a><\/li>\n\n\n\n<li><a>...<\/a><\/li>\n\n\n\n<li><a href='?page_no=22522'>22522<\/a><\/li>\n\n\n\n<li><a href='?page_no=22523'>22523<\/a><\/li>\n\n    \n\t\n\n<li >\n\t<a href='?page_no=20875'>Next<\/a>\n\t<\/li>\n\n\n    \n\n<li><a href='?page_no=22523'>Last &rsaquo;&rsaquo;<\/a><\/li>\n\n<\/ul>\n\n\n--><br \/>\n<\/body><\/p>\n","protected":false},"excerpt":{"rendered":"<p>Camila se presenta en Espa\u00f1a &#13; Miami, FL.- Un d\u00eda antes de su presentaci\u00f3n en Barcelona, se han agotado todas las localidades, puestas a la venta, para el concierto que Camila ofrecer\u00e1 este mi\u00e9rcoles 22 de octubre, en la Sala Bikini. &#13; La gran expectaci\u00f3n que est\u00e1 despertando el tr\u00edo mexicano en su primera gira [&hellip;]<\/p>\n","protected":false},"author":3,"featured_media":0,"comment_status":"open","ping_status":"open","sticky":false,"template":"","format":"standard","meta":{"footnotes":""},"categories":[25],"tags":[],"class_list":["post-92252","post","type-post","status-publish","format-standard","hentry","category-gente"],"_links":{"self":[{"href":"https:\/\/diariodominicano.com\/index.php?rest_route=\/wp\/v2\/posts\/92252","targetHints":{"allow":["GET"]}}],"collection":[{"href":"https:\/\/diariodominicano.com\/index.php?rest_route=\/wp\/v2\/posts"}],"about":[{"href":"https:\/\/diariodominicano.com\/index.php?rest_route=\/wp\/v2\/types\/post"}],"author":[{"embeddable":true,"href":"https:\/\/diariodominicano.com\/index.php?rest_route=\/wp\/v2\/users\/3"}],"replies":[{"embeddable":true,"href":"https:\/\/diariodominicano.com\/index.php?rest_route=%2Fwp%2Fv2%2Fcomments&post=92252"}],"version-history":[{"count":0,"href":"https:\/\/diariodominicano.com\/index.php?rest_route=\/wp\/v2\/posts\/92252\/revisions"}],"wp:attachment":[{"href":"https:\/\/diariodominicano.com\/index.php?rest_route=%2Fwp%2Fv2%2Fmedia&parent=92252"}],"wp:term":[{"taxonomy":"category","embeddable":true,"href":"https:\/\/diariodominicano.com\/index.php?rest_route=%2Fwp%2Fv2%2Fcategories&post=92252"},{"taxonomy":"post_tag","embeddable":true,"href":"https:\/\/diariodominicano.com\/index.php?rest_route=%2Fwp%2Fv2%2Ftags&post=92252"}],"curies":[{"name":"wp","href":"https:\/\/api.w.org\/{rel}","templated":true}]}}