{"id":92251,"date":"2008-10-22T05:21:48","date_gmt":"2008-10-22T05:21:48","guid":{"rendered":"http:\/\/diariodominicano.ddns.net\/?p=92251"},"modified":"2008-10-22T05:21:48","modified_gmt":"2008-10-22T05:21:48","slug":"tono-esperaba-un-rol-importante-en-aniversario-de-los-rosario","status":"publish","type":"post","link":"https:\/\/diariodominicano.com\/?p=92251","title":{"rendered":"To\u00f1o esperaba un rol importante en aniversario de Los Rosario"},"content":{"rendered":"<p><body><\/p>\n<p align=\"center\" class=\"titulogrande1\"><strong>To\u00f1o esperaba un rol importante en aniversario de  Los Rosario<\/strong><\/p>\n<p>&#13;<\/p>\n<p align=\"justify\" class=\"text1noticias\"><img loading=\"lazy\" decoding=\"async\" src=\"http:\/\/localhost:8080\/gente\/img\/tono new.jpg\" width=\"375\" height=\"563\" hspace=\"4\" align=\"left\" \/>El  merenguero To\u00f1o Rosario nunca se neg\u00f3 a participar en el espect\u00e1culo de  aniversario de Los Rosario, por el contrario, desde que su hermano Rafa, quien  lidera la orquesta, le plante\u00f3 la idea se revel\u00f3 con gran entusiasmo y de  inmediato comenz\u00f3 a desarollar sus aportes que desde el punto de vista  art\u00edstico har\u00eda al proyecto.<br \/>&#13;<br \/>\n  <br \/>&#13;<br \/>\n  Es decir,  To\u00f1o esperaba ser parte de la producci\u00f3n, pero en un rol importante, en un  papel protag\u00f3nico en iguales t\u00e9rminos junto a sus hermanos.<br \/>&#13;<br \/>\n  <br \/>&#13;<br \/>\n  Sin embargo To\u00f1o Rosario fue relegado a un segundo plano, como un invitado  m\u00e1s, donde har\u00eda dos canciones, acci\u00f3n que no le agrad\u00f3 al artista, dado el hecho que forma parte importante de la historia de esa agrupaci\u00f3n que hoy  arriba a treinta a\u00f1os de  existencia.<br \/>&#13;<br \/>\n  <br \/>&#13;<br \/>\n  Entend\u00eda que deb\u00eda ser una celebraci\u00f3n  conjunta de la familia a su p\u00fablico, sin uno sobresalir sobre el otro.<br \/>&#13;<br \/>\n  <br \/>&#13;<br \/>\n  \u201cC\u00f3mo perderme un momento tan  memorable como ese junto a mis queridos hermanos, pero con el dolor de mi alma  tendr\u00e1 que ser as\u00ed porque esperaba tener en ese show el espacio que me gan\u00e9 en  esa agrupaci\u00f3n al iniciarlo a todos en esta carrera y ser parte de la historia  de un proyecto familiar que hoy sigue dando frutos\u201d, expres\u00f3 \u201cEl Kuko\u201d.<br \/>&#13;<br \/>\n  <br \/>&#13;<br \/>\n  A seguidas agreg\u00f3: \u201cRafa, Luis, Tony,  Francis y yo, todos deb\u00edamos ir por igual en un verdadera fiesta aniversaria y  que desde el cielo nuestro fenecido hermano Pepe tambi\u00e9n celebrar\u00e1 con  nosotros, pero que tambi\u00e9n integr\u00e1ramos a nuestros hijos que han seguido este camino  porque a ellos les tocar\u00e1 mantener viva esta historia\u201d.<br \/>&#13;<br \/>\n  <br \/>&#13;<br \/>\n  En cambio le augur\u00f3 \u00e9xito en las  jornadas musicales programadas \u201cporque ellos se lo merecen y sus logros son  tambi\u00e9n los m\u00edos\u201d.<\/p>\n<p>&#13;<\/p>\n<h6> 2008-10-22 05:21:48 <\/h6>\n<p><!--\n<link rel=\"stylesheet\" href=\"css\/bootstrap.min.css\">\n\n\n<ul class=\"pagination\">\n\t    \n\t\n\n<li >\n\t<a href='?page_no=20872'>Previous<\/a>\n\t<\/li>\n\n\n       \n    \n\n<li><a href='?page_no=1'>1<\/a><\/li>\n\n\n\n<li><a href='?page_no=2'>2<\/a><\/li>\n\n\n\n<li><a>...<\/a><\/li>\n\n\n\n<li><a href='?page_no=20871'>20871<\/a><\/li>\n\n\n\n<li><a href='?page_no=20872'>20872<\/a><\/li>\n\n\n\n<li class='active'><a>20873<\/a><\/li>\n\n\n\n<li><a href='?page_no=20874'>20874<\/a><\/li>\n\n\n\n<li><a href='?page_no=20875'>20875<\/a><\/li>\n\n\n\n<li><a>...<\/a><\/li>\n\n\n\n<li><a href='?page_no=22522'>22522<\/a><\/li>\n\n\n\n<li><a href='?page_no=22523'>22523<\/a><\/li>\n\n    \n\t\n\n<li >\n\t<a href='?page_no=20874'>Next<\/a>\n\t<\/li>\n\n\n    \n\n<li><a href='?page_no=22523'>Last &rsaquo;&rsaquo;<\/a><\/li>\n\n<\/ul>\n\n\n--><br \/>\n<\/body><\/p>\n","protected":false},"excerpt":{"rendered":"<p>To\u00f1o esperaba un rol importante en aniversario de Los Rosario &#13; El merenguero To\u00f1o Rosario nunca se neg\u00f3 a participar en el espect\u00e1culo de aniversario de Los Rosario, por el contrario, desde que su hermano Rafa, quien lidera la orquesta, le plante\u00f3 la idea se revel\u00f3 con gran entusiasmo y de inmediato comenz\u00f3 a desarollar [&hellip;]<\/p>\n","protected":false},"author":3,"featured_media":0,"comment_status":"open","ping_status":"open","sticky":false,"template":"","format":"standard","meta":{"footnotes":""},"categories":[25],"tags":[],"class_list":["post-92251","post","type-post","status-publish","format-standard","hentry","category-gente"],"_links":{"self":[{"href":"https:\/\/diariodominicano.com\/index.php?rest_route=\/wp\/v2\/posts\/92251","targetHints":{"allow":["GET"]}}],"collection":[{"href":"https:\/\/diariodominicano.com\/index.php?rest_route=\/wp\/v2\/posts"}],"about":[{"href":"https:\/\/diariodominicano.com\/index.php?rest_route=\/wp\/v2\/types\/post"}],"author":[{"embeddable":true,"href":"https:\/\/diariodominicano.com\/index.php?rest_route=\/wp\/v2\/users\/3"}],"replies":[{"embeddable":true,"href":"https:\/\/diariodominicano.com\/index.php?rest_route=%2Fwp%2Fv2%2Fcomments&post=92251"}],"version-history":[{"count":0,"href":"https:\/\/diariodominicano.com\/index.php?rest_route=\/wp\/v2\/posts\/92251\/revisions"}],"wp:attachment":[{"href":"https:\/\/diariodominicano.com\/index.php?rest_route=%2Fwp%2Fv2%2Fmedia&parent=92251"}],"wp:term":[{"taxonomy":"category","embeddable":true,"href":"https:\/\/diariodominicano.com\/index.php?rest_route=%2Fwp%2Fv2%2Fcategories&post=92251"},{"taxonomy":"post_tag","embeddable":true,"href":"https:\/\/diariodominicano.com\/index.php?rest_route=%2Fwp%2Fv2%2Ftags&post=92251"}],"curies":[{"name":"wp","href":"https:\/\/api.w.org\/{rel}","templated":true}]}}