{"id":92250,"date":"2008-10-22T17:08:33","date_gmt":"2008-10-22T17:08:33","guid":{"rendered":"http:\/\/diariodominicano.ddns.net\/?p=92250"},"modified":"2008-10-22T17:08:33","modified_gmt":"2008-10-22T17:08:33","slug":"pavel-nunez-continua-su-gira-universitaria-en-santiago","status":"publish","type":"post","link":"https:\/\/diariodominicano.com\/?p=92250","title":{"rendered":"Pavel N\u00fa\u00f1ez contin\u00faa su gira universitaria en Santiago"},"content":{"rendered":"<p><body><\/p>\n<p align=\"center\" class=\"titulogrande1\"><strong>Pavel N\u00fa\u00f1ez  contin\u00faa su gira universitaria en Santiago <\/strong> <\/p>\n<p>&#13;<\/p>\n<p align=\"justify\" class=\"text1noticias\"><strong><img loading=\"lazy\" decoding=\"async\" src=\"http:\/\/localhost:8080\/gente\/img\/pave nune.jpg\" width=\"375\" height=\"823\" hspace=\"4\" align=\"left\" \/>Santo Domingo,  Rep\u00fablica Dominicana.-<\/strong> Pavel N\u00fa\u00f1ez se presenta este viernes 24 de octubre en  la Universidad   Tecnol\u00f3gica de Santiago (UTESA) a partir de las ocho de la  noche, en la continuaci\u00f3n de su s\u00e9ptima gira universitaria, con un espect\u00e1culo  gratuito para la poblaci\u00f3n estudiantil del centro acad\u00e9mico. <\/p>\n<p>&#13;<\/p>\n<p align=\"justify\" class=\"text1noticias\">Junto con\u00a0\u00e9l llega Calor  Urbano y el cantante cubano Michelle Fragoso para presentarse con sus mejores  galas musicales en un show preparado de manera especial para \u00abLa Ciudad Coraz\u00f3n\u00bb.&#13;<br \/>\n  <!--  D([\"mb\",\"u003c\/fontu003eu003c\/fontu003eu003c\/spanu003eu003c\/divu003ennu003cdiv styleu003d\"margin:0cm 0cm 0pt;text-align:justify\"u003eu003cspan langu003d\"ES-DO\"u003eu003cfont sizeu003d\"3\"u003eu003cfont faceu003d\"courier new,monospace\"u003eu003c\/fontu003eu003c\/fontu003eu003c\/spanu003e&nbsp;u003c\/divu003enu003cdiv styleu003d\"margin:0cm 0cm 0pt;text-align:justify\"u003eu003cspan langu003d\"ES-DO\"u003eu003cfont sizeu003d\"3\"u003eu003cfont faceu003d\"courier new,monospace\"u003eu0026quot;Los Caloresu0026quot; que vienen de abrir los concierto de Juan Lu&iacute;s Guerra en Estados Unidos&nbsp;han sido de gran valor para la gira ya que con su chispa&nbsp;encienden al p&uacute;blico universitario que conoce de su m&uacute;sica y la disfruta.u003c\/fontu003eu003c\/fontu003eu003c\/spanu003eu003c\/divu003ennu003cp styleu003d\"margin:0cm 0cm 0pt;text-align:justify\"u003eu003cspan langu003d\"ES-DO\"u003eu003cfont faceu003d\"courier new,monospace\" sizeu003d\"3\"u003e&nbsp;u003c\/fontu003eu003c\/spanu003eu003c\/pu003enu003cp styleu003d\"margin:0cm 0cm 0pt;text-align:justify\"u003eu003cspan langu003d\"ES-DO\"u003eu003cfont sizeu003d\"3\"u003eu003cfont faceu003d\"courier new,monospace\"u003eTodos los a&ntilde;os Pavel N&uacute;&ntilde;ez tiene una cita obligada en Santiago donde su p&uacute;blico lo aclama con avidez y en esta oportunidad podr&aacute; disfrutar de sus mejores canciones junto a la agrupaci&oacute;n u0026quot;El Corredor de la 27u0026quot;.u003c\/fontu003eu003c\/fontu003eu003c\/spanu003eu003c\/pu003ennu003cp styleu003d\"margin:0cm 0cm 0pt;text-align:justify\"u003eu003cspan langu003d\"ES-DO\"u003eu003cfont faceu003d\"courier new,monospace\" sizeu003d\"3\"u003e&nbsp;u003c\/fontu003eu003c\/spanu003eu003c\/pu003enu003cp styleu003d\"margin:0cm 0cm 0pt;text-align:justify\"u003eu003cspan langu003d\"ES-DO\"u003eu003cfont sizeu003d\"3\"u003eu003cfont faceu003d\"courier new,monospace\"u003eLa composici&oacute;n u0026quot;Santiago de Frenteu0026quot; es una muestra de lo que significa para N&uacute;&ntilde;ez esta ciudad la cual define como la cantera inagotable de inspiraci&oacute;n que le ha permitido vivir situaciones memorables en su carrera.u003c\/fontu003eu003c\/fontu003eu003c\/spanu003eu003c\/pu003ennu003cp styleu003d\"margin:0cm 0cm 0pt;text-align:justify\"u003eu003cspan langu003d\"ES-DO\"u003eu003cfont faceu003d\"courier new,monospace\" sizeu003d\"3\"u003e&nbsp;u003c\/fontu003eu003c\/spanu003eu003c\/pu003enu003cp styleu003d\"margin:0cm 0cm 0pt;text-align:justify\"u003eu003cspan langu003d\"ES-DO\"u003eu003cfont sizeu003d\"3\"u003eu003cfont faceu003d\"courier new,monospace\"u003eu0026quot;Santiago siempre ha sido una ciudad rom&aacute;ntica y llena de magia por ello es de mis lugares preferidos para cantaru0026quot;, dice el int&eacute;rprete de u0026quot;Paso a Pasou0026quot;, quien agrega: u0026quot;sin Santiago mi carrera no ser&iacute;a la mismau0026quot;.u003c\/fontu003e\",1]  );    \/\/-->&#13;\n<\/p>\n<p>&#13;<\/p>\n<p align=\"justify\" class=\"text1noticias\">\u00abLos Calores\u00bb que  vienen de abrir los concierto de Juan Lu\u00eds Guerra en Estados Unidos\u00a0han  sido de gran valor para la gira ya que con su chispa\u00a0encienden al p\u00fablico  universitario que conoce de su m\u00fasica y la disfruta. <\/p>\n<p>&#13;<\/p>\n<p align=\"justify\" class=\"text1noticias\">Todos los a\u00f1os  Pavel N\u00fa\u00f1ez tiene una cita obligada en Santiago donde su p\u00fablico lo aclama con  avidez y en esta oportunidad podr\u00e1 disfrutar de sus mejores canciones junto a  la agrupaci\u00f3n \u00abEl Corredor de la 27\u00bb. <\/p>\n<p>&#13;<\/p>\n<p align=\"justify\" class=\"text1noticias\">La composici\u00f3n  \u00abSantiago de Frente\u00bb es una muestra de lo que significa para N\u00fa\u00f1ez  esta ciudad la cual define como la cantera inagotable de inspiraci\u00f3n que le ha  permitido vivir situaciones memorables en su carrera. <\/p>\n<p>&#13;<\/p>\n<p align=\"justify\" class=\"text1noticias\">\u00abSantiago  siempre ha sido una ciudad rom\u00e1ntica y llena de magia por ello es de mis  lugares preferidos para cantar\u00bb, dice el int\u00e9rprete de \u00abPaso a  Paso\u00bb, quien agrega: \u00absin Santiago mi carrera no ser\u00eda la  misma\u00bb.&#13;<br \/>\n  <!--  D([\"mb\",\"u003c\/fontu003eu003c\/spanu003eu003c\/pu003ennu003cp styleu003d\"margin:0cm 0cm 0pt;text-align:justify\"u003eu003cspan langu003d\"ES-DO\"u003eu003cfont faceu003d\"courier new,monospace\" sizeu003d\"3\"u003e&nbsp;u003c\/fontu003eu003c\/spanu003eu003c\/pu003enu003cp styleu003d\"margin:0cm 0cm 0pt;text-align:justify\"u003eu003cfont sizeu003d\"3\"u003eu003cfont faceu003d\"courier new,monospace\"u003eu003cspan langu003d\"ES-DO\"u003e2008 hau003c\/spanu003eu003cspan langu003d\"ES-DO\"u003e sido un gran a&ntilde;o para el joven artistas, imponi&eacute;ndose nuevamente como el cantante solista m&aacute;s exitoso del momento dada la acogida lograda con su gira universitaria que ya se present&oacute; en San Francisco de Macor&iacute;s, San Pedro y este viernes ancla en Santiago.u003c\/spanu003eu003c\/fontu003eu003c\/fontu003eu003c\/pu003ennu003cp styleu003d\"margin:0cm 0cm 0pt;text-align:justify\"u003eu003cspan langu003d\"ES-DO\"u003eu003cfont faceu003d\"courier new,monospace\" sizeu003d\"3\"u003e&nbsp;u003c\/fontu003eu003c\/spanu003eu003c\/pu003enu003cp styleu003d\"margin:0cm 0cm 0pt;text-align:justify\"u003eu003cspan langu003d\"ES-DO\"u003eu003cfont sizeu003d\"3\"u003eu003cfont faceu003d\"courier new,monospace\"u003eu0026quot;Seguimos trabajando arduamente para traer propuestas novedosas al p&uacute;blico que nos ha respaldado desde que iniciamos con nuestra carrerau0026quot;, dice el seis veces ganador del premio Casandra, principal galard&oacute;n del arte dominicano.u003c\/fontu003eu003c\/fontu003eu003c\/spanu003eu003c\/pu003ennu003cp styleu003d\"margin:0cm 0cm 0pt;text-align:justify\"u003eu003cspan langu003d\"ES-DO\"u003eu003cfont faceu003d\"courier new,monospace\" sizeu003d\"3\"u003e&nbsp;u003c\/fontu003eu003c\/spanu003eu003c\/pu003enu003cp styleu003d\"margin:0cm 0cm 0pt;text-align:justify\"u003eu003cspan langu003d\"ES-DO\"u003eu003cfont sizeu003d\"3\"u003eu003cfont faceu003d\"courier new,monospace\"u003eEl cierre de la gira universitaria ser&aacute; en Santo Domingo con un concierto multitudinario que reunir&aacute; a varios artistas invitados en una confluencia de g&eacute;neros pocas veces vista.u003c\/fontu003eu003c\/fontu003eu003c\/spanu003eu003c\/pu003ennu003cp styleu003d\"margin:0cm 0cm 0pt;text-align:justify\"u003eu003cspan langu003d\"ES-DO\"u003eu003cfont faceu003d\"courier new,monospace\" sizeu003d\"3\"u003e&nbsp;u003c\/fontu003eu003c\/spanu003eu003c\/pu003enu003cp styleu003d\"margin:0cm 0cm 0pt;text-align:justify\"u003eu003cspan langu003d\"ES-DO\"u003eu003cfont sizeu003d\"3\"u003eu003cfont faceu003d\"courier new,monospace\"u003eLuego de agotada la gira Universitaria, N&uacute;&ntilde;ez cerrar&aacute; el a&ntilde;o con un tour de 15 conciertos por todo el pa&iacute;s que lo llevar&aacute; por lugares donde no hab&iacute;a tocado antes.u003c\/fontu003eu003c\/fontu003eu003c\/spanu003eu003c\/pu003ennu003cp styleu003d\"margin:0cm 0cm 0pt;text-align:justify\"u003eu003cspan langu003d\"ES-DO\"u003e\",1]  );    \/\/-->&#13;\n<\/p>\n<p>&#13;<\/p>\n<p align=\"justify\" class=\"text1noticias\">2008 ha sido un gran a\u00f1o para el  joven artistas, imponi\u00e9ndose nuevamente como el cantante solista m\u00e1s exitoso  del momento dada la acogida lograda con su gira universitaria que ya se  present\u00f3 en San Francisco de Macor\u00eds, San Pedro y este viernes ancla en  Santiago. <\/p>\n<p>&#13;<\/p>\n<p align=\"justify\" class=\"text1noticias\">\u00abSeguimos  trabajando arduamente para traer propuestas novedosas al p\u00fablico que nos ha  respaldado desde que iniciamos con nuestra carrera\u00bb, dice el seis veces  ganador del premio Casandra, principal galard\u00f3n del arte dominicano. <\/p>\n<p>&#13;<\/p>\n<p align=\"justify\" class=\"text1noticias\">&#13;<br \/>\nEl cierre de la  gira universitaria ser\u00e1 en Santo Domingo con un concierto multitudinario que  reunir\u00e1 a varios artistas invitados en una confluencia de g\u00e9neros pocas veces  vista. <\/p>\n<p>&#13;<\/p>\n<p align=\"justify\" class=\"text1noticias\">Luego de agotada la  gira Universitaria, N\u00fa\u00f1ez cerrar\u00e1 el a\u00f1o con un tour de 15 conciertos por todo  el pa\u00eds que lo llevar\u00e1 por lugares donde no hab\u00eda tocado antes. <\/p>\n<p>&#13;<\/p>\n<h6> 2008-10-22 17:08:33 <\/h6>\n<p><!--\n<link rel=\"stylesheet\" href=\"css\/bootstrap.min.css\">\n\n\n<ul class=\"pagination\">\n\t    \n\t\n\n<li >\n\t<a href='?page_no=20871'>Previous<\/a>\n\t<\/li>\n\n\n       \n    \n\n<li><a href='?page_no=1'>1<\/a><\/li>\n\n\n\n<li><a href='?page_no=2'>2<\/a><\/li>\n\n\n\n<li><a>...<\/a><\/li>\n\n\n\n<li><a href='?page_no=20870'>20870<\/a><\/li>\n\n\n\n<li><a href='?page_no=20871'>20871<\/a><\/li>\n\n\n\n<li class='active'><a>20872<\/a><\/li>\n\n\n\n<li><a href='?page_no=20873'>20873<\/a><\/li>\n\n\n\n<li><a href='?page_no=20874'>20874<\/a><\/li>\n\n\n\n<li><a>...<\/a><\/li>\n\n\n\n<li><a href='?page_no=22522'>22522<\/a><\/li>\n\n\n\n<li><a href='?page_no=22523'>22523<\/a><\/li>\n\n    \n\t\n\n<li >\n\t<a href='?page_no=20873'>Next<\/a>\n\t<\/li>\n\n\n    \n\n<li><a href='?page_no=22523'>Last &rsaquo;&rsaquo;<\/a><\/li>\n\n<\/ul>\n\n\n--><br \/>\n<\/body><\/p>\n","protected":false},"excerpt":{"rendered":"<p>Pavel N\u00fa\u00f1ez contin\u00faa su gira universitaria en Santiago &#13; Santo Domingo, Rep\u00fablica Dominicana.- Pavel N\u00fa\u00f1ez se presenta este viernes 24 de octubre en la Universidad Tecnol\u00f3gica de Santiago (UTESA) a partir de las ocho de la noche, en la continuaci\u00f3n de su s\u00e9ptima gira universitaria, con un espect\u00e1culo gratuito para la poblaci\u00f3n estudiantil del centro [&hellip;]<\/p>\n","protected":false},"author":3,"featured_media":0,"comment_status":"open","ping_status":"open","sticky":false,"template":"","format":"standard","meta":{"footnotes":""},"categories":[25],"tags":[],"class_list":["post-92250","post","type-post","status-publish","format-standard","hentry","category-gente"],"_links":{"self":[{"href":"https:\/\/diariodominicano.com\/index.php?rest_route=\/wp\/v2\/posts\/92250","targetHints":{"allow":["GET"]}}],"collection":[{"href":"https:\/\/diariodominicano.com\/index.php?rest_route=\/wp\/v2\/posts"}],"about":[{"href":"https:\/\/diariodominicano.com\/index.php?rest_route=\/wp\/v2\/types\/post"}],"author":[{"embeddable":true,"href":"https:\/\/diariodominicano.com\/index.php?rest_route=\/wp\/v2\/users\/3"}],"replies":[{"embeddable":true,"href":"https:\/\/diariodominicano.com\/index.php?rest_route=%2Fwp%2Fv2%2Fcomments&post=92250"}],"version-history":[{"count":0,"href":"https:\/\/diariodominicano.com\/index.php?rest_route=\/wp\/v2\/posts\/92250\/revisions"}],"wp:attachment":[{"href":"https:\/\/diariodominicano.com\/index.php?rest_route=%2Fwp%2Fv2%2Fmedia&parent=92250"}],"wp:term":[{"taxonomy":"category","embeddable":true,"href":"https:\/\/diariodominicano.com\/index.php?rest_route=%2Fwp%2Fv2%2Fcategories&post=92250"},{"taxonomy":"post_tag","embeddable":true,"href":"https:\/\/diariodominicano.com\/index.php?rest_route=%2Fwp%2Fv2%2Ftags&post=92250"}],"curies":[{"name":"wp","href":"https:\/\/api.w.org\/{rel}","templated":true}]}}