{"id":92248,"date":"2008-10-27T15:49:43","date_gmt":"2008-10-27T15:49:43","guid":{"rendered":"http:\/\/diariodominicano.ddns.net\/?p=92248"},"modified":"2008-10-27T15:49:43","modified_gmt":"2008-10-27T15:49:43","slug":"el-cubano-michelle-fragoso-esta-listo-para-la-casa","status":"publish","type":"post","link":"https:\/\/diariodominicano.com\/?p=92248","title":{"rendered":"El Cubano Michelle Fragoso est\u00e1 listo para La Casa"},"content":{"rendered":"<p><body><\/p>\n<p align=\"center\" class=\"titulogrande1\"><strong>El Cubano Michelle  Fragoso est\u00e1 listo para La Casa<\/strong> <\/p>\n<p>&#13;<\/p>\n<p align=\"justify\" class=\"text1noticias\"><strong><img loading=\"lazy\" decoding=\"async\" src=\"http:\/\/localhost:8080\/gente\/img\/miche frago.jpg\" width=\"375\" height=\"800\" hspace=\"4\" align=\"left\" \/>Santo Domingo,  Rep\u00fablica Dominicana.-<\/strong> El cantante cubano Michelle Fragoso presenta su  primer concierto en solitario en el pa\u00eds este s\u00e1bado 1 de noviembre en Casa de  Teatro a las 10:00 de la noche bajo el t\u00edtulo \u00abCosas\u00bb. <\/p>\n<p>&#13;<\/p>\n<p align=\"justify\" class=\"text1noticias\">Dentro de los  atractivos que promete, se anuncia la actuaci\u00f3n en conjunto de H\u00e9ctor Pay\u00e1n,  director del grupo Los Paimas\u00ed, en compa\u00f1\u00eda de sus hijos Lu\u00eds y Rafa Pay\u00e1n en  un jammeo que ser\u00e1 una descarga musical extraordinaria. <\/p>\n<p>&#13;<\/p>\n<p align=\"justify\" class=\"text1noticias\">\u00abConsidero que  la participaci\u00f3n de Los Pay\u00e1n en mi concierto ser\u00e1 un elemento que har\u00e1 gozar  al p\u00fablico y dar\u00e1 de qu\u00e9 hablar\u00bb, dice Michelle. <\/p>\n<p>&#13;<\/p>\n<p align=\"justify\" class=\"text1noticias\">Adem\u00e1s Pavel N\u00fa\u00f1ez  dir\u00e1 presente como invitado especial de la noche con quien Fragoso pretende  interpretar algunas canciones de su predilecci\u00f3n. <\/p>\n<p>&#13;<\/p>\n<p align=\"justify\" class=\"text1noticias\">Seg\u00fan  el\u00a0pianista cubano,\u00a0durante\u00a0su concierto el  p\u00fablico\u00a0disfrutar\u00e1 de lo mejor de su repertorio que ya se deja sentir en  la radio local con la canci\u00f3n \u00abEsta Condena\u00bb. <\/p>\n<p>&#13;<\/p>\n<p align=\"justify\" class=\"text1noticias\">Tambi\u00e9n se le ver\u00e1  navegando en todas sus facetas tanto como cantante de Rock, Timba, Jazz y Hip  Hop al tiempo que aprovechar\u00e1 para interpretar varios instrumentos como  guitarra y el bajo adem\u00e1s del piano. <\/p>\n<p>&#13;<\/p>\n<p align=\"justify\" class=\"text1noticias\">Se\u00a0hace  acompa\u00f1ar de los m\u00fasicos Rafa Pay\u00e1n en la guitarra, Peter Nova en el bajo y Guy  Fr\u00f3meta en la bater\u00eda, quienes se han reunido en aras de que el debut de  Fragoso sea de excepci\u00f3n. <\/p>\n<p>&#13;<\/p>\n<p align=\"justify\" class=\"text1noticias\">Las canciones que  promueve Michelle en el pa\u00eds son\u00a0 \u00abVeneno\u00bb, \u00abSeremos lo  mismo\u00bb y \u00abEsta Condena\u00bb, con las cuales conf\u00eda ganarse al  p\u00fablico urbano. <\/p>\n<p>&#13;<\/p>\n<p align=\"justify\" class=\"text1noticias\">Se anunci\u00f3 que todo  el que asista al recital se llevar\u00e1 un cd con el nuevo sencillo \u00abEsta  Condena\u00bb y la oportunidad de disfrutar de un artista original que anclar\u00e1  en el gusto de la gente. <\/p>\n<p>&#13;<\/p>\n<p align=\"justify\" class=\"text1noticias\">Michelle Fragoso ha  colaborado y grabado con artistas como Ricky Martin, Lu\u00eds Enrique, Amaury  Gutierrez y Francisco C\u00e9spedes. <\/p>\n<p>&#13;<\/p>\n<p align=\"justify\" class=\"text1noticias\">Seg\u00fan \u00e9l su m\u00fasica\u00a0 nace de la necesidad de  expresar las m\u00faltiples influencias musicales que lo han formado como\u00a0  int\u00e9rprete entre las que menciona el Pop, jazz, rock, timba, hip hop y R&amp;B,  ritmos con los cuales Fragoso experimenta en sus presentaciones por lo que el  show de Casa de Teatro tendr\u00e1 mucho color.<\/p>\n<p>&#13;<\/p>\n<h6> 2008-10-27 15:49:43 <\/h6>\n<p><!--\n<link rel=\"stylesheet\" href=\"css\/bootstrap.min.css\">\n\n\n<ul class=\"pagination\">\n\t    \n\t\n\n<li >\n\t<a href='?page_no=20869'>Previous<\/a>\n\t<\/li>\n\n\n       \n    \n\n<li><a href='?page_no=1'>1<\/a><\/li>\n\n\n\n<li><a href='?page_no=2'>2<\/a><\/li>\n\n\n\n<li><a>...<\/a><\/li>\n\n\n\n<li><a href='?page_no=20868'>20868<\/a><\/li>\n\n\n\n<li><a href='?page_no=20869'>20869<\/a><\/li>\n\n\n\n<li class='active'><a>20870<\/a><\/li>\n\n\n\n<li><a href='?page_no=20871'>20871<\/a><\/li>\n\n\n\n<li><a href='?page_no=20872'>20872<\/a><\/li>\n\n\n\n<li><a>...<\/a><\/li>\n\n\n\n<li><a href='?page_no=22522'>22522<\/a><\/li>\n\n\n\n<li><a href='?page_no=22523'>22523<\/a><\/li>\n\n    \n\t\n\n<li >\n\t<a href='?page_no=20871'>Next<\/a>\n\t<\/li>\n\n\n    \n\n<li><a href='?page_no=22523'>Last &rsaquo;&rsaquo;<\/a><\/li>\n\n<\/ul>\n\n\n--><br \/>\n<\/body><\/p>\n","protected":false},"excerpt":{"rendered":"<p>El Cubano Michelle Fragoso est\u00e1 listo para La Casa &#13; Santo Domingo, Rep\u00fablica Dominicana.- El cantante cubano Michelle Fragoso presenta su primer concierto en solitario en el pa\u00eds este s\u00e1bado 1 de noviembre en Casa de Teatro a las 10:00 de la noche bajo el t\u00edtulo \u00abCosas\u00bb. &#13; Dentro de los atractivos que promete, se [&hellip;]<\/p>\n","protected":false},"author":3,"featured_media":0,"comment_status":"open","ping_status":"open","sticky":false,"template":"","format":"standard","meta":{"footnotes":""},"categories":[25],"tags":[],"class_list":["post-92248","post","type-post","status-publish","format-standard","hentry","category-gente"],"_links":{"self":[{"href":"https:\/\/diariodominicano.com\/index.php?rest_route=\/wp\/v2\/posts\/92248","targetHints":{"allow":["GET"]}}],"collection":[{"href":"https:\/\/diariodominicano.com\/index.php?rest_route=\/wp\/v2\/posts"}],"about":[{"href":"https:\/\/diariodominicano.com\/index.php?rest_route=\/wp\/v2\/types\/post"}],"author":[{"embeddable":true,"href":"https:\/\/diariodominicano.com\/index.php?rest_route=\/wp\/v2\/users\/3"}],"replies":[{"embeddable":true,"href":"https:\/\/diariodominicano.com\/index.php?rest_route=%2Fwp%2Fv2%2Fcomments&post=92248"}],"version-history":[{"count":0,"href":"https:\/\/diariodominicano.com\/index.php?rest_route=\/wp\/v2\/posts\/92248\/revisions"}],"wp:attachment":[{"href":"https:\/\/diariodominicano.com\/index.php?rest_route=%2Fwp%2Fv2%2Fmedia&parent=92248"}],"wp:term":[{"taxonomy":"category","embeddable":true,"href":"https:\/\/diariodominicano.com\/index.php?rest_route=%2Fwp%2Fv2%2Fcategories&post=92248"},{"taxonomy":"post_tag","embeddable":true,"href":"https:\/\/diariodominicano.com\/index.php?rest_route=%2Fwp%2Fv2%2Ftags&post=92248"}],"curies":[{"name":"wp","href":"https:\/\/api.w.org\/{rel}","templated":true}]}}