{"id":92246,"date":"2008-10-27T21:41:38","date_gmt":"2008-10-27T21:41:38","guid":{"rendered":"http:\/\/diariodominicano.ddns.net\/?p=92246"},"modified":"2008-10-27T21:41:38","modified_gmt":"2008-10-27T21:41:38","slug":"71-trabajos-presentados-concursaran-en-la-9na-bienal-internacional-de-arquitectura-de-santo-domingo","status":"publish","type":"post","link":"https:\/\/diariodominicano.com\/?p=92246","title":{"rendered":"71 trabajos presentados concursar\u00e1n en la 9na Bienal Internacional de Arquitectura de Santo Domingo"},"content":{"rendered":"<p><body><\/p>\n<p align=\"justify\"><strong class=\"titulogrande1\">71 trabajos presentados concursar\u00e1n en la 9na Bienal  Internacional de Arquitectura de Santo Domingo <\/strong><br \/>&#13;<br \/>\n    <strong>\u00a0<\/strong> <br \/>&#13;<br \/>\n    <span class=\"text1noticias\">La   Secretar\u00eda  de Estado de Cultura, el Grupo Nueva Arquitectura Inc. (GNA), la Sociedad de Arquitectos  de la Rep\u00fablica   Dominicana (SARD) y el Museo de Arte Moderno dejar\u00e1n\u00a0 inaugurada  el pr\u00f3ximo 3 de noviembre a las 7:00 p.m. la 9na. bienal internacional de arquitectura de  santo domingo. Esta \u00a0bienal est\u00e1 dedicada a Chile y Puerto Rico,  por sus m\u00e9ritos en el desarrollo de la arquitectura contempor\u00e1nea de Am\u00e9rica  Latina y el Caribe. <br \/>&#13;<br \/>\n  \u00a0 <br \/>&#13;<br \/>\n  La Bienal de  Arquitectura de Santo Domingo es una actividad cultural creada en 1986 por el  Grupo Nueva Arquitectura Inc. (GNA), que se realiza del 3 al 30 de noviembre,  cada dos a\u00f1os. Se organiza en estas fechas como un homenaje permanente a la  memoria del arquitecto Guillermo Gonz\u00e1lez\u00a0 S\u00e1nchez cuyo nacimiento y  muerte se registran en estas fechas,\u00a0 pero de los a\u00f1os 1900 y 1970,  respectivamente. <br \/>&#13;<br \/>\n  \u00a0 <br \/>&#13;<br \/>\n  Este  evento internacional es auspiciado por la Secretar\u00eda de Estado de Cultura y organizado por  el Grupo Nueva Arquitectura Inc. (GNA), la Sociedad de Arquitectos de la Rep\u00fablica Dominicana (SARD) que participa en su organizaci\u00f3n desde el a\u00f1o 1994 y  la Secretar\u00eda de Estado de Cultura a trav\u00e9s del Museo de Arte Moderno. El Colegio Dominicano de Arquitectos y Agrimensores, el Ayuntamiento del Distrito Nacional y la Universidad Aut\u00f3noma de Santo Domingo (UASD).En esta edici\u00f3n cuenta con el auspici\u00f3 de la Embajada de la Rep\u00fablica de Chile y el Colegio de Arquitectos de Chile, el Colegio de Arquitectos de Puerto Rico,  el Centro Franklin, Secci\u00f3n Cultural  de la Embajada de los Estados Unidos de  Am\u00e9rica,  El Centro Cultural de Espa\u00f1a, la Agencia EFE y  la Fundaci\u00f3n Rockefeller, y La Fundaci\u00f3n Caro \u00c1lvarez.<\/span><\/p>\n<p>&#13;<\/p>\n<p align=\"justify\" class=\"text1noticias\">Tiene el apoyo comercial del Grupo Corripio,  Pinturas Tropical, Mr. Copy &amp; Design, Industrias Aguayo de Construcci\u00f3n, El Banco de Fomento de la Vivienda y la Construcci\u00f3n, Cemex Dominicana, Indarte, Lave, Jard\u00edn el Se\u00f1orial, Asociaci\u00f3n Cibao de Ahorro y Pr\u00e9stamos, Pinturas Popular y La Ib\u00e9rica,. <br \/>&#13;<br \/>\n    <br \/>&#13;<br \/>\n    El Comit\u00e9 Organizador lo componen: el Presidente de la Sociedad de Arquitectos de la Rep\u00fablica Dominicana , el Sr. Erwin Cott Creus; Omar Rancier, Presidente del Grupo Nueva Arquitectura y Mar\u00eda Elena Ditr\u00e9n, Directora del Museo de Arte Moderno. <br \/>&#13;<br \/>\n    <br \/>&#13;<br \/>\n    Este a\u00f1o participaron las disciplinas siguientes: Dise\u00f1o arquitect\u00f3nico,  dise\u00f1o urbano, teor\u00eda, historia y\/o cr\u00edtica de la arquitectura y\/o urbanismo, dise\u00f1o de interiores, arquitectura del paisaje o paisajismo, restauraci\u00f3n de monumentos,  arquitectura experimental y arquitectura verde. Hay un Gran Premio Bienal \u00abIX BIASD\u00bb con una dote de RD$ 350,000.00 y ocho premios igualitarios de RD$ 125,000.00 cada uno, estos premios son donados por  la Secretar\u00eda de Estado de Cultura.  El  Premio Estudiantil  \u00abJos\u00e9 Antonio Caro \u00c1lvarez\u00bb,  tiene una dote que otorga la Fundaci\u00f3n Caro \u00c1lvarez a los tres mejores Proyectos de Grado de cualquier universidad dominicana. La dotaci\u00f3n de \u00faltimo rengl\u00f3n  es patrocinada por  Pinturas Popular.<\/p>\n<p>&#13;<\/p>\n<p align=\"justify\" class=\"text1noticias\">En la presente edici\u00f3n ser\u00e1n reconocidos, por sus diversos aportes a la arquitectura &#8211;  William J. Reid  Cabral  por sus aportes a la arquitectura y Jos\u00e9 Manuel Corripio Estrada por su apoyo incondicional a la clase.<\/p>\n<p>&#13;<\/p>\n<p align=\"justify\" class=\"text1noticias\"> La Bienal contar\u00e1 tambi\u00e9n con la presencia de Conferencistas Internacionales como lo son, Jaime Canaves (Estados Unidos de Am\u00e9rica), Cristian Wertman ( Estados Unidos de Am\u00e9rica), Fernando Charlin,  Germ\u00e1n Cruz (Colombia), Richard Moreta (Dominicano), Emilio Mart\u00ednez y Edwin Quiles (Puerto Rico), V\u00edctor Navarro (Espa\u00f1a), Maria Langarita (Espa\u00f1a), Willy Bermello (Americano) Alfonso Vergara (Espa\u00f1ol), Tadeo Germ\u00e0n Cruz ( Colombiano).  Conferencistas nacionales con l Vanesa V\u00e9lez y Joaqu\u00edn Jer\u00f3nimo, as\u00ed como la participaci\u00f3n de las Oficinas de Arquitectos: Manuel Polanco, Daniel Pons, Franc Ortega, Novoa Pagan Arquitectos y  Sim\u00f3n L\u00f3pez, As\u00ed como un miembro de la Oficina Nacional de Reordenamiento Territorial. <br \/>&#13;<br \/>\n    <br \/>&#13;<br \/>\n    El los salones del Museo de Arte Moderno se exhibir\u00e1n las exposiciones de Arquitectura Actual, Chile,  Obra del Arqto. William  J. Reid Cabral, Proyectos de las Oficinas de Arquitectos nacionales invitados como conferencistas,  Proyectos de los conferencistas de Puerto Rico y Colombia.<\/p>\n<p>&#13;<\/p>\n<p align=\"justify\" class=\"text1noticias\">En el Parque Independencia estar\u00e1 en exhibici\u00f3n la exposici\u00f3n de Gaudi a Calatrava la cual realizan El Centro Cultural de Espa\u00f1a, La Agencia EFE y la Secretaria de Estado de Cultura, La Sociedad de Arquitectos de la Rep\u00fablica Dominicana y el Grupo Nuevarquitectura  dentro  del Marco de la IX Bienal. La apertura de la misma ser\u00e1 el d\u00eda 8 de noviembre a las 6pm.<\/p>\n<p>&#13;<\/p>\n<p align=\"justify\" class=\"text1noticias\">La Universidad Aut\u00f3noma de Santo Domingo (UASD), Universidad Iberoamericana (UNIBE), Universidad Central del Este (UCE) y la Universidad Cat\u00f3lica Nordestana (UCNE), Pontifica Universidad Cat\u00f3lica Madre y Maestra, Santo Domingo y Santiago, Universidad Tecnol\u00f3gica de Santiago (UTESA), Universidad Dominicana O&amp;M, Universidad INCE, Universidad Cat\u00f3lica Tecnol\u00f3gica del Cibao, (UCATECI), La Universidad Pedro Henr\u00edquez Ure\u00f1a, UNPHU y Universidad Cat\u00f3lica Santo Domingo.<br \/>&#13;<br \/>\n    <br \/>&#13;<br \/>\n    Este a\u00f1o contamos con la participaci\u00f3n de un total de 71 trabajos presentados incluidos  los proyectos nacionales  conforman la selecci\u00f3n participante. En \u00e9sta se pretende la promoci\u00f3n de  la producci\u00f3n arquitect\u00f3nica y urban\u00edstica nacional e internacional; as\u00ed como todas aquellas  realizaciones afines, tanto en fase de proyectos como construidas que se hayan producido dentro y fuera del territorio nacional y que merezcan ser divulgadas por su calidad y excelencia conceptual, realizaci\u00f3n constructiva, acierto tem\u00e1tico, criterios innovadores, utilizaci\u00f3n de avanzadas tecnolog\u00edas acertadamente, y otros atributos que les puedan ser inherentes. <br \/>&#13;<br \/>\n    <br \/>&#13;<br \/>\n  La  9na. BIENAL INTERNACIONAL DE ARQUITECTURA DE SANTO DOMINGO estar\u00e1 abierta del 3 al 30 de noviembre en el Museo de Arte Moderno de la Rep\u00fablica  Dominicana , localizado en la Plaza de la Cultura Juan Pablo Duarte, abierto  de martes a domingo, de 10:00 a.m. a 6:00 p.m.<br \/>&#13;\n<\/p>\n<p>&#13;<\/p>\n<h6> 2008-10-27 21:41:38 <\/h6>\n<p><!--\n<link rel=\"stylesheet\" href=\"css\/bootstrap.min.css\">\n\n\n<ul class=\"pagination\">\n\t    \n\t\n\n<li >\n\t<a href='?page_no=20867'>Previous<\/a>\n\t<\/li>\n\n\n       \n    \n\n<li><a href='?page_no=1'>1<\/a><\/li>\n\n\n\n<li><a href='?page_no=2'>2<\/a><\/li>\n\n\n\n<li><a>...<\/a><\/li>\n\n\n\n<li><a href='?page_no=20866'>20866<\/a><\/li>\n\n\n\n<li><a href='?page_no=20867'>20867<\/a><\/li>\n\n\n\n<li class='active'><a>20868<\/a><\/li>\n\n\n\n<li><a href='?page_no=20869'>20869<\/a><\/li>\n\n\n\n<li><a href='?page_no=20870'>20870<\/a><\/li>\n\n\n\n<li><a>...<\/a><\/li>\n\n\n\n<li><a href='?page_no=22522'>22522<\/a><\/li>\n\n\n\n<li><a href='?page_no=22523'>22523<\/a><\/li>\n\n    \n\t\n\n<li >\n\t<a href='?page_no=20869'>Next<\/a>\n\t<\/li>\n\n\n    \n\n<li><a href='?page_no=22523'>Last &rsaquo;&rsaquo;<\/a><\/li>\n\n<\/ul>\n\n\n--><br \/>\n<\/body><\/p>\n","protected":false},"excerpt":{"rendered":"<p>71 trabajos presentados concursar\u00e1n en la 9na Bienal Internacional de Arquitectura de Santo Domingo &#13; \u00a0 &#13; La Secretar\u00eda de Estado de Cultura, el Grupo Nueva Arquitectura Inc. (GNA), la Sociedad de Arquitectos de la Rep\u00fablica Dominicana (SARD) y el Museo de Arte Moderno dejar\u00e1n\u00a0 inaugurada el pr\u00f3ximo 3 de noviembre a las 7:00 p.m. [&hellip;]<\/p>\n","protected":false},"author":3,"featured_media":0,"comment_status":"open","ping_status":"open","sticky":false,"template":"","format":"standard","meta":{"footnotes":""},"categories":[25],"tags":[],"class_list":["post-92246","post","type-post","status-publish","format-standard","hentry","category-gente"],"_links":{"self":[{"href":"https:\/\/diariodominicano.com\/index.php?rest_route=\/wp\/v2\/posts\/92246","targetHints":{"allow":["GET"]}}],"collection":[{"href":"https:\/\/diariodominicano.com\/index.php?rest_route=\/wp\/v2\/posts"}],"about":[{"href":"https:\/\/diariodominicano.com\/index.php?rest_route=\/wp\/v2\/types\/post"}],"author":[{"embeddable":true,"href":"https:\/\/diariodominicano.com\/index.php?rest_route=\/wp\/v2\/users\/3"}],"replies":[{"embeddable":true,"href":"https:\/\/diariodominicano.com\/index.php?rest_route=%2Fwp%2Fv2%2Fcomments&post=92246"}],"version-history":[{"count":0,"href":"https:\/\/diariodominicano.com\/index.php?rest_route=\/wp\/v2\/posts\/92246\/revisions"}],"wp:attachment":[{"href":"https:\/\/diariodominicano.com\/index.php?rest_route=%2Fwp%2Fv2%2Fmedia&parent=92246"}],"wp:term":[{"taxonomy":"category","embeddable":true,"href":"https:\/\/diariodominicano.com\/index.php?rest_route=%2Fwp%2Fv2%2Fcategories&post=92246"},{"taxonomy":"post_tag","embeddable":true,"href":"https:\/\/diariodominicano.com\/index.php?rest_route=%2Fwp%2Fv2%2Ftags&post=92246"}],"curies":[{"name":"wp","href":"https:\/\/api.w.org\/{rel}","templated":true}]}}