{"id":92245,"date":"2008-10-27T22:45:10","date_gmt":"2008-10-27T22:45:10","guid":{"rendered":"http:\/\/diariodominicano.ddns.net\/?p=92245"},"modified":"2008-10-27T22:45:10","modified_gmt":"2008-10-27T22:45:10","slug":"quinta-estacion-triunfa-en-espana","status":"publish","type":"post","link":"https:\/\/diariodominicano.com\/?p=92245","title":{"rendered":"\u201cQuinta Estaci\u00f3n\u201d triunfa en Espa\u00f1a"},"content":{"rendered":"<p><body><\/p>\n<p class=\"titulogrande1\">\u201cQuinta  Estaci\u00f3n\u201d triunfa en Espa\u00f1a<\/p>\n<p>&#13;<\/p>\n<p align=\"justify\" class=\"text1noticias\"><img loading=\"lazy\" decoding=\"async\" src=\"http:\/\/localhost:8080\/gente\/img\/quinta esta.jpg\" width=\"375\" height=\"376\" hspace=\"4\" align=\"left\" \/>Miami, FL,.- Unos pocos a\u00f1os  pasaron para que la banda espa\u00f1ola \u201cLa 5ta Estaci\u00f3n\u201d conquistara el continente,  desde Estados Unidos a Argentina, y por supuesto, a su tierra natal. Es  justamente en su territorio de origen donde celebraron su \u00e9xito con un  concierto realizado en Madrid, reuniendo a miles de fan\u00e1ticos y con artistas  invitados. Cada momento fue registrado y ahora llega en una espectacular  producci\u00f3n.<br \/>&#13;<br \/>\n  \u00a0<br \/>&#13;<br \/>\n  \u201cDirecto desde Madrid\u201d es el  nombre de este lanzamiento donde interpretan sus grandes \u00e9xitos como \u201cFlores de  alquiler\u201d, \u201cDar\u00eda\u201d y \u201cMe Muero\u201d, y reciben a otras estrellas espa\u00f1olas como  Alex Ubago, con quien la vocalista Natalia Jim\u00e9nez interpreta \u201cLa frase tonta  de la semana\u201d, y Alvaro Urquijo\u00a0 cantando  juntos \u201cPor el Bulevar de los Sue\u00f1os Rotos\u201d y \u201cEl Sol No Regresa\u201d.<br \/>&#13;<br \/>\n  \u00a0<br \/>&#13;<br \/>\n  Sin dudas, la fuerza  interpretativa de Natalia y la manera de fusionar el rock y el pop hicieron de  ellos una explosiva aparici\u00f3n en la escena musical. En pocos a\u00f1os de carrera,  ya han sido galardonados con numerosos premios a la m\u00fasica como el Latin  GRAMMY\u00ae y el Billboard.<br \/>&#13;<br \/>\n  \u00a0<br \/>&#13;<br \/>\n  Este no es un disco m\u00e1s para  la trayectoria de \u201cLa 5ta Estaci\u00f3n\u201d, sino el registro de un momento \u00fanico donde  fan\u00e1ticos y m\u00fasicos celebran la m\u00fasica que los apasiona.<br \/>&#13;<br \/>\n  \u00a0<br \/>&#13;<br \/>\n  El disco, que se presenta en  CD y DVD de venta individual, llega a las tiendas ma\u00f1ana 28 de octubre. Es otro  lanzamiento de Sony BMG Latin.<\/p>\n<p>&#13;<\/p>\n<h6> 2008-10-27 22:45:10 <\/h6>\n<p><!--\n<link rel=\"stylesheet\" href=\"css\/bootstrap.min.css\">\n\n\n<ul class=\"pagination\">\n\t    \n\t\n\n<li >\n\t<a href='?page_no=20866'>Previous<\/a>\n\t<\/li>\n\n\n       \n    \n\n<li><a href='?page_no=1'>1<\/a><\/li>\n\n\n\n<li><a href='?page_no=2'>2<\/a><\/li>\n\n\n\n<li><a>...<\/a><\/li>\n\n\n\n<li><a href='?page_no=20865'>20865<\/a><\/li>\n\n\n\n<li><a href='?page_no=20866'>20866<\/a><\/li>\n\n\n\n<li class='active'><a>20867<\/a><\/li>\n\n\n\n<li><a href='?page_no=20868'>20868<\/a><\/li>\n\n\n\n<li><a href='?page_no=20869'>20869<\/a><\/li>\n\n\n\n<li><a>...<\/a><\/li>\n\n\n\n<li><a href='?page_no=22522'>22522<\/a><\/li>\n\n\n\n<li><a href='?page_no=22523'>22523<\/a><\/li>\n\n    \n\t\n\n<li >\n\t<a href='?page_no=20868'>Next<\/a>\n\t<\/li>\n\n\n    \n\n<li><a href='?page_no=22523'>Last &rsaquo;&rsaquo;<\/a><\/li>\n\n<\/ul>\n\n\n--><br \/>\n<\/body><\/p>\n","protected":false},"excerpt":{"rendered":"<p>\u201cQuinta Estaci\u00f3n\u201d triunfa en Espa\u00f1a &#13; Miami, FL,.- Unos pocos a\u00f1os pasaron para que la banda espa\u00f1ola \u201cLa 5ta Estaci\u00f3n\u201d conquistara el continente, desde Estados Unidos a Argentina, y por supuesto, a su tierra natal. Es justamente en su territorio de origen donde celebraron su \u00e9xito con un concierto realizado en Madrid, reuniendo a miles [&hellip;]<\/p>\n","protected":false},"author":3,"featured_media":0,"comment_status":"open","ping_status":"open","sticky":false,"template":"","format":"standard","meta":{"footnotes":""},"categories":[25],"tags":[],"class_list":["post-92245","post","type-post","status-publish","format-standard","hentry","category-gente"],"_links":{"self":[{"href":"https:\/\/diariodominicano.com\/index.php?rest_route=\/wp\/v2\/posts\/92245","targetHints":{"allow":["GET"]}}],"collection":[{"href":"https:\/\/diariodominicano.com\/index.php?rest_route=\/wp\/v2\/posts"}],"about":[{"href":"https:\/\/diariodominicano.com\/index.php?rest_route=\/wp\/v2\/types\/post"}],"author":[{"embeddable":true,"href":"https:\/\/diariodominicano.com\/index.php?rest_route=\/wp\/v2\/users\/3"}],"replies":[{"embeddable":true,"href":"https:\/\/diariodominicano.com\/index.php?rest_route=%2Fwp%2Fv2%2Fcomments&post=92245"}],"version-history":[{"count":0,"href":"https:\/\/diariodominicano.com\/index.php?rest_route=\/wp\/v2\/posts\/92245\/revisions"}],"wp:attachment":[{"href":"https:\/\/diariodominicano.com\/index.php?rest_route=%2Fwp%2Fv2%2Fmedia&parent=92245"}],"wp:term":[{"taxonomy":"category","embeddable":true,"href":"https:\/\/diariodominicano.com\/index.php?rest_route=%2Fwp%2Fv2%2Fcategories&post=92245"},{"taxonomy":"post_tag","embeddable":true,"href":"https:\/\/diariodominicano.com\/index.php?rest_route=%2Fwp%2Fv2%2Ftags&post=92245"}],"curies":[{"name":"wp","href":"https:\/\/api.w.org\/{rel}","templated":true}]}}