{"id":92243,"date":"2008-10-27T22:50:08","date_gmt":"2008-10-27T22:50:08","guid":{"rendered":"http:\/\/diariodominicano.ddns.net\/?p=92243"},"modified":"2008-10-27T22:50:08","modified_gmt":"2008-10-27T22:50:08","slug":"haran-este-jueves-festival-gastronomico-espanol","status":"publish","type":"post","link":"https:\/\/diariodominicano.com\/?p=92243","title":{"rendered":"Har\u00e1n este jueves Festival Gastron\u00f3mico Espa\u00f1ol"},"content":{"rendered":"<p><body><\/p>\n<p class=\"titulogrande1\"><strong>Har\u00e1n este jueves Festival Gastron\u00f3mico Espa\u00f1ol<\/strong> <\/p>\n<p>&#13;<\/p>\n<p align=\"justify\" class=\"text1noticias\"><img loading=\"lazy\" decoding=\"async\" src=\"http:\/\/localhost:8080\/gente\/img\/apec gastro.jpg\" width=\"375\" height=\"1347\" hspace=\"4\" align=\"left\" \/>Santo Domingo.- El  Decanato de Turismo de la   Universidad Apec (UNAPEC), con el auspicio de la Embajada de Espa\u00f1a,  realizar\u00e1 el jueves 30 de este mes el <strong>X Festival Gastron\u00f3mico  Interuniversitario<\/strong>, el cual presentar\u00e1 la riqueza culinaria de esa naci\u00f3n  europea, y a la vez permitir\u00e1 a los estudiantes participantes ampliar sus  conocimientos de gastronom\u00eda. <\/p>\n<p>&#13;<\/p>\n<p align=\"justify\" class=\"text1noticias\">La actividad, que  se iniciar\u00e1 a partir de las 7:30 de la noche, en el sal\u00f3n La Macha del Hotel Lina, fue anunciada  durante un encuentro encabezado por Diego Bermejo, embajador de Espa\u00f1a; Antonio  Fern\u00e1ndez Mazarambroz, ministro consejero; Justo Pedro Castellanos, rector  UNAPEC; Carlos Sangiovanni, vicerrector acad\u00e9mico y Lu\u00eds Felipe Aquino, decano  de Turismo. <\/p>\n<p>&#13;<\/p>\n<p align=\"justify\" class=\"text1noticias\">Durante el  encuentro, el Embajador de Espa\u00f1a, Diego Bermejo, destac\u00f3 que la gastronom\u00eda de  Espa\u00f1a est\u00e1 englobada en la idealizada dieta mediterr\u00e1nea. <\/p>\n<p>&#13;<\/p>\n<p align=\"justify\" class=\"text1noticias\">Aclar\u00f3 que al igual  que otros pa\u00edses la gastronom\u00eda de Espa\u00f1a es muy distinta de unas regiones a  otras, aunque mantiene rasgos y caracter\u00edsticas comunes en el uso de  ingredientes, como el aceite de oliva. <\/p>\n<p>&#13;<\/p>\n<p align=\"justify\" class=\"text1noticias\">Manifest\u00f3 que la  cocina espa\u00f1ola presenta una riqueza regional amplia y variada, por lo que los  participantes podr\u00e1n descubrir sus secretos y ampliar sus conocimientos  gastron\u00f3micos. <\/p>\n<p>&#13;<\/p>\n<p align=\"justify\" class=\"text1noticias\">El diplom\u00e1tico  inform\u00f3 que los premios que se les otorgara a los ganadores son un fin de  semana para dos personas en el Hotel Iberostar en B\u00e1varo, pasant\u00eda en el \u00e1rea  de la cocina del restaurante de Casa Espa\u00f1a y diez libros sobre cocina  espa\u00f1ola. <\/p>\n<p>&#13;<\/p>\n<p align=\"justify\" class=\"text1noticias\">Por su parte, Luis  Felipe Aquino, decano de turismo, expres\u00f3 su agradecimiento a la embajada de  Espa\u00f1a y a las empresas Barcel\u00f3 Gran Hotel Lina, Pepsi, Nestl\u00e9, Emely Tours,  Mercasid, El Catador, A&amp;B Master y otros patrocinadores, por el apoyo a  este evento gastron\u00f3mico. <\/p>\n<p>&#13;<\/p>\n<p align=\"justify\" class=\"text1noticias\">Invit\u00f3 a las dem\u00e1s  universidades a participar en este encuentro culinario, donde los estudiantes  de hoteler\u00eda y turismo participan con la elaboraci\u00f3n de sus platillos, y  desarrollan sus habilidades, destrezas y creatividad.\u00a0 <\/p>\n<p>&#13;<\/p>\n<p align=\"justify\" class=\"text1noticias\">Inform\u00f3 que el  festival abarca los renglones ensaladas, entremeses, caldos y cremas, pastas,  arroces, aves, carnes, pescados, mariscos, reposter\u00eda y un premio de mejor  presentaci\u00f3n. <\/p>\n<p>&#13;<\/p>\n<p align=\"justify\" class=\"text1noticias\">Indic\u00f3 que el  festival gastron\u00f3mico de UNAPEC se destaca por su organizaci\u00f3n y disciplina, y  por la presencia de un jurado del sector empresarial y tur\u00edstico de alto nivel,  el cual se realiza cada a\u00f1o con el patrocinio del Barcel\u00f3 Hotel Lina.\u00a0 <\/p>\n<p>&#13;<\/p>\n<p align=\"justify\" class=\"text1noticias\">Anunci\u00f3 este a\u00f1o,  este festival tendr\u00e1 como innovaci\u00f3n un rengl\u00f3n especial de platillos  elaborados con macadamia,\u00a0 patrocinado por las Empresas Bon  Agroindustrial. <\/p>\n<p>&#13;<\/p>\n<h6> 2008-10-27 22:50:08 <\/h6>\n<p><!--\n<link rel=\"stylesheet\" href=\"css\/bootstrap.min.css\">\n\n\n<ul class=\"pagination\">\n\t    \n\t\n\n<li >\n\t<a href='?page_no=20864'>Previous<\/a>\n\t<\/li>\n\n\n       \n    \n\n<li><a href='?page_no=1'>1<\/a><\/li>\n\n\n\n<li><a href='?page_no=2'>2<\/a><\/li>\n\n\n\n<li><a>...<\/a><\/li>\n\n\n\n<li><a href='?page_no=20863'>20863<\/a><\/li>\n\n\n\n<li><a href='?page_no=20864'>20864<\/a><\/li>\n\n\n\n<li class='active'><a>20865<\/a><\/li>\n\n\n\n<li><a href='?page_no=20866'>20866<\/a><\/li>\n\n\n\n<li><a href='?page_no=20867'>20867<\/a><\/li>\n\n\n\n<li><a>...<\/a><\/li>\n\n\n\n<li><a href='?page_no=22522'>22522<\/a><\/li>\n\n\n\n<li><a href='?page_no=22523'>22523<\/a><\/li>\n\n    \n\t\n\n<li >\n\t<a href='?page_no=20866'>Next<\/a>\n\t<\/li>\n\n\n    \n\n<li><a href='?page_no=22523'>Last &rsaquo;&rsaquo;<\/a><\/li>\n\n<\/ul>\n\n\n--><br \/>\n<\/body><\/p>\n","protected":false},"excerpt":{"rendered":"<p>Har\u00e1n este jueves Festival Gastron\u00f3mico Espa\u00f1ol &#13; Santo Domingo.- El Decanato de Turismo de la Universidad Apec (UNAPEC), con el auspicio de la Embajada de Espa\u00f1a, realizar\u00e1 el jueves 30 de este mes el X Festival Gastron\u00f3mico Interuniversitario, el cual presentar\u00e1 la riqueza culinaria de esa naci\u00f3n europea, y a la vez permitir\u00e1 a los [&hellip;]<\/p>\n","protected":false},"author":3,"featured_media":0,"comment_status":"open","ping_status":"open","sticky":false,"template":"","format":"standard","meta":{"footnotes":""},"categories":[25],"tags":[],"class_list":["post-92243","post","type-post","status-publish","format-standard","hentry","category-gente"],"_links":{"self":[{"href":"https:\/\/diariodominicano.com\/index.php?rest_route=\/wp\/v2\/posts\/92243","targetHints":{"allow":["GET"]}}],"collection":[{"href":"https:\/\/diariodominicano.com\/index.php?rest_route=\/wp\/v2\/posts"}],"about":[{"href":"https:\/\/diariodominicano.com\/index.php?rest_route=\/wp\/v2\/types\/post"}],"author":[{"embeddable":true,"href":"https:\/\/diariodominicano.com\/index.php?rest_route=\/wp\/v2\/users\/3"}],"replies":[{"embeddable":true,"href":"https:\/\/diariodominicano.com\/index.php?rest_route=%2Fwp%2Fv2%2Fcomments&post=92243"}],"version-history":[{"count":0,"href":"https:\/\/diariodominicano.com\/index.php?rest_route=\/wp\/v2\/posts\/92243\/revisions"}],"wp:attachment":[{"href":"https:\/\/diariodominicano.com\/index.php?rest_route=%2Fwp%2Fv2%2Fmedia&parent=92243"}],"wp:term":[{"taxonomy":"category","embeddable":true,"href":"https:\/\/diariodominicano.com\/index.php?rest_route=%2Fwp%2Fv2%2Fcategories&post=92243"},{"taxonomy":"post_tag","embeddable":true,"href":"https:\/\/diariodominicano.com\/index.php?rest_route=%2Fwp%2Fv2%2Ftags&post=92243"}],"curies":[{"name":"wp","href":"https:\/\/api.w.org\/{rel}","templated":true}]}}