{"id":92242,"date":"2008-10-27T22:54:09","date_gmt":"2008-10-27T22:54:09","guid":{"rendered":"http:\/\/diariodominicano.ddns.net\/?p=92242"},"modified":"2008-10-27T22:54:09","modified_gmt":"2008-10-27T22:54:09","slug":"plan-quinquenal-del-libro-y-la-lectura-en-la-tertulia-jueves-de-la-republica-presento-como-se-forma-un-artista-plastico-con-el-maestro-ramon-oviedo","status":"publish","type":"post","link":"https:\/\/diariodominicano.com\/?p=92242","title":{"rendered":"Plan Quinquenal del Libro y la Lectura en la Tertulia Jueves de la Rep\u00fablica present\u00f3 \u201cC\u00f3mo se forma un artista pl\u00e1stico\u201d con el maestro Ram\u00f3n Oviedo"},"content":{"rendered":"<p><body><\/p>\n<p align=\"justify\" class=\"titulogrande1\"><strong>Plan  Quinquenal del Libro y la   Lectura en la Tertulia   Jueves de la   Rep\u00fablica present\u00f3 \u201cC\u00f3mo se forma un artista pl\u00e1stico\u201d con el  maestro Ram\u00f3n Oviedo<\/strong><\/p>\n<p>&#13;<\/p>\n<p align=\"justify\" class=\"text1noticias\"><img loading=\"lazy\" decoding=\"async\" src=\"http:\/\/localhost:8080\/gente\/img\/feri libro.jpg\" width=\"375\" height=\"566\" hspace=\"4\" align=\"left\" \/>Dentro del programa de actividades  del Plan Quinquenal del Libro y la   Lectura de la   Secretar\u00eda de Estado de Cultura fue presentada la \u201cTertulia  los Jueves de la Rep\u00fablica\u201d  con el maestro de la pl\u00e1stica Ram\u00f3n Oviedo.<\/p>\n<p>&#13;<\/p>\n<p align=\"justify\" class=\"text1noticias\">El tema tratado por el reconocido  artista dominicano para \u00e9sta ocasi\u00f3n<br \/>&#13;<br \/>\n  <br \/>&#13;<br \/>\n  fue \u201cC\u00f3mo se forma un artista  pl\u00e1stico\u201d, en el que Oviedo refiere sus vivencias en su vocaci\u00f3n por el arte,  desde sus inicios hasta los momentos actuales.<\/p>\n<p>&#13;<\/p>\n<p align=\"justify\" class=\"text1noticias\">Oviedo explica como es la  figura de un artista desde la vocaci\u00f3n o arte nato\u00a0 hasta la integraci\u00f3n de la parte t\u00e9cnica o de  estudio profesional. Adem\u00e1s, la manera espont\u00e1nea que surge la musa de la  inspiraci\u00f3n art\u00edstica.<br \/>&#13;<br \/>\n  \u00a0<br \/>&#13;<br \/>\n  Formaron la mesa principal en  el conversatorio los se\u00f1ores: Juan Freddy Armando, director del Plan Quinquenal  del Libro y la Lectura;  Rafael Oviedo, Ram\u00f3n Oviedo (maestro) y Cipri\u00e1n Burgos (moderador).<\/p>\n<p>&#13;<\/p>\n<p align=\"justify\" class=\"text1noticias\">La \u201cTertulia Jueves de la Rep\u00fablica\u201d es un espacio  creado para impartir conocimiento sobre temas variados de inter\u00e9s general, asi  como para motivar la lectura a trav\u00e9s de los libros donados durante el  conversatorio.<\/p>\n<p>&#13;<\/p>\n<p align=\"justify\" class=\"text1noticias\">El encuentro fue realizado en la   Sala de Arte Ram\u00f3n Oviedo, donde asistieron decenas de  estudiantes y p\u00fablico en general. <\/p>\n<p>&#13;<\/p>\n<h6> 2008-10-27 22:54:09 <\/h6>\n<p><!--\n<link rel=\"stylesheet\" href=\"css\/bootstrap.min.css\">\n\n\n<ul class=\"pagination\">\n\t    \n\t\n\n<li >\n\t<a href='?page_no=20863'>Previous<\/a>\n\t<\/li>\n\n\n       \n    \n\n<li><a href='?page_no=1'>1<\/a><\/li>\n\n\n\n<li><a href='?page_no=2'>2<\/a><\/li>\n\n\n\n<li><a>...<\/a><\/li>\n\n\n\n<li><a href='?page_no=20862'>20862<\/a><\/li>\n\n\n\n<li><a href='?page_no=20863'>20863<\/a><\/li>\n\n\n\n<li class='active'><a>20864<\/a><\/li>\n\n\n\n<li><a href='?page_no=20865'>20865<\/a><\/li>\n\n\n\n<li><a href='?page_no=20866'>20866<\/a><\/li>\n\n\n\n<li><a>...<\/a><\/li>\n\n\n\n<li><a href='?page_no=22522'>22522<\/a><\/li>\n\n\n\n<li><a href='?page_no=22523'>22523<\/a><\/li>\n\n    \n\t\n\n<li >\n\t<a href='?page_no=20865'>Next<\/a>\n\t<\/li>\n\n\n    \n\n<li><a href='?page_no=22523'>Last &rsaquo;&rsaquo;<\/a><\/li>\n\n<\/ul>\n\n\n--><br \/>\n<\/body><\/p>\n","protected":false},"excerpt":{"rendered":"<p>Plan Quinquenal del Libro y la Lectura en la Tertulia Jueves de la Rep\u00fablica present\u00f3 \u201cC\u00f3mo se forma un artista pl\u00e1stico\u201d con el maestro Ram\u00f3n Oviedo &#13; Dentro del programa de actividades del Plan Quinquenal del Libro y la Lectura de la Secretar\u00eda de Estado de Cultura fue presentada la \u201cTertulia los Jueves de la [&hellip;]<\/p>\n","protected":false},"author":3,"featured_media":0,"comment_status":"open","ping_status":"open","sticky":false,"template":"","format":"standard","meta":{"footnotes":""},"categories":[25],"tags":[],"class_list":["post-92242","post","type-post","status-publish","format-standard","hentry","category-gente"],"_links":{"self":[{"href":"https:\/\/diariodominicano.com\/index.php?rest_route=\/wp\/v2\/posts\/92242","targetHints":{"allow":["GET"]}}],"collection":[{"href":"https:\/\/diariodominicano.com\/index.php?rest_route=\/wp\/v2\/posts"}],"about":[{"href":"https:\/\/diariodominicano.com\/index.php?rest_route=\/wp\/v2\/types\/post"}],"author":[{"embeddable":true,"href":"https:\/\/diariodominicano.com\/index.php?rest_route=\/wp\/v2\/users\/3"}],"replies":[{"embeddable":true,"href":"https:\/\/diariodominicano.com\/index.php?rest_route=%2Fwp%2Fv2%2Fcomments&post=92242"}],"version-history":[{"count":0,"href":"https:\/\/diariodominicano.com\/index.php?rest_route=\/wp\/v2\/posts\/92242\/revisions"}],"wp:attachment":[{"href":"https:\/\/diariodominicano.com\/index.php?rest_route=%2Fwp%2Fv2%2Fmedia&parent=92242"}],"wp:term":[{"taxonomy":"category","embeddable":true,"href":"https:\/\/diariodominicano.com\/index.php?rest_route=%2Fwp%2Fv2%2Fcategories&post=92242"},{"taxonomy":"post_tag","embeddable":true,"href":"https:\/\/diariodominicano.com\/index.php?rest_route=%2Fwp%2Fv2%2Ftags&post=92242"}],"curies":[{"name":"wp","href":"https:\/\/api.w.org\/{rel}","templated":true}]}}