{"id":92240,"date":"2008-10-28T15:30:06","date_gmt":"2008-10-28T15:30:06","guid":{"rendered":"http:\/\/diariodominicano.ddns.net\/?p=92240"},"modified":"2008-10-28T15:30:06","modified_gmt":"2008-10-28T15:30:06","slug":"ramon-vazquez-llega-por-cuarta-vez-al-dominican-republic-jazz-festival","status":"publish","type":"post","link":"https:\/\/diariodominicano.com\/?p=92240","title":{"rendered":"Ram\u00f3n V\u00e1zquez llega por cuarta vez al Dominican Republic Jazz Festival"},"content":{"rendered":"<p><body><\/p>\n<p class=\"titulogrande1\"><strong>Ram\u00f3n V\u00e1zquez llega  por cuarta vez al Dominican Republic Jazz Festival<\/strong> <\/p>\n<p>&#13;<\/p>\n<p align=\"justify\" class=\"text1noticias\"><strong>El cubano es asesor  musical del evento<\/strong> <\/p>\n<p>&#13;<\/p>\n<p align=\"justify\" class=\"text1noticias\"><strong><img loading=\"lazy\" decoding=\"async\" src=\"http:\/\/localhost:8080\/gente\/img\/jazz don.jpg\" width=\"375\" height=\"941\" hspace=\"4\" align=\"left\" \/>Santo Domingo,  Rep\u00fablica Dominicana<\/strong>.- El bajista cubano Ram\u00f3n Vazquez, regresa a la costa  norte de Rep\u00fablica Dominicana a traernos \u00abOn The Move\u00bb su m\u00e1s  reciente trabajo discogr\u00e1fico en el marco de la IX edici\u00f3n del Dominican Republic Jazz Festival  que tendr\u00e1 lugar del 7 al 9 de noviembre en Playa Cabarete, Puerto Plata, con  los auspicios de la   Secretar\u00eda de Estado de Turismo y Millennium Resort and Spa. <\/p>\n<p>&#13;<\/p>\n<p align=\"justify\" class=\"text1noticias\">Durante tres d\u00edas  la costa norte ser\u00e1 la capital caribe\u00f1a del latin jazz en una jornada  completamente gratis para el p\u00fablico que desee disfrutar de la mejor  combinaci\u00f3n musical de Estados Unidos, Rep\u00fablica Dominicana, Puerto Rico y  Cuba. <\/p>\n<p>&#13;<\/p>\n<p align=\"justify\" class=\"text1noticias\"> Ram\u00f3n quien ha  venido\u00a0 al festival cuatro veces en esta oportunidad formar\u00e1 parte de la PR All Star Latin Jazz  compartiendo roles con Dave Valent\u00edn, Eric Figueroa, Endel Due\u00f1o, Javier  Oquendo y Eddy \u00abGuagua\u00bb Rivera \u00a0en una descarga musical  alucinante y uno de los platos fuertes de la primera noche. <\/p>\n<p>&#13;<\/p>\n<p align=\"justify\" class=\"text1noticias\">Vazquez, es de  origen cubano pero formado musicalmente en Puerto Rico, donde tiene residencia  permanente, es egresado del principal centro de formaci\u00f3n musical del mundo,  Berklee College of Music, en Boston, Massachussets. <\/p>\n<p>&#13;<\/p>\n<p align=\"justify\" class=\"text1noticias\">Por ello es  profesor del Consevatorio de M\u00fasica de \u00abLa Isla del Encanto\u00bb y miembro de la Asociaci\u00f3n de  Educadores de Jazz para la educaci\u00f3n capitulo Puerto Rico, \u00a0desarrollando  una activa carrera como profesor y educador musical. <\/p>\n<p>&#13;<\/p>\n<p align=\"justify\" class=\"text1noticias\">Dicha preparaci\u00f3n  ha sido fundamental para que importantes figuras del g\u00e9nero soliciten su  talento ya sea para grabaciones\u00a0o para conciertos en vivo entre estas se  puede mencionar a Chick Corea, Tito Puente, Eddie G\u00f3mez, Justo Almario, Hilton  Ruiz, Paquito D`Rivera, Giovanni Hidalgo y Dave Samuels. <\/p>\n<p>&#13;<\/p>\n<p align=\"justify\" class=\"text1noticias\">\u00abEn esta  edici\u00f3n no solamente veremos su faceta de bajista, sino que tambi\u00e9n  apreciaremos su talento como educador cuando imparta el Taller de Introducci\u00f3n  al Jazz para j\u00f3venes el s\u00e1bado 8 de noviembre a las diez de la ma\u00f1ana junto con  otros profesores de la   Universidad de Puerto Rico\u00bb, inform\u00f3 Dar\u00edo Nicodemo,  quien junto con Lorenzo Sancasani, organiza el DR Jazz Festival. <\/p>\n<p>&#13;<\/p>\n<p align=\"justify\" class=\"text1noticias\">El domingo, \u00faltimo  d\u00eda del DR Jazz Festival, Ram\u00f3n subir\u00e1 al escenario a primera hora junto a sus  compatriotas Fidel Morales y Yan Carlos  Artime para conformar un trio de cubanos sin par y dejar el terreno listo para  que el acordeonista dominicano El Prodigio, se desplaye en Jazz.<\/p>\n<p>&#13;<\/p>\n<p align=\"justify\" class=\"text1noticias\">El  Dominican Republic Jazz Festival 08 es auspiciado por la Secretaria de Estado de  Turismo, Millennium Resort and Spa, Ferreter\u00eda Ochoa, Sea Horse Ranch, Aerodom,  Europcar, Viva Resorts, Cabarete Palm Beach Condos, Coca Cola, Empaq, Villa  Taina, Tropical Clubs, Dasani, Velero Beach Resort, Heineken, La Campagna, Adeca, Ashoresoca,  Agualina, Servi Cab y\u00a0 Pomodoro.<\/p>\n<p>&#13;<\/p>\n<h6> 2008-10-28 15:30:06 <\/h6>\n<p><!--\n<link rel=\"stylesheet\" href=\"css\/bootstrap.min.css\">\n\n\n<ul class=\"pagination\">\n\t    \n\t\n\n<li >\n\t<a href='?page_no=20861'>Previous<\/a>\n\t<\/li>\n\n\n       \n    \n\n<li><a href='?page_no=1'>1<\/a><\/li>\n\n\n\n<li><a href='?page_no=2'>2<\/a><\/li>\n\n\n\n<li><a>...<\/a><\/li>\n\n\n\n<li><a href='?page_no=20860'>20860<\/a><\/li>\n\n\n\n<li><a href='?page_no=20861'>20861<\/a><\/li>\n\n\n\n<li class='active'><a>20862<\/a><\/li>\n\n\n\n<li><a href='?page_no=20863'>20863<\/a><\/li>\n\n\n\n<li><a href='?page_no=20864'>20864<\/a><\/li>\n\n\n\n<li><a>...<\/a><\/li>\n\n\n\n<li><a href='?page_no=22522'>22522<\/a><\/li>\n\n\n\n<li><a href='?page_no=22523'>22523<\/a><\/li>\n\n    \n\t\n\n<li >\n\t<a href='?page_no=20863'>Next<\/a>\n\t<\/li>\n\n\n    \n\n<li><a href='?page_no=22523'>Last &rsaquo;&rsaquo;<\/a><\/li>\n\n<\/ul>\n\n\n--><br \/>\n<\/body><\/p>\n","protected":false},"excerpt":{"rendered":"<p>Ram\u00f3n V\u00e1zquez llega por cuarta vez al Dominican Republic Jazz Festival &#13; El cubano es asesor musical del evento &#13; Santo Domingo, Rep\u00fablica Dominicana.- El bajista cubano Ram\u00f3n Vazquez, regresa a la costa norte de Rep\u00fablica Dominicana a traernos \u00abOn The Move\u00bb su m\u00e1s reciente trabajo discogr\u00e1fico en el marco de la IX edici\u00f3n del [&hellip;]<\/p>\n","protected":false},"author":3,"featured_media":0,"comment_status":"open","ping_status":"open","sticky":false,"template":"","format":"standard","meta":{"footnotes":""},"categories":[25],"tags":[],"class_list":["post-92240","post","type-post","status-publish","format-standard","hentry","category-gente"],"_links":{"self":[{"href":"https:\/\/diariodominicano.com\/index.php?rest_route=\/wp\/v2\/posts\/92240","targetHints":{"allow":["GET"]}}],"collection":[{"href":"https:\/\/diariodominicano.com\/index.php?rest_route=\/wp\/v2\/posts"}],"about":[{"href":"https:\/\/diariodominicano.com\/index.php?rest_route=\/wp\/v2\/types\/post"}],"author":[{"embeddable":true,"href":"https:\/\/diariodominicano.com\/index.php?rest_route=\/wp\/v2\/users\/3"}],"replies":[{"embeddable":true,"href":"https:\/\/diariodominicano.com\/index.php?rest_route=%2Fwp%2Fv2%2Fcomments&post=92240"}],"version-history":[{"count":0,"href":"https:\/\/diariodominicano.com\/index.php?rest_route=\/wp\/v2\/posts\/92240\/revisions"}],"wp:attachment":[{"href":"https:\/\/diariodominicano.com\/index.php?rest_route=%2Fwp%2Fv2%2Fmedia&parent=92240"}],"wp:term":[{"taxonomy":"category","embeddable":true,"href":"https:\/\/diariodominicano.com\/index.php?rest_route=%2Fwp%2Fv2%2Fcategories&post=92240"},{"taxonomy":"post_tag","embeddable":true,"href":"https:\/\/diariodominicano.com\/index.php?rest_route=%2Fwp%2Fv2%2Ftags&post=92240"}],"curies":[{"name":"wp","href":"https:\/\/api.w.org\/{rel}","templated":true}]}}