{"id":92238,"date":"2008-10-28T15:37:40","date_gmt":"2008-10-28T15:37:40","guid":{"rendered":"http:\/\/diariodominicano.ddns.net\/?p=92238"},"modified":"2008-10-28T15:37:40","modified_gmt":"2008-10-28T15:37:40","slug":"amway-conmemora-10-anos-en-republica-dominicana-con-feria-de-productos","status":"publish","type":"post","link":"https:\/\/diariodominicano.com\/?p=92238","title":{"rendered":"Amway conmemora 10 a\u00f1os en Rep\u00fablica Dominicana con feria de productos"},"content":{"rendered":"<p><body><\/p>\n<p class=\"titulogrande1\"><strong>Amway conmemora  10 a\u00f1os en Rep\u00fablica Dominicana con feria de productos<\/strong> <\/p>\n<p>&#13;<\/p>\n<p align=\"justify\" class=\"text1noticias\">SANTO DOMINGO.-  Amway, l\u00edder global en ventas directas, conmemorar\u00e1 su d\u00e9cimo aniversario con  presencia corporativa en Rep\u00fablica Dominicana con el desarrollo de una feria de  sus marcas en las que estar\u00e1n exhibiendo las diferentes l\u00edneas de productos que  ofrecen.<\/p>\n<p>&#13;<\/p>\n<p align=\"justify\" class=\"text1noticias\">La  actividad, ser\u00e1 completamente gratis y\u00a0 est\u00e1 pautada para el pr\u00f3ximo  mi\u00e9rcoles 05 de noviembre a partir de las 10 de la ma\u00f1ana en el Palacio de los  Deportes \u00abVirgilio Travieso Soto\u00bb del Centro Ol\u00edmpico Juan Pablo  Duarte.<\/p>\n<p>&#13;<\/p>\n<p align=\"justify\" class=\"text1noticias\">Rub\u00e9n  Familia gerente general de Amway en el pa\u00eds inform\u00f3 que durante la actividad la  empresa estar\u00e1 exhibiendo el portafolio de productos de las marcas Nutrilite,  Artistry,\u00a0 E-Spring, I-Cook, SA8 y LOC,.\u00a0<br \/>&#13;<br \/>\n  \u00a0 <br \/>&#13;<br \/>\n\u00abEs  la primera vez que Amway hace una actividad de esta naturaleza en nuestro  pa\u00eds.\u00a0 El objetivo es estar m\u00e1s de cerca con nuestros Due\u00f1os de Negocios  Independientes y clientes de nuestros productos, inform\u00e1ndoles de forma directa  sobre el uso adecuado de los mismos y los resultados que deben esperar de cada  uno\u00bb, reafirm\u00f3 Familia.<\/p>\n<p>&#13;<\/p>\n<p align=\"justify\" class=\"text1noticias\">En  Rep\u00fablica Dominicana Amway cuenta con miles de \u00abDue\u00f1os de Negocios  Independientes Amway y mas de 245 productos disponibles.\u00a0 Recientemente  acaban de inaugurar su nueva tienda con la intenci\u00f3n de brindar mejor servicio  a sus afiliados. <br \/>&#13;<br \/>\n  <br \/>&#13;<br \/>\n\u00abGracias  al modelo de negocio sobre el cual se soporta nuestra empresa cada afiliado  constituye un peque\u00f1o empresario que tiene la oportunidad de hacer crecer su  proyecto con el acompa\u00f1amiento constante que les ofrecemos a trav\u00e9s de  entrenamientos, asesor\u00eda general sobre el manejo de sus negocios\u00a0 entre  otras tem\u00e1ticas ayudando as\u00ed al \u00e9xito de sus empresas\u00bb afirma el gerente  general de esta multinacional en nuestro pa\u00eds<strong>.<\/strong> <\/p>\n<p>&#13;<\/p>\n<p align=\"justify\" class=\"text1noticias\"><strong><u>Informaciones  Generales sobre Amway<\/u><\/strong> <br \/>&#13;<br \/>\n  <br \/>&#13;<br \/>\n  Amway  tiene m\u00e1s de tres millones de due\u00f1os de negocios independientes,\u00a0 en m\u00e1s  de 80 pa\u00edses.\u00a0 Su modelo de negocio le permite incidir positivamente en el  engranaje econ\u00f3mico de los pa\u00edses donde opera, a trav\u00e9s del fortalecimiento de  la econom\u00eda dom\u00e9stica. <br \/>&#13;<br \/>\n  <br \/>&#13;<br \/>\nComo empresa  est\u00e1 dedicada producir y comercializar productos orientados a la salud y la  belleza.\u00a0 Cuenta con un portafolio de m\u00e1s de 450 productos, con productos  en las categor\u00edas de suplementos alimenticios, cuidado de la piel, cuidado personal,  del hogar y tecnolog\u00eda para el hogar.\/\/\/\/\/ <\/p>\n<p>&#13;<\/p>\n<h6> 2008-10-28 15:37:40 <\/h6>\n<p><!--\n<link rel=\"stylesheet\" href=\"css\/bootstrap.min.css\">\n\n\n<ul class=\"pagination\">\n\t    \n\t\n\n<li >\n\t<a href='?page_no=20859'>Previous<\/a>\n\t<\/li>\n\n\n       \n    \n\n<li><a href='?page_no=1'>1<\/a><\/li>\n\n\n\n<li><a href='?page_no=2'>2<\/a><\/li>\n\n\n\n<li><a>...<\/a><\/li>\n\n\n\n<li><a href='?page_no=20858'>20858<\/a><\/li>\n\n\n\n<li><a href='?page_no=20859'>20859<\/a><\/li>\n\n\n\n<li class='active'><a>20860<\/a><\/li>\n\n\n\n<li><a href='?page_no=20861'>20861<\/a><\/li>\n\n\n\n<li><a href='?page_no=20862'>20862<\/a><\/li>\n\n\n\n<li><a>...<\/a><\/li>\n\n\n\n<li><a href='?page_no=22522'>22522<\/a><\/li>\n\n\n\n<li><a href='?page_no=22523'>22523<\/a><\/li>\n\n    \n\t\n\n<li >\n\t<a href='?page_no=20861'>Next<\/a>\n\t<\/li>\n\n\n    \n\n<li><a href='?page_no=22523'>Last &rsaquo;&rsaquo;<\/a><\/li>\n\n<\/ul>\n\n\n--><br \/>\n<\/body><\/p>\n","protected":false},"excerpt":{"rendered":"<p>Amway conmemora 10 a\u00f1os en Rep\u00fablica Dominicana con feria de productos &#13; SANTO DOMINGO.- Amway, l\u00edder global en ventas directas, conmemorar\u00e1 su d\u00e9cimo aniversario con presencia corporativa en Rep\u00fablica Dominicana con el desarrollo de una feria de sus marcas en las que estar\u00e1n exhibiendo las diferentes l\u00edneas de productos que ofrecen. &#13; La actividad, ser\u00e1 [&hellip;]<\/p>\n","protected":false},"author":3,"featured_media":0,"comment_status":"open","ping_status":"open","sticky":false,"template":"","format":"standard","meta":{"footnotes":""},"categories":[25],"tags":[],"class_list":["post-92238","post","type-post","status-publish","format-standard","hentry","category-gente"],"_links":{"self":[{"href":"https:\/\/diariodominicano.com\/index.php?rest_route=\/wp\/v2\/posts\/92238","targetHints":{"allow":["GET"]}}],"collection":[{"href":"https:\/\/diariodominicano.com\/index.php?rest_route=\/wp\/v2\/posts"}],"about":[{"href":"https:\/\/diariodominicano.com\/index.php?rest_route=\/wp\/v2\/types\/post"}],"author":[{"embeddable":true,"href":"https:\/\/diariodominicano.com\/index.php?rest_route=\/wp\/v2\/users\/3"}],"replies":[{"embeddable":true,"href":"https:\/\/diariodominicano.com\/index.php?rest_route=%2Fwp%2Fv2%2Fcomments&post=92238"}],"version-history":[{"count":0,"href":"https:\/\/diariodominicano.com\/index.php?rest_route=\/wp\/v2\/posts\/92238\/revisions"}],"wp:attachment":[{"href":"https:\/\/diariodominicano.com\/index.php?rest_route=%2Fwp%2Fv2%2Fmedia&parent=92238"}],"wp:term":[{"taxonomy":"category","embeddable":true,"href":"https:\/\/diariodominicano.com\/index.php?rest_route=%2Fwp%2Fv2%2Fcategories&post=92238"},{"taxonomy":"post_tag","embeddable":true,"href":"https:\/\/diariodominicano.com\/index.php?rest_route=%2Fwp%2Fv2%2Ftags&post=92238"}],"curies":[{"name":"wp","href":"https:\/\/api.w.org\/{rel}","templated":true}]}}