{"id":92237,"date":"2008-10-28T21:23:00","date_gmt":"2008-10-28T21:23:00","guid":{"rendered":"http:\/\/diariodominicano.ddns.net\/?p=92237"},"modified":"2008-10-28T21:23:00","modified_gmt":"2008-10-28T21:23:00","slug":"marcela-gandara-regresa-con-mas-que-un-anhelo-a-rd","status":"publish","type":"post","link":"https:\/\/diariodominicano.com\/?p=92237","title":{"rendered":"Marcela G\u00e1ndara regresa con \u201cM\u00e1s que un  anhelo\u201d a  RD"},"content":{"rendered":"<p><body><\/p>\n<p align=\"justify\"><span class=\"titulogrande1\">Marcela G\u00e1ndara  regresa con \u201cM\u00e1s que un\u00a0 anhelo\u201d a\u00a0 RD <\/span><br \/>&#13;<br \/>\n    <br \/>&#13;<br \/>\n    <span class=\"text1noticias\"><img loading=\"lazy\" decoding=\"async\" src=\"http:\/\/localhost:8080\/gente\/img\/marce canta.jpg\" width=\"375\" height=\"1057\" hspace=\"4\" align=\"left\" \/>Luego de su exitosa presentaci\u00f3n el pasado a\u00f1o en el pa\u00eds, regresa a  suelo\u00a0 dominicano la cantante cristiana\u00a0 Marcela G\u00e1ndara, con  cuatro\u00a0 presentaciones para los p\u00fablicos de Santo Domingo, La Romana, Higuey y Santiago  de los Caballeros. G\u00e1ndara, una de las cantantes cristianas m\u00e1s populares de  estos tiempos,\u00a0 trae su nueva propuesta \u201cM\u00e1s que un anhelo\u201d, con la que  visitar\u00e1 el 22 de noviembre el\u00a0 Estadio Ol\u00edmpico F\u00e9lix S\u00e1nchez, de Santo  Domingo. Estos encuentros se han constituido en un gran reto para la cantante y  para la m\u00fasica cristiana por la movilizaci\u00f3n t\u00e9cnica y la log\u00edstica montada  para la ocasi\u00f3n.<br \/>&#13;<br \/>\n    <br \/>&#13;<br \/>\n    Marcela\u00a0  tambi\u00e9n actuar\u00e1 en\u00a0 el Auditorio Casa de Restauraci\u00f3n, de Higuey, el d\u00eda  20; en el Polideportivo Eleoncio Merecedes de La Romana, el\u00a0 21 y\u00a0  el 23 se traslada a\u00a0 la   Gran Arena del Cibao, de Santiago de los Caballeros,\u00a0  donde concluir\u00e1 sus compromisos en el pa\u00eds.<br \/>&#13;<br \/>\n    <br \/>&#13;<br \/>\nLa  cantante azteca ha llevado \u201cM\u00e1s que un anhelo\u201d a Miami, Puerto Rico, Venezuela,  Argentina y otras naciones. <br \/>&#13;<br \/>\n<br \/>&#13;<br \/>\nLuego de  Rep\u00fablica Dominicana la int\u00e9rpete de \u201cSupe que me amabas\u201d continuar\u00e1 llevando  su m\u00fasica a\u00a0 escenarios de\u00a0 Per\u00fa, Dallas, M\u00e9xico, Washington y  Nicaragua.<br \/>&#13;<br \/>\n<br \/>&#13;<br \/>\nMarcela  G\u00e1ndara estuvo en Rep\u00fablica Dominicana el pasado 7 de diciembre de 2007, donde  se destac\u00f3 con una excelente actuaci\u00f3n, tanto as\u00ed que el p\u00fablico la aclam\u00f3 a\u00fan  cuando sus canciones no estaban tan pegadas como ahora.<br \/>&#13;<br \/>\n<br \/>&#13;<br \/>\nHa  participado en varios proyectos musicales, entre los que destaca un dueto con  Jes\u00fas Adri\u00e1n Romero en la canci\u00f3n \u201cT\u00fa est\u00e1s aqu\u00ed\u201d, y con Abel Zavala en el tema  \u201cS\u00f3lo a ti\u201d.<br \/>&#13;<br \/>\n<br \/>&#13;<br \/>\nTambi\u00e9n la  canci\u00f3n \u201cM\u00e1s all\u00e1 de todo\u201d, de su autor\u00eda, incluida en \u201cUn brote de adoraci\u00f3n 2\u201d, adem\u00e1s de las grabaciones  que se ha realizado en su congregaci\u00f3n Centro Cristiano Vino Nuevo de ciudad  Ju\u00e1rez, Chihuahua, en M\u00e9xico, donde participa en el grupo de alabanza.<br \/>&#13;<br \/>\n<br \/>&#13;<br \/>\nLas cuatro  actividades de Marcela cuentan\u00a0 con la producci\u00f3n general del empresario  dominicano Tony G\u00f3mez.<br \/>&#13;<br \/>\n<br \/>&#13;<br \/>\nMarcela es  una joven con un coraz\u00f3n sencillo y apasionado, con una voz privilegiada y  dulce que envuelve.<br \/>&#13;<br \/>\n<br \/>&#13;<br \/>\n\u00abEl  prop\u00f3sito de la m\u00fasica que interpreto es dejar que el Esp\u00edritu Santo pueda usar  cada una de las canciones y trabajar en los corazones de la gente seg\u00fan su  necesidad. Mi deseo es poder transmitir hambre por Dios, por Su palabra y Su  presencia\u201d, expresa la joven cantante. Actualmente se encuentra en una etapa de  crecimiento personal. Independientemente de su crecimiento en el mercado de la  m\u00fasica, Marcela estudia Licenciatura en Mercadotecnia y Negocios Internacionales  en la Universidad  de Texas, en El Paso, carreras que en un futuro podr\u00eda ejercer para beneficio  del Reino.<\/span><\/p>\n<p>&#13;<\/p>\n<h6> 2008-10-28 21:23:00 <\/h6>\n<p><!--\n<link rel=\"stylesheet\" href=\"css\/bootstrap.min.css\">\n\n\n<ul class=\"pagination\">\n\t    \n\t\n\n<li >\n\t<a href='?page_no=20858'>Previous<\/a>\n\t<\/li>\n\n\n       \n    \n\n<li><a href='?page_no=1'>1<\/a><\/li>\n\n\n\n<li><a href='?page_no=2'>2<\/a><\/li>\n\n\n\n<li><a>...<\/a><\/li>\n\n\n\n<li><a href='?page_no=20857'>20857<\/a><\/li>\n\n\n\n<li><a href='?page_no=20858'>20858<\/a><\/li>\n\n\n\n<li class='active'><a>20859<\/a><\/li>\n\n\n\n<li><a href='?page_no=20860'>20860<\/a><\/li>\n\n\n\n<li><a href='?page_no=20861'>20861<\/a><\/li>\n\n\n\n<li><a>...<\/a><\/li>\n\n\n\n<li><a href='?page_no=22522'>22522<\/a><\/li>\n\n\n\n<li><a href='?page_no=22523'>22523<\/a><\/li>\n\n    \n\t\n\n<li >\n\t<a href='?page_no=20860'>Next<\/a>\n\t<\/li>\n\n\n    \n\n<li><a href='?page_no=22523'>Last &rsaquo;&rsaquo;<\/a><\/li>\n\n<\/ul>\n\n\n--><br \/>\n<\/body><\/p>\n","protected":false},"excerpt":{"rendered":"<p>Marcela G\u00e1ndara regresa con \u201cM\u00e1s que un\u00a0 anhelo\u201d a\u00a0 RD &#13; &#13; Luego de su exitosa presentaci\u00f3n el pasado a\u00f1o en el pa\u00eds, regresa a suelo\u00a0 dominicano la cantante cristiana\u00a0 Marcela G\u00e1ndara, con cuatro\u00a0 presentaciones para los p\u00fablicos de Santo Domingo, La Romana, Higuey y Santiago de los Caballeros. G\u00e1ndara, una de las cantantes cristianas [&hellip;]<\/p>\n","protected":false},"author":3,"featured_media":0,"comment_status":"open","ping_status":"open","sticky":false,"template":"","format":"standard","meta":{"footnotes":""},"categories":[25],"tags":[],"class_list":["post-92237","post","type-post","status-publish","format-standard","hentry","category-gente"],"_links":{"self":[{"href":"https:\/\/diariodominicano.com\/index.php?rest_route=\/wp\/v2\/posts\/92237","targetHints":{"allow":["GET"]}}],"collection":[{"href":"https:\/\/diariodominicano.com\/index.php?rest_route=\/wp\/v2\/posts"}],"about":[{"href":"https:\/\/diariodominicano.com\/index.php?rest_route=\/wp\/v2\/types\/post"}],"author":[{"embeddable":true,"href":"https:\/\/diariodominicano.com\/index.php?rest_route=\/wp\/v2\/users\/3"}],"replies":[{"embeddable":true,"href":"https:\/\/diariodominicano.com\/index.php?rest_route=%2Fwp%2Fv2%2Fcomments&post=92237"}],"version-history":[{"count":0,"href":"https:\/\/diariodominicano.com\/index.php?rest_route=\/wp\/v2\/posts\/92237\/revisions"}],"wp:attachment":[{"href":"https:\/\/diariodominicano.com\/index.php?rest_route=%2Fwp%2Fv2%2Fmedia&parent=92237"}],"wp:term":[{"taxonomy":"category","embeddable":true,"href":"https:\/\/diariodominicano.com\/index.php?rest_route=%2Fwp%2Fv2%2Fcategories&post=92237"},{"taxonomy":"post_tag","embeddable":true,"href":"https:\/\/diariodominicano.com\/index.php?rest_route=%2Fwp%2Fv2%2Ftags&post=92237"}],"curies":[{"name":"wp","href":"https:\/\/api.w.org\/{rel}","templated":true}]}}