{"id":92235,"date":"2008-10-28T22:20:00","date_gmt":"2008-10-28T22:20:00","guid":{"rendered":"http:\/\/diariodominicano.ddns.net\/?p=92235"},"modified":"2008-10-28T22:20:00","modified_gmt":"2008-10-28T22:20:00","slug":"dos-albumes-de-soda-stereo-hoy-a-la-venta","status":"publish","type":"post","link":"https:\/\/diariodominicano.com\/?p=92235","title":{"rendered":"Dos \u00e1lbumes  de Soda Stereo hoy a la venta"},"content":{"rendered":"<p><body><\/p>\n<p class=\"titulogrande1\">Dos \u00e1lbumes\u00a0 de Soda Stereo hoy a la venta<\/p>\n<p>&#13;<\/p>\n<p align=\"justify\" class=\"text1noticias\"><img loading=\"lazy\" decoding=\"async\" src=\"http:\/\/localhost:8080\/gente\/img\/soda cd.jpg\" width=\"375\" height=\"203\" hspace=\"4\" align=\"left\" \/>Miami, FL, 28 de  octubre del 2008.- Cuando <strong>Soda Stereo<\/strong> regres\u00f3 a los escenarios, m\u00e1s de un mill\u00f3n de espectadores fueron testigos de  este acontecimiento \u00fanico para el rock latino.<br \/>&#13;<br \/>\n  <br \/>&#13;<br \/>\n  Fueron 23 conciertos  en 9 pa\u00edses durante solamente dos meses. \u201cMe ver\u00e1s volver\u201d fue el nombre de  este espectacular tour que qued\u00f3 registrado en una producci\u00f3n discogr\u00e1fica que  est\u00e1 desde hoy disponible en todas las tiendas.<br \/>&#13;<br \/>\n  <br \/>&#13;<br \/>\n  Nada  como la energ\u00eda del p\u00fablico para complementar el original sonido del legendario  tr\u00edo argentino. Se presenta en dos CD de venta individual con las mejores  canciones de sus conciertos en Chile, Per\u00fa, Colombia, M\u00e9xico y Argentina.  \u00c9xitos como \u201cPersiana Americana\u201d, \u201cZoom\u201d, \u201cPrimavera O\u201d y \u201cSobredosis de T.V.\u201d figuran  entre las canciones de la grabaci\u00f3n.<br \/>&#13;<br \/>\n  <br \/>&#13;<br \/>\n  Contiene  material exclusivo con artistas invitados y colaboradores del grupo durante su  trayectoria como <strong>Andrea \u00c1lvarez, Gillespie, Fabi\u00e1n \u201cZorrito\u201d Quintero <\/strong>y<strong> Richard Coleman<\/strong>.\u00a0<br \/>&#13;<br \/>\n  <br \/>&#13;<br \/>\n  Este  es un disco que no debe faltar a la colecci\u00f3n de los seguidores de la banda.<br \/>&#13;<br \/>\n  <br \/>&#13;<br \/>\n  \u201cMe  Ver\u00e1s Volver\u201d es otro lanzamiento de Sony BMG Latin.<\/p>\n<p>&#13;<\/p>\n<h6> 2008-10-28 22:20:00 <\/h6>\n<p><!--\n<link rel=\"stylesheet\" href=\"css\/bootstrap.min.css\">\n\n\n<ul class=\"pagination\">\n\t    \n\t\n\n<li >\n\t<a href='?page_no=20856'>Previous<\/a>\n\t<\/li>\n\n\n       \n    \n\n<li><a href='?page_no=1'>1<\/a><\/li>\n\n\n\n<li><a href='?page_no=2'>2<\/a><\/li>\n\n\n\n<li><a>...<\/a><\/li>\n\n\n\n<li><a href='?page_no=20855'>20855<\/a><\/li>\n\n\n\n<li><a href='?page_no=20856'>20856<\/a><\/li>\n\n\n\n<li class='active'><a>20857<\/a><\/li>\n\n\n\n<li><a href='?page_no=20858'>20858<\/a><\/li>\n\n\n\n<li><a href='?page_no=20859'>20859<\/a><\/li>\n\n\n\n<li><a>...<\/a><\/li>\n\n\n\n<li><a href='?page_no=22522'>22522<\/a><\/li>\n\n\n\n<li><a href='?page_no=22523'>22523<\/a><\/li>\n\n    \n\t\n\n<li >\n\t<a href='?page_no=20858'>Next<\/a>\n\t<\/li>\n\n\n    \n\n<li><a href='?page_no=22523'>Last &rsaquo;&rsaquo;<\/a><\/li>\n\n<\/ul>\n\n\n--><br \/>\n<\/body><\/p>\n","protected":false},"excerpt":{"rendered":"<p>Dos \u00e1lbumes\u00a0 de Soda Stereo hoy a la venta &#13; Miami, FL, 28 de octubre del 2008.- Cuando Soda Stereo regres\u00f3 a los escenarios, m\u00e1s de un mill\u00f3n de espectadores fueron testigos de este acontecimiento \u00fanico para el rock latino.&#13; &#13; Fueron 23 conciertos en 9 pa\u00edses durante solamente dos meses. \u201cMe ver\u00e1s volver\u201d fue [&hellip;]<\/p>\n","protected":false},"author":3,"featured_media":0,"comment_status":"open","ping_status":"open","sticky":false,"template":"","format":"standard","meta":{"footnotes":""},"categories":[25],"tags":[],"class_list":["post-92235","post","type-post","status-publish","format-standard","hentry","category-gente"],"_links":{"self":[{"href":"https:\/\/diariodominicano.com\/index.php?rest_route=\/wp\/v2\/posts\/92235","targetHints":{"allow":["GET"]}}],"collection":[{"href":"https:\/\/diariodominicano.com\/index.php?rest_route=\/wp\/v2\/posts"}],"about":[{"href":"https:\/\/diariodominicano.com\/index.php?rest_route=\/wp\/v2\/types\/post"}],"author":[{"embeddable":true,"href":"https:\/\/diariodominicano.com\/index.php?rest_route=\/wp\/v2\/users\/3"}],"replies":[{"embeddable":true,"href":"https:\/\/diariodominicano.com\/index.php?rest_route=%2Fwp%2Fv2%2Fcomments&post=92235"}],"version-history":[{"count":0,"href":"https:\/\/diariodominicano.com\/index.php?rest_route=\/wp\/v2\/posts\/92235\/revisions"}],"wp:attachment":[{"href":"https:\/\/diariodominicano.com\/index.php?rest_route=%2Fwp%2Fv2%2Fmedia&parent=92235"}],"wp:term":[{"taxonomy":"category","embeddable":true,"href":"https:\/\/diariodominicano.com\/index.php?rest_route=%2Fwp%2Fv2%2Fcategories&post=92235"},{"taxonomy":"post_tag","embeddable":true,"href":"https:\/\/diariodominicano.com\/index.php?rest_route=%2Fwp%2Fv2%2Ftags&post=92235"}],"curies":[{"name":"wp","href":"https:\/\/api.w.org\/{rel}","templated":true}]}}