{"id":92234,"date":"2008-10-28T23:24:31","date_gmt":"2008-10-28T23:24:31","guid":{"rendered":"http:\/\/diariodominicano.ddns.net\/?p=92234"},"modified":"2008-10-28T23:24:31","modified_gmt":"2008-10-28T23:24:31","slug":"sonia-silvestre-y-victor-victor-cantaran-en-la-uasd","status":"publish","type":"post","link":"https:\/\/diariodominicano.com\/?p=92234","title":{"rendered":"Sonia Silvestre y V\u00edctor V\u00edctor cantar\u00e1n en la UASD"},"content":{"rendered":"<p><body><\/p>\n<p class=\"titulogrande1\"><strong>Sonia  Silvestre y V\u00edctor V\u00edctor cantar\u00e1n en la UASD<\/strong><\/p>\n<p>&#13;<\/p>\n<p align=\"justify\" class=\"text1noticias\">La Universidad Aut\u00f3noma de Santo Domingo  presentar\u00e1 este mi\u00e9rcoles el concierto \u201cCaminos de Esperanza\u201d, a cargo de los  artistas Sonia Silvestre y V\u00edctor V\u00edctor, \u00a0con motivo de su 470 aniversario. <\/p>\n<p>&#13;<\/p>\n<p align=\"justify\" class=\"text1noticias\">La actividad se  realizar\u00e1 a partir de las 7:00 de la noche, en la Plaza H\u00e9roes de Abril.<\/p>\n<p>&#13;<\/p>\n<p align=\"justify\" class=\"text1noticias\">El espect\u00e1culo art\u00edstico es organizado por la Rector\u00eda, la Coordinaci\u00f3n de los  Centros Universitarios Regionales y la C\u00e1mara de Diputados.<\/p>\n<p>&#13;<\/p>\n<p align=\"justify\" class=\"text1noticias\">Esos artistas  presentaron su concierto en la inauguraci\u00f3n de las oficinas para el centro  universitario regional de Neyba. <\/p>\n<p>&#13;<\/p>\n<h6> 2008-10-28 23:24:31 <\/h6>\n<p><!--\n<link rel=\"stylesheet\" href=\"css\/bootstrap.min.css\">\n\n\n<ul class=\"pagination\">\n\t    \n\t\n\n<li >\n\t<a href='?page_no=20855'>Previous<\/a>\n\t<\/li>\n\n\n       \n    \n\n<li><a href='?page_no=1'>1<\/a><\/li>\n\n\n\n<li><a href='?page_no=2'>2<\/a><\/li>\n\n\n\n<li><a>...<\/a><\/li>\n\n\n\n<li><a href='?page_no=20854'>20854<\/a><\/li>\n\n\n\n<li><a href='?page_no=20855'>20855<\/a><\/li>\n\n\n\n<li class='active'><a>20856<\/a><\/li>\n\n\n\n<li><a href='?page_no=20857'>20857<\/a><\/li>\n\n\n\n<li><a href='?page_no=20858'>20858<\/a><\/li>\n\n\n\n<li><a>...<\/a><\/li>\n\n\n\n<li><a href='?page_no=22522'>22522<\/a><\/li>\n\n\n\n<li><a href='?page_no=22523'>22523<\/a><\/li>\n\n    \n\t\n\n<li >\n\t<a href='?page_no=20857'>Next<\/a>\n\t<\/li>\n\n\n    \n\n<li><a href='?page_no=22523'>Last &rsaquo;&rsaquo;<\/a><\/li>\n\n<\/ul>\n\n\n--><br \/>\n<\/body><\/p>\n","protected":false},"excerpt":{"rendered":"<p>Sonia Silvestre y V\u00edctor V\u00edctor cantar\u00e1n en la UASD &#13; La Universidad Aut\u00f3noma de Santo Domingo presentar\u00e1 este mi\u00e9rcoles el concierto \u201cCaminos de Esperanza\u201d, a cargo de los artistas Sonia Silvestre y V\u00edctor V\u00edctor, \u00a0con motivo de su 470 aniversario. &#13; La actividad se realizar\u00e1 a partir de las 7:00 de la noche, en la [&hellip;]<\/p>\n","protected":false},"author":3,"featured_media":0,"comment_status":"open","ping_status":"open","sticky":false,"template":"","format":"standard","meta":{"footnotes":""},"categories":[25],"tags":[],"class_list":["post-92234","post","type-post","status-publish","format-standard","hentry","category-gente"],"_links":{"self":[{"href":"https:\/\/diariodominicano.com\/index.php?rest_route=\/wp\/v2\/posts\/92234","targetHints":{"allow":["GET"]}}],"collection":[{"href":"https:\/\/diariodominicano.com\/index.php?rest_route=\/wp\/v2\/posts"}],"about":[{"href":"https:\/\/diariodominicano.com\/index.php?rest_route=\/wp\/v2\/types\/post"}],"author":[{"embeddable":true,"href":"https:\/\/diariodominicano.com\/index.php?rest_route=\/wp\/v2\/users\/3"}],"replies":[{"embeddable":true,"href":"https:\/\/diariodominicano.com\/index.php?rest_route=%2Fwp%2Fv2%2Fcomments&post=92234"}],"version-history":[{"count":0,"href":"https:\/\/diariodominicano.com\/index.php?rest_route=\/wp\/v2\/posts\/92234\/revisions"}],"wp:attachment":[{"href":"https:\/\/diariodominicano.com\/index.php?rest_route=%2Fwp%2Fv2%2Fmedia&parent=92234"}],"wp:term":[{"taxonomy":"category","embeddable":true,"href":"https:\/\/diariodominicano.com\/index.php?rest_route=%2Fwp%2Fv2%2Fcategories&post=92234"},{"taxonomy":"post_tag","embeddable":true,"href":"https:\/\/diariodominicano.com\/index.php?rest_route=%2Fwp%2Fv2%2Ftags&post=92234"}],"curies":[{"name":"wp","href":"https:\/\/api.w.org\/{rel}","templated":true}]}}