{"id":92233,"date":"2008-10-28T23:27:45","date_gmt":"2008-10-28T23:27:45","guid":{"rendered":"http:\/\/diariodominicano.ddns.net\/?p=92233"},"modified":"2008-10-28T23:27:45","modified_gmt":"2008-10-28T23:27:45","slug":"la-nueva-oreja-de-van-gogh-triunfa-en-america","status":"publish","type":"post","link":"https:\/\/diariodominicano.com\/?p=92233","title":{"rendered":"La nueva \u201cOreja de Van Gogh\u201d triunfa en Am\u00e9rica"},"content":{"rendered":"<p><body><\/p>\n<p class=\"titulogrande1\">La nueva \u201cOreja de Van Gogh\u201d triunfa en  Am\u00e9rica<\/p>\n<p>&#13;<\/p>\n<p align=\"justify\" class=\"text1noticias\"><img loading=\"lazy\" decoding=\"async\" src=\"http:\/\/localhost:8080\/gente\/img\/oreja albu.jpg\" width=\"375\" height=\"244\" hspace=\"4\" align=\"left\" \/>Miami, Fl,.- Despu\u00e9s de  conseguir cuatro n\u00ba1 (lista de los \u00e1lbumes m\u00e1s vendidos de descargas digitales  en iTunes, de canciones m\u00e1s radiadas con su primer single \u201cEl \u00faltimo vals\u201d y de  v\u00eddeos con este mismo tema) y un Disco de Platino en Espa\u00f1a con su nuevo \u00e1lbum  \u201cA las cinco en el Astoria\u201d, La   Oreja de Van Gogh est\u00e1 repitiendo el \u00e9xito en Am\u00e9rica, donde  se encuentra actualmente presentando el disco. <br \/>&#13;<br \/>\n  \u00a0<br \/>&#13;<br \/>\n  El pasado 11 de octubre, la  banda donostiarra con su nueva cantante Leire Mart\u00ednez, que ha sido  magn\u00edficamente acogida en los pa\u00edses que han visitado en este periplo, actu\u00f3  ante 60,000 personas en un evento organizado por 40 PP en el Parque Sim\u00f3n  Bol\u00edvar de Bogot\u00e1 (Colombia) con un \u00e9xito que se repiti\u00f3 al d\u00eda siguiente ante  12,000 personas en la Plaza  de Toros de La Macarena  de Medell\u00edn. El 15 de octubre, La   Oreja de Van Gogh realiz\u00f3 un mini concierto ac\u00fastico en  Buenos Aires, Argentina, con motivo de la entrega de unos premios promovidos  por 40 PP y el 17 de octubre actu\u00f3, tambi\u00e9n en ac\u00fastico, en Santiago de Chile. <br \/>&#13;<br \/>\n  \u00a0<br \/>&#13;<br \/>\n  Despu\u00e9s el grupo se traslad\u00f3  para realizar diferentes actos promocionales y showcases a Miami, Puerto Rico y  M\u00e9xico D.F., donde el 27 de octubre actu\u00f3 en el Lunario de Auditorio Nacional.  En M\u00e9xico permanecer\u00e1 La Oreja  de Van Gogh hasta el 9 de noviembre presentando su nuevo \u00e1lbum en diferentes  firmas de discos (el 1 de noviembre en M\u00e9xico, D.F., el 4 en Guadalajara y el 7  en Monterrey) y showcases en directo (3 de noviembre en Guadalajara, 6 en  Monterrey y 9 en M\u00e9xico D.F.). Aprovechando esta estancia en Am\u00e9rica, el pasado  18 de octubre La Oreja  de Van Gogh grab\u00f3 el v\u00eddeo de \u201cInmortal\u201d, el segundo single del \u00e1lbum \u201cA las  cinco en el Astoria\u201d, en Valpara\u00edso, Chile.<br \/>&#13;<br \/>\n  \u00a0<br \/>&#13;<br \/>\n  \u201cA las cinco en el Astoria\u201d  es el nuevo \u00e1lbum de La Oreja  de Van Gogh, el reencuentro con la banda donostiarra tras la marcha de Amaia  Montero y la aparici\u00f3n de Leire Mart\u00ednez como nueva voz del grupo junto a Xabi  San Mart\u00edn, Pablo Benegas, \u00c1lvaro Fuentes y Haritz Garde. \u201cA las cinco en el  Astoria\u201d se grab\u00f3 en la primavera del 2008 en los estudios Du Manoir, Las  Landas, Francia y Red Led, Madrid. Producido por Nigel Walker y La Oreja de Van Gogh, contiene  12 canciones que mantienen la esencia pop que ha caracterizado a La Oreja de Van Gogh. Un \u00e1lbum  que se mantiene 13 semanas en lo m\u00e1s alto de la lista de ventas espa\u00f1ola y que  actualmente la banda presenta con gran \u00e9xito en Am\u00e9rica.<\/p>\n<p>&#13;<\/p>\n<h6> 2008-10-28 23:27:45 <\/h6>\n<p><!--\n<link rel=\"stylesheet\" href=\"css\/bootstrap.min.css\">\n\n\n<ul class=\"pagination\">\n\t    \n\t\n\n<li >\n\t<a href='?page_no=20854'>Previous<\/a>\n\t<\/li>\n\n\n       \n    \n\n<li><a href='?page_no=1'>1<\/a><\/li>\n\n\n\n<li><a href='?page_no=2'>2<\/a><\/li>\n\n\n\n<li><a>...<\/a><\/li>\n\n\n\n<li><a href='?page_no=20853'>20853<\/a><\/li>\n\n\n\n<li><a href='?page_no=20854'>20854<\/a><\/li>\n\n\n\n<li class='active'><a>20855<\/a><\/li>\n\n\n\n<li><a href='?page_no=20856'>20856<\/a><\/li>\n\n\n\n<li><a href='?page_no=20857'>20857<\/a><\/li>\n\n\n\n<li><a>...<\/a><\/li>\n\n\n\n<li><a href='?page_no=22522'>22522<\/a><\/li>\n\n\n\n<li><a href='?page_no=22523'>22523<\/a><\/li>\n\n    \n\t\n\n<li >\n\t<a href='?page_no=20856'>Next<\/a>\n\t<\/li>\n\n\n    \n\n<li><a href='?page_no=22523'>Last &rsaquo;&rsaquo;<\/a><\/li>\n\n<\/ul>\n\n\n--><br \/>\n<\/body><\/p>\n","protected":false},"excerpt":{"rendered":"<p>La nueva \u201cOreja de Van Gogh\u201d triunfa en Am\u00e9rica &#13; Miami, Fl,.- Despu\u00e9s de conseguir cuatro n\u00ba1 (lista de los \u00e1lbumes m\u00e1s vendidos de descargas digitales en iTunes, de canciones m\u00e1s radiadas con su primer single \u201cEl \u00faltimo vals\u201d y de v\u00eddeos con este mismo tema) y un Disco de Platino en Espa\u00f1a con su [&hellip;]<\/p>\n","protected":false},"author":3,"featured_media":0,"comment_status":"open","ping_status":"open","sticky":false,"template":"","format":"standard","meta":{"footnotes":""},"categories":[25],"tags":[],"class_list":["post-92233","post","type-post","status-publish","format-standard","hentry","category-gente"],"_links":{"self":[{"href":"https:\/\/diariodominicano.com\/index.php?rest_route=\/wp\/v2\/posts\/92233","targetHints":{"allow":["GET"]}}],"collection":[{"href":"https:\/\/diariodominicano.com\/index.php?rest_route=\/wp\/v2\/posts"}],"about":[{"href":"https:\/\/diariodominicano.com\/index.php?rest_route=\/wp\/v2\/types\/post"}],"author":[{"embeddable":true,"href":"https:\/\/diariodominicano.com\/index.php?rest_route=\/wp\/v2\/users\/3"}],"replies":[{"embeddable":true,"href":"https:\/\/diariodominicano.com\/index.php?rest_route=%2Fwp%2Fv2%2Fcomments&post=92233"}],"version-history":[{"count":0,"href":"https:\/\/diariodominicano.com\/index.php?rest_route=\/wp\/v2\/posts\/92233\/revisions"}],"wp:attachment":[{"href":"https:\/\/diariodominicano.com\/index.php?rest_route=%2Fwp%2Fv2%2Fmedia&parent=92233"}],"wp:term":[{"taxonomy":"category","embeddable":true,"href":"https:\/\/diariodominicano.com\/index.php?rest_route=%2Fwp%2Fv2%2Fcategories&post=92233"},{"taxonomy":"post_tag","embeddable":true,"href":"https:\/\/diariodominicano.com\/index.php?rest_route=%2Fwp%2Fv2%2Ftags&post=92233"}],"curies":[{"name":"wp","href":"https:\/\/api.w.org\/{rel}","templated":true}]}}