{"id":92232,"date":"2008-10-28T23:30:26","date_gmt":"2008-10-28T23:30:26","guid":{"rendered":"http:\/\/diariodominicano.ddns.net\/?p=92232"},"modified":"2008-10-28T23:30:26","modified_gmt":"2008-10-28T23:30:26","slug":"manana-5ta-entrega-del-prestigioso-premio-fama","status":"publish","type":"post","link":"https:\/\/diariodominicano.com\/?p=92232","title":{"rendered":"Ma\u00f1ana 5ta. entrega del prestigioso \u201cPremio Fama\u201d"},"content":{"rendered":"<p><body><\/p>\n<p class=\"titulogrande1\">Ma\u00f1ana 5ta. entrega del prestigioso \u201cPremio Fama\u201d<\/p>\n<p>&#13;<\/p>\n<p align=\"justify\" class=\"text1noticias\"><img loading=\"lazy\" decoding=\"async\" src=\"http:\/\/localhost:8080\/gente\/img\/prem fama.jpg\" width=\"375\" height=\"215\" hspace=\"4\" align=\"left\" \/>Miami, FL, 28 de octubre del 2008.-\u00a0 Con el fin de  honrar los mejores talentos del cine, la radio y televisi\u00f3n de origen latino,  se entregar\u00e1 ma\u00f1ana 29 de octubre el prestigioso Premio Fama, evento organizado  por la reconocida publicaci\u00f3n de espect\u00e1culos que lleva el mismo nombre.<br \/>&#13;<br \/>\n  <br \/>&#13;<br \/>\n  La ceremonia de  premiaci\u00f3n, que se llevar\u00e1 a cabo en el\u00a0Gusman  Center\u00a0for\u00a0the\u00a0Perfoming\u00a0Arts\u00a0de la ciudad de Miami,  ser\u00e1 conducida por los actores\u00a0<strong>Lorena  Herrera,\u00a0Gabriel Soto<\/strong> y <strong>Carlos  Mesber<\/strong>. Mientras que el ingrediente musical lo aportar\u00e1n los int\u00e9rpretes <strong>Andr\u00e9s Zuno, Giselle\u00a0D&#8217;Cole, Manu,  Melina Le\u00f3n, K-Narias\u00a0<\/strong>y<strong> Jeancarlos\u00a0Canela<\/strong>.<br \/>&#13;<br \/>\n  <br \/>&#13;<br \/>\n  Adem\u00e1s se ha confirmado la presencia de importantes  personalidades del arte latinoamericano entre lo que se destacan\u00a0<strong>Mauricio  Islas, Ang\u00e9lica Vale, Mirta Ren\u00e9e, Sebasti\u00e1n Poll, Ana Patricia Rojo, Roberto  G\u00f3mez Bola\u00f1os<\/strong>\u00a0y\u00a0<strong>Ang\u00e9lica Mar\u00eda<\/strong>, entre otros.<br \/>&#13;<br \/>\n  <br \/>&#13;<br \/>\n\u201cPremio Fama\u201d estar\u00e1 bajo la producci\u00f3n de la Revista Fama,  los productores y fundadores del Premio Fama <strong>Ileana Mu\u00f1iz<\/strong> y <strong>Al V\u00e1zquez<\/strong> con la direcci\u00f3n art\u00edstica de <strong>Jos\u00e9\u00a0Useche<\/strong>, el gui\u00f3n de<strong> Javier Dur\u00e1n <\/strong>y la producci\u00f3n de<strong> Mayra Aguilera.<\/strong><br \/>&#13;<br \/>\n<br \/>&#13;<br \/>\nEsta actividad inicia a partir de las 6:00\u00a0p.m. con el  desfile de las estrellas por la alfombra roja.<br \/>&#13;<br \/>\n<br \/>&#13;<br \/>\nEl\u00a0Gusman\u00a0Center\u00a0for\u00a0the\u00a0Perfoming\u00a0Arts\u00a0est\u00e1  localizado en 174 E.\u00a0Flagler\u00a0Street, Miami, Florida 33131.<br \/>&#13;<br \/>\n<br \/>&#13;<br \/>\nLas entradas est\u00e1n a la venta en la boleter\u00eda del teatro en  el horario de 2:00\u00a0p.m. a 5:00\u00a0p.m., y a trav\u00e9s del servicio online <a href=\"http:\/\/www.ticketmaster\/\">www.Ticketmaster<\/a> <br \/>&#13;<br \/>\n<br \/>&#13;<br \/>\nCualquier informaci\u00f3n puede llamar al n\u00famero telef\u00f3nico  305.372.0925.<\/p>\n<p>&#13;<\/p>\n<h6> 2008-10-28 23:30:26 <\/h6>\n<p><!--\n<link rel=\"stylesheet\" href=\"css\/bootstrap.min.css\">\n\n\n<ul class=\"pagination\">\n\t    \n\t\n\n<li >\n\t<a href='?page_no=20853'>Previous<\/a>\n\t<\/li>\n\n\n       \n    \n\n<li><a href='?page_no=1'>1<\/a><\/li>\n\n\n\n<li><a href='?page_no=2'>2<\/a><\/li>\n\n\n\n<li><a>...<\/a><\/li>\n\n\n\n<li><a href='?page_no=20852'>20852<\/a><\/li>\n\n\n\n<li><a href='?page_no=20853'>20853<\/a><\/li>\n\n\n\n<li class='active'><a>20854<\/a><\/li>\n\n\n\n<li><a href='?page_no=20855'>20855<\/a><\/li>\n\n\n\n<li><a href='?page_no=20856'>20856<\/a><\/li>\n\n\n\n<li><a>...<\/a><\/li>\n\n\n\n<li><a href='?page_no=22522'>22522<\/a><\/li>\n\n\n\n<li><a href='?page_no=22523'>22523<\/a><\/li>\n\n    \n\t\n\n<li >\n\t<a href='?page_no=20855'>Next<\/a>\n\t<\/li>\n\n\n    \n\n<li><a href='?page_no=22523'>Last &rsaquo;&rsaquo;<\/a><\/li>\n\n<\/ul>\n\n\n--><br \/>\n<\/body><\/p>\n","protected":false},"excerpt":{"rendered":"<p>Ma\u00f1ana 5ta. entrega del prestigioso \u201cPremio Fama\u201d &#13; Miami, FL, 28 de octubre del 2008.-\u00a0 Con el fin de honrar los mejores talentos del cine, la radio y televisi\u00f3n de origen latino, se entregar\u00e1 ma\u00f1ana 29 de octubre el prestigioso Premio Fama, evento organizado por la reconocida publicaci\u00f3n de espect\u00e1culos que lleva el mismo nombre.&#13; [&hellip;]<\/p>\n","protected":false},"author":3,"featured_media":0,"comment_status":"open","ping_status":"open","sticky":false,"template":"","format":"standard","meta":{"footnotes":""},"categories":[25],"tags":[],"class_list":["post-92232","post","type-post","status-publish","format-standard","hentry","category-gente"],"_links":{"self":[{"href":"https:\/\/diariodominicano.com\/index.php?rest_route=\/wp\/v2\/posts\/92232","targetHints":{"allow":["GET"]}}],"collection":[{"href":"https:\/\/diariodominicano.com\/index.php?rest_route=\/wp\/v2\/posts"}],"about":[{"href":"https:\/\/diariodominicano.com\/index.php?rest_route=\/wp\/v2\/types\/post"}],"author":[{"embeddable":true,"href":"https:\/\/diariodominicano.com\/index.php?rest_route=\/wp\/v2\/users\/3"}],"replies":[{"embeddable":true,"href":"https:\/\/diariodominicano.com\/index.php?rest_route=%2Fwp%2Fv2%2Fcomments&post=92232"}],"version-history":[{"count":0,"href":"https:\/\/diariodominicano.com\/index.php?rest_route=\/wp\/v2\/posts\/92232\/revisions"}],"wp:attachment":[{"href":"https:\/\/diariodominicano.com\/index.php?rest_route=%2Fwp%2Fv2%2Fmedia&parent=92232"}],"wp:term":[{"taxonomy":"category","embeddable":true,"href":"https:\/\/diariodominicano.com\/index.php?rest_route=%2Fwp%2Fv2%2Fcategories&post=92232"},{"taxonomy":"post_tag","embeddable":true,"href":"https:\/\/diariodominicano.com\/index.php?rest_route=%2Fwp%2Fv2%2Ftags&post=92232"}],"curies":[{"name":"wp","href":"https:\/\/api.w.org\/{rel}","templated":true}]}}