{"id":92231,"date":"2008-10-29T03:22:37","date_gmt":"2008-10-29T03:22:37","guid":{"rendered":"http:\/\/diariodominicano.ddns.net\/?p=92231"},"modified":"2008-10-29T03:22:37","modified_gmt":"2008-10-29T03:22:37","slug":"nuria-piera-en-una-entrevista-de-corte-humano-en-noche-de-luz","status":"publish","type":"post","link":"https:\/\/diariodominicano.com\/?p=92231","title":{"rendered":"Nuria Piera en una entrevista de corte humano en \u201cNoche de Luz\u201d"},"content":{"rendered":"<p><body><\/p>\n<p align=\"center\" class=\"titulogrande1\"><strong>Nuria Piera  en una entrevista de corte humano en \u201cNoche de Luz\u201d<\/strong><\/p>\n<p>&#13;<\/p>\n<p align=\"justify\" class=\"text1noticias\"><img loading=\"lazy\" decoding=\"async\" src=\"http:\/\/localhost:8080\/gente\/img\/nuria luz.jpg\" width=\"375\" height=\"250\" hspace=\"4\" align=\"left\" \/>Su inter\u00e9s por los problemas sociales del pa\u00eds y la  presentaci\u00f3n de las denuncias de los ciudadanos, de manera objetiva e  imparcial, la ha hecho acreedora de gran prestigio y confianza p\u00fablica; a tal  grado que su programa \u201cNuria\u201d ha reportado altos \u00edndices de audiencia desde su  salida a la televisi\u00f3n.<\/p>\n<p>&#13;<\/p>\n<p align=\"justify\" class=\"text1noticias\">Este s\u00e1bado, Luz Garc\u00eda presenta un programa muy  especial con Nuria Piera, donde los seguidores de la periodista de investigaci\u00f3n  podr\u00e1n conocer un poco m\u00e1s del ser humano que cada s\u00e1bado siguen para ver en  detalle las interesantes historias que presenta.<\/p>\n<p>&#13;<\/p>\n<p align=\"justify\" class=\"text1noticias\">Nuria habla de su experiencia y trayectoria en los  medios de comunicaci\u00f3n, del delicado proceso que debe llevarse a cabo para investigar  los casos que tratan, de su vida personal, sus deseos, inquietudes, de su hija  y de su padre.<\/p>\n<p>&#13;<\/p>\n<p align=\"justify\" class=\"text1noticias\">Conozca un poco m\u00e1s de esta mujer que no en vano ha  recibido tantos reconocimientos y que sirve de manera silente de empuje y  ejemplo a muchas mujeres a luchar e ir por lo que quieren. <\/p>\n<p>&#13;<\/p>\n<p align=\"justify\" class=\"text1noticias\">En otro segmento, estar\u00e1 como invitada la reconocida  sex\u00f3loga Ana Sim\u00f3, quien a trav\u00e9s de la radio, la televisi\u00f3n y la prensa  escrita se ha convertido en un gran apoyo de hombres y mujeres que padecen  problemas de pareja y de sexualidad, y que en sus acertadas explicaciones han  podido encontrar la luz a sus problemas.<\/p>\n<p>&#13;<\/p>\n<div align=\"justify\">&#13;<\/p>\n<ul>&#13;<\/p>\n<li class=\"text1noticias\">Sim\u00f3 nos  abre adem\u00e1s las puertas de su vida privada y nos permite presentarles a su  esposo y su peque\u00f1o reto\u00f1o. Adem\u00e1s, en \u201cNoche de Luz\u201d dar\u00e1 una gran primicia a  todos los televidentes.<\/li>\n<p>&#13;<\/p>\n<li class=\"text1noticias\">\u00a0<\/li>\n<p>&#13;\n  <\/ul>\n<p>&#13;\n<\/p><\/div>\n<p>&#13;<\/p>\n<p align=\"justify\" class=\"text1noticias\">El equipo de producci\u00f3n inicia la presentaci\u00f3n de una  serie de reportajes desde Santiago, partiendo con uno titulado \u201c?La TV de  Santiago: cruda o real?\u201d.<\/p>\n<p>&#13;<\/p>\n<p align=\"justify\" class=\"text1noticias\">Y en \u201cFlashes\u201d, Keyther Est\u00e9vez nos presenta los 20  a\u00f1os de TV Revista.<\/p>\n<p>&#13;<\/p>\n<h6> 2008-10-29 03:22:37 <\/h6>\n<p><!--\n<link rel=\"stylesheet\" href=\"css\/bootstrap.min.css\">\n\n\n<ul class=\"pagination\">\n\t    \n\t\n\n<li >\n\t<a href='?page_no=20852'>Previous<\/a>\n\t<\/li>\n\n\n       \n    \n\n<li><a href='?page_no=1'>1<\/a><\/li>\n\n\n\n<li><a href='?page_no=2'>2<\/a><\/li>\n\n\n\n<li><a>...<\/a><\/li>\n\n\n\n<li><a href='?page_no=20851'>20851<\/a><\/li>\n\n\n\n<li><a href='?page_no=20852'>20852<\/a><\/li>\n\n\n\n<li class='active'><a>20853<\/a><\/li>\n\n\n\n<li><a href='?page_no=20854'>20854<\/a><\/li>\n\n\n\n<li><a href='?page_no=20855'>20855<\/a><\/li>\n\n\n\n<li><a>...<\/a><\/li>\n\n\n\n<li><a href='?page_no=22522'>22522<\/a><\/li>\n\n\n\n<li><a href='?page_no=22523'>22523<\/a><\/li>\n\n    \n\t\n\n<li >\n\t<a href='?page_no=20854'>Next<\/a>\n\t<\/li>\n\n\n    \n\n<li><a href='?page_no=22523'>Last &rsaquo;&rsaquo;<\/a><\/li>\n\n<\/ul>\n\n\n--><br \/>\n<\/body><\/p>\n","protected":false},"excerpt":{"rendered":"<p>Nuria Piera en una entrevista de corte humano en \u201cNoche de Luz\u201d &#13; Su inter\u00e9s por los problemas sociales del pa\u00eds y la presentaci\u00f3n de las denuncias de los ciudadanos, de manera objetiva e imparcial, la ha hecho acreedora de gran prestigio y confianza p\u00fablica; a tal grado que su programa \u201cNuria\u201d ha reportado altos [&hellip;]<\/p>\n","protected":false},"author":3,"featured_media":0,"comment_status":"open","ping_status":"open","sticky":false,"template":"","format":"standard","meta":{"footnotes":""},"categories":[25],"tags":[],"class_list":["post-92231","post","type-post","status-publish","format-standard","hentry","category-gente"],"_links":{"self":[{"href":"https:\/\/diariodominicano.com\/index.php?rest_route=\/wp\/v2\/posts\/92231","targetHints":{"allow":["GET"]}}],"collection":[{"href":"https:\/\/diariodominicano.com\/index.php?rest_route=\/wp\/v2\/posts"}],"about":[{"href":"https:\/\/diariodominicano.com\/index.php?rest_route=\/wp\/v2\/types\/post"}],"author":[{"embeddable":true,"href":"https:\/\/diariodominicano.com\/index.php?rest_route=\/wp\/v2\/users\/3"}],"replies":[{"embeddable":true,"href":"https:\/\/diariodominicano.com\/index.php?rest_route=%2Fwp%2Fv2%2Fcomments&post=92231"}],"version-history":[{"count":0,"href":"https:\/\/diariodominicano.com\/index.php?rest_route=\/wp\/v2\/posts\/92231\/revisions"}],"wp:attachment":[{"href":"https:\/\/diariodominicano.com\/index.php?rest_route=%2Fwp%2Fv2%2Fmedia&parent=92231"}],"wp:term":[{"taxonomy":"category","embeddable":true,"href":"https:\/\/diariodominicano.com\/index.php?rest_route=%2Fwp%2Fv2%2Fcategories&post=92231"},{"taxonomy":"post_tag","embeddable":true,"href":"https:\/\/diariodominicano.com\/index.php?rest_route=%2Fwp%2Fv2%2Ftags&post=92231"}],"curies":[{"name":"wp","href":"https:\/\/api.w.org\/{rel}","templated":true}]}}