{"id":92230,"date":"2008-10-29T15:56:02","date_gmt":"2008-10-29T15:56:02","guid":{"rendered":"http:\/\/diariodominicano.ddns.net\/?p=92230"},"modified":"2008-10-29T15:56:02","modified_gmt":"2008-10-29T15:56:02","slug":"pavel-nunez-cierra-gira-universitaria-este-viernes-31-en-la-uasd","status":"publish","type":"post","link":"https:\/\/diariodominicano.com\/?p=92230","title":{"rendered":"Pavel N\u00fa\u00f1ez, cierra Gira Universitaria este viernes 31 en La UASD"},"content":{"rendered":"<p><body><\/p>\n<p align=\"center\" class=\"titulogrande1\"><strong>Pavel N\u00fa\u00f1ez, cierra Gira Universitaria este viernes 31  en La UASD<\/strong> <\/p>\n<p>&#13;<\/p>\n<p align=\"justify\" class=\"text1noticias\"><strong><img loading=\"lazy\" decoding=\"async\" src=\"http:\/\/localhost:8080\/gente\/img\/pave concert.jpg\" width=\"375\" height=\"845\" hspace=\"4\" align=\"left\" \/>Santo  Domingo, Rep\u00fablica Dominicana<\/strong>.- Pavel  N\u00fa\u00f1ez cierra su s\u00e9ptima gira universitaria este viernes 31 de octubre en la Universidad Aut\u00f3noma  de Santo Domingo (UASD), con un concierto espectacular totalmente gratis.<\/p>\n<p>&#13;<\/p>\n<p align=\"justify\" class=\"text1noticias\">La  jornada pautada para las 8:00 de la noche en el parqueo frente a la biblioteca  del recinto acad\u00e9mico, es un esfuerzo para que los seguidores de Pavel  disfruten de lo mejor de su m\u00fasica dentro de un ambiente seguro y confiable.<\/p>\n<p>&#13;<\/p>\n<p align=\"justify\" class=\"text1noticias\">Los  invitados musicales han variado y en esta ocasi\u00f3n llega con el cantante  Cristian Daniel y el rapero Gnomico para poner colores diferentes al ambiente  al igual que el cubano Michelle Fragoso, que al d\u00eda siguiente debuta en Casa de  Teatro.<\/p>\n<p>&#13;<\/p>\n<p align=\"justify\" class=\"text1noticias\"> Los  m\u00fasicos que lo acompa\u00f1an son en gran parte los que Juan Lu\u00eds Guerra usa en su  banda 440 como Guy Fr\u00f3meta en la   Bater\u00eda, el guitarrista Lu\u00eds Pay\u00e1n, el percusionista Isidro  Bobadilla y el trombonista Patricio Bonilla quienes garantizan un  acompa\u00f1amiento sin desperdicios.<\/p>\n<p>&#13;<\/p>\n<p align=\"justify\" class=\"text1noticias\">Se  anunci\u00f3 una \u00abBomba\u00bb para la noche, garantizando un cierre  espectacular de la gira que\u00a0durante el\u00a0mes visit\u00f3 San Franciso de  Macor\u00eds, San Pedro, Santiago y finaliza\u00a0este viernes 31 de octubre en  Santo Domingo.<\/p>\n<p>&#13;<\/p>\n<p align=\"justify\" class=\"text1noticias\">Ha  sido el mejor a\u00f1o en la\u00a0carrera de Pavel, comenzando con la reposici\u00f3n de  su espect\u00e1culo \u00abBig Band N\u00fa\u00f1ez\u00bb en el Teatro Nacional a casa llena en  Febrero pasado, continuando con una gira de presentaciones abriendo los  conciertos de Juan Lu\u00eds Guerra en Espa\u00f1a, siguiendo con la s\u00e9ptima edici\u00f3n de  su gira universitaria; imagen de una importante marca de celulares en la que  comparte honor con el \u00a0colombiano Fonseca y finaliza con un tour de 15  conciertos que lo llevar\u00e1 por varias ciudades de la geograf\u00eda nacional.<\/p>\n<p>&#13;<\/p>\n<p align=\"justify\" class=\"text1noticias\"> Una  vez m\u00e1s Pavel N\u00fa\u00f1ez se impone como el cantante solista del a\u00f1o 2008 en  Rep\u00fablica Dominicana y se abre al 2009 mirando escenarios de mayor calado, con  la confianza que le da un p\u00fablico fiel que lo sigue donde quiera que se  presente.<\/p>\n<p>&#13;<\/p>\n<h6> 2008-10-29 15:56:02 <\/h6>\n<p><!--\n<link rel=\"stylesheet\" href=\"css\/bootstrap.min.css\">\n\n\n<ul class=\"pagination\">\n\t    \n\t\n\n<li >\n\t<a href='?page_no=20851'>Previous<\/a>\n\t<\/li>\n\n\n       \n    \n\n<li><a href='?page_no=1'>1<\/a><\/li>\n\n\n\n<li><a href='?page_no=2'>2<\/a><\/li>\n\n\n\n<li><a>...<\/a><\/li>\n\n\n\n<li><a href='?page_no=20850'>20850<\/a><\/li>\n\n\n\n<li><a href='?page_no=20851'>20851<\/a><\/li>\n\n\n\n<li class='active'><a>20852<\/a><\/li>\n\n\n\n<li><a href='?page_no=20853'>20853<\/a><\/li>\n\n\n\n<li><a href='?page_no=20854'>20854<\/a><\/li>\n\n\n\n<li><a>...<\/a><\/li>\n\n\n\n<li><a href='?page_no=22522'>22522<\/a><\/li>\n\n\n\n<li><a href='?page_no=22523'>22523<\/a><\/li>\n\n    \n\t\n\n<li >\n\t<a href='?page_no=20853'>Next<\/a>\n\t<\/li>\n\n\n    \n\n<li><a href='?page_no=22523'>Last &rsaquo;&rsaquo;<\/a><\/li>\n\n<\/ul>\n\n\n--><br \/>\n<\/body><\/p>\n","protected":false},"excerpt":{"rendered":"<p>Pavel N\u00fa\u00f1ez, cierra Gira Universitaria este viernes 31 en La UASD &#13; Santo Domingo, Rep\u00fablica Dominicana.- Pavel N\u00fa\u00f1ez cierra su s\u00e9ptima gira universitaria este viernes 31 de octubre en la Universidad Aut\u00f3noma de Santo Domingo (UASD), con un concierto espectacular totalmente gratis. &#13; La jornada pautada para las 8:00 de la noche en el parqueo [&hellip;]<\/p>\n","protected":false},"author":3,"featured_media":0,"comment_status":"open","ping_status":"open","sticky":false,"template":"","format":"standard","meta":{"footnotes":""},"categories":[25],"tags":[],"class_list":["post-92230","post","type-post","status-publish","format-standard","hentry","category-gente"],"_links":{"self":[{"href":"https:\/\/diariodominicano.com\/index.php?rest_route=\/wp\/v2\/posts\/92230","targetHints":{"allow":["GET"]}}],"collection":[{"href":"https:\/\/diariodominicano.com\/index.php?rest_route=\/wp\/v2\/posts"}],"about":[{"href":"https:\/\/diariodominicano.com\/index.php?rest_route=\/wp\/v2\/types\/post"}],"author":[{"embeddable":true,"href":"https:\/\/diariodominicano.com\/index.php?rest_route=\/wp\/v2\/users\/3"}],"replies":[{"embeddable":true,"href":"https:\/\/diariodominicano.com\/index.php?rest_route=%2Fwp%2Fv2%2Fcomments&post=92230"}],"version-history":[{"count":0,"href":"https:\/\/diariodominicano.com\/index.php?rest_route=\/wp\/v2\/posts\/92230\/revisions"}],"wp:attachment":[{"href":"https:\/\/diariodominicano.com\/index.php?rest_route=%2Fwp%2Fv2%2Fmedia&parent=92230"}],"wp:term":[{"taxonomy":"category","embeddable":true,"href":"https:\/\/diariodominicano.com\/index.php?rest_route=%2Fwp%2Fv2%2Fcategories&post=92230"},{"taxonomy":"post_tag","embeddable":true,"href":"https:\/\/diariodominicano.com\/index.php?rest_route=%2Fwp%2Fv2%2Ftags&post=92230"}],"curies":[{"name":"wp","href":"https:\/\/api.w.org\/{rel}","templated":true}]}}