{"id":92229,"date":"2008-10-29T18:29:56","date_gmt":"2008-10-29T18:29:56","guid":{"rendered":"http:\/\/diariodominicano.ddns.net\/?p=92229"},"modified":"2008-10-29T18:29:56","modified_gmt":"2008-10-29T18:29:56","slug":"dios-los-cria-y-ellos-se-juntan-llega-al-cinema-cafe","status":"publish","type":"post","link":"https:\/\/diariodominicano.com\/?p=92229","title":{"rendered":"Dios los cr\u00eda y ellos se juntan llega al Cinema Caf\u00e9"},"content":{"rendered":"<p><body><\/p>\n<p align=\"justify\"><strong class=\"titulogrande1\">Dios los cr\u00eda y  ellos se juntan llega al Cinema Caf\u00e9 <\/strong><br \/>&#13;<br \/>\n  <br \/>&#13;<br \/>\n    <span class=\"text1noticias\"><img loading=\"lazy\" decoding=\"async\" src=\"http:\/\/localhost:8080\/gente\/img\/pock dom.jpg\" width=\"375\" height=\"1199\" hspace=\"4\" align=\"left\" \/>La escena del rock nacional re\u00fane a dos de los m\u00e1s importantes  int\u00e9rpretes de la m\u00fasica contempor\u00e1nea dominicana, Diego Mena y Nelson Poket se  reencuentran en un mismo escenario para dar en conjunto una noche cargada de  emociones y buena m\u00fasica. Los dos solistas presentar\u00e1n en Cinema Caf\u00e9 \u201c<strong>Dios  los Cr\u00eda y Ellos se Juntan\u201d, <\/strong>el pr\u00f3ximo s\u00e1bado 1 de noviembre a partir de  las 9:00 de la noche<strong>.<\/strong><br \/>&#13;<br \/>\n    <br \/>&#13;<br \/>\n    Luego de cosechar \u00e9xitos nacionales e internacionales  por separado, vuelven a rememorar sus ra\u00edces en la m\u00fasica y el tiempo juntos.  Los asistentes disfrutar\u00e1n de un repertorio singular y henchido de emotividad,  <br \/>&#13;<br \/>\n    energ\u00eda y calidad. <br \/>&#13;<br \/>\n    <br \/>&#13;<br \/>\n  Este mes de octubre <strong>Nelson Poket <\/strong>llev\u00f3 a cabo de forma exitosa el lanzamiento de su segundo EP en solitario, titulado: <strong><em>Bonanza<\/em>,<\/strong> un disco que el int\u00e9rprete  ha catalogado como \u201c<em>la celebraci\u00f3n de uno de los mejores a\u00f1os de mi vida\u201d<\/em> del que se extrae el sencillo \u201c<strong>Mala Persona\u201d,<\/strong> el cual suena en la radio  nacional y que ser\u00e1 complementado con un video que comenzar\u00e1 a rodarse en  algunas semanas. <br \/>&#13;<br \/>\n  <br \/>&#13;<br \/>\n  <strong>Diego Mena<\/strong> por su parte present\u00f3 con  \u00e9xito el pasado mes de agosto su primera producci\u00f3n discogr\u00e1fica titulada \u201c<strong>Hey!\u201d. <\/strong>Este disco tambi\u00e9n fue lanzado en el \u00a0LAMC (Latin Alternative Music  Conference), evento celebrado en agosto pasado en la ciudad de Nueva York y que  cont\u00f3 con la participaci\u00f3n de las figuras m\u00e1s importantes de la industria del  disco y la M\u00fasica Alternativa de toda Latinoam\u00e9rica. <br \/>&#13;<br \/>\n  <br \/>&#13;<br \/>\n  Su tema \u201c<em>Se me fue la mano\u201d<\/em> ha sido seleccionado  por la emisora KCRW de Los \u00c1ngeles para entrar en rotaci\u00f3n radial en los  segmentos \u201cToday&#8217;s Top Tunes\u201d y \u201cMorning Becomes Eclectic\u201d y\u00a0 al  mismo tiempo el disco forma parte del cat\u00e1logo de ventas de iTunes y de los  podcast de la emisora californiana en iTunes. <br \/>&#13;<br \/>\n  <br \/>&#13;<br \/>\n  De  igual forma, el primer videoclip de \u201cHey!\u201d, el sencillo \u201cSe me fue la mano\u201d, se  encuentra en la fase final de edici\u00f3n bajo la direcci\u00f3n de Jan \u201cBabeto\u201d  Rodr\u00edguez. El video se enmarc\u00f3 con una visual retro, bastante folk y elegante a  la vez, Cont\u00f3 adem\u00e1s con la participaci\u00f3n de la bailarina y tambi\u00e9n modelo  Aneley C\u00e1ceres. El mismo ser\u00e1 presentado a los medios nacionales en las  pr\u00f3ximas semanas. <br \/>&#13;<br \/>\n  <br \/>&#13;<br \/>\n  <strong>\u201cDios los Cr\u00eda y Ellos se Juntan\u201d <\/strong>tiene un  derecho de admisi\u00f3n de 200RD$ p\/p y promete hacer vibrar a todos sus  asistentes.<br \/>&#13;<br \/>\n  <br \/>&#13;<br \/>\n  <strong>La Ficha:<\/strong><br \/>&#13;<br \/>\n\u201cDios los Cr\u00eda y Ellos se Juntan\u201d. <strong>Lugar:<\/strong> Bar del Cinema Caf\u00e9. <strong>Hora: <\/strong>9:00 de la noche. <strong>Entrada:<\/strong> 200 p\/p. <\/span><\/p>\n<p>&#13;<\/p>\n<h6> 2008-10-29 18:29:56 <\/h6>\n<p><!--\n<link rel=\"stylesheet\" href=\"css\/bootstrap.min.css\">\n\n\n<ul class=\"pagination\">\n\t    \n\t\n\n<li >\n\t<a href='?page_no=20850'>Previous<\/a>\n\t<\/li>\n\n\n       \n    \n\n<li><a href='?page_no=1'>1<\/a><\/li>\n\n\n\n<li><a href='?page_no=2'>2<\/a><\/li>\n\n\n\n<li><a>...<\/a><\/li>\n\n\n\n<li><a href='?page_no=20849'>20849<\/a><\/li>\n\n\n\n<li><a href='?page_no=20850'>20850<\/a><\/li>\n\n\n\n<li class='active'><a>20851<\/a><\/li>\n\n\n\n<li><a href='?page_no=20852'>20852<\/a><\/li>\n\n\n\n<li><a href='?page_no=20853'>20853<\/a><\/li>\n\n\n\n<li><a>...<\/a><\/li>\n\n\n\n<li><a href='?page_no=22522'>22522<\/a><\/li>\n\n\n\n<li><a href='?page_no=22523'>22523<\/a><\/li>\n\n    \n\t\n\n<li >\n\t<a href='?page_no=20852'>Next<\/a>\n\t<\/li>\n\n\n    \n\n<li><a href='?page_no=22523'>Last &rsaquo;&rsaquo;<\/a><\/li>\n\n<\/ul>\n\n\n--><br \/>\n<\/body><\/p>\n","protected":false},"excerpt":{"rendered":"<p>Dios los cr\u00eda y ellos se juntan llega al Cinema Caf\u00e9 &#13; &#13; La escena del rock nacional re\u00fane a dos de los m\u00e1s importantes int\u00e9rpretes de la m\u00fasica contempor\u00e1nea dominicana, Diego Mena y Nelson Poket se reencuentran en un mismo escenario para dar en conjunto una noche cargada de emociones y buena m\u00fasica. Los [&hellip;]<\/p>\n","protected":false},"author":3,"featured_media":0,"comment_status":"open","ping_status":"open","sticky":false,"template":"","format":"standard","meta":{"footnotes":""},"categories":[25],"tags":[],"class_list":["post-92229","post","type-post","status-publish","format-standard","hentry","category-gente"],"_links":{"self":[{"href":"https:\/\/diariodominicano.com\/index.php?rest_route=\/wp\/v2\/posts\/92229","targetHints":{"allow":["GET"]}}],"collection":[{"href":"https:\/\/diariodominicano.com\/index.php?rest_route=\/wp\/v2\/posts"}],"about":[{"href":"https:\/\/diariodominicano.com\/index.php?rest_route=\/wp\/v2\/types\/post"}],"author":[{"embeddable":true,"href":"https:\/\/diariodominicano.com\/index.php?rest_route=\/wp\/v2\/users\/3"}],"replies":[{"embeddable":true,"href":"https:\/\/diariodominicano.com\/index.php?rest_route=%2Fwp%2Fv2%2Fcomments&post=92229"}],"version-history":[{"count":0,"href":"https:\/\/diariodominicano.com\/index.php?rest_route=\/wp\/v2\/posts\/92229\/revisions"}],"wp:attachment":[{"href":"https:\/\/diariodominicano.com\/index.php?rest_route=%2Fwp%2Fv2%2Fmedia&parent=92229"}],"wp:term":[{"taxonomy":"category","embeddable":true,"href":"https:\/\/diariodominicano.com\/index.php?rest_route=%2Fwp%2Fv2%2Fcategories&post=92229"},{"taxonomy":"post_tag","embeddable":true,"href":"https:\/\/diariodominicano.com\/index.php?rest_route=%2Fwp%2Fv2%2Ftags&post=92229"}],"curies":[{"name":"wp","href":"https:\/\/api.w.org\/{rel}","templated":true}]}}