{"id":92227,"date":"2008-10-29T23:07:36","date_gmt":"2008-10-29T23:07:36","guid":{"rendered":"http:\/\/diariodominicano.ddns.net\/?p=92227"},"modified":"2008-10-29T23:07:36","modified_gmt":"2008-10-29T23:07:36","slug":"paulo-fg-talento-cubano-que-triunfa-en-europa","status":"publish","type":"post","link":"https:\/\/diariodominicano.com\/?p=92227","title":{"rendered":"Paulo FG talento cubano que triunfa en Europa"},"content":{"rendered":"<p><body><\/p>\n<p class=\"titulogrande1\">Paulo FG talento cubano  que triunfa en Europa<\/p>\n<p>&#13;<\/p>\n<p align=\"justify\" class=\"text1noticias\"><img loading=\"lazy\" decoding=\"async\" src=\"http:\/\/localhost:8080\/gente\/img\/italo cuba.jpg\" width=\"375\" height=\"282\" hspace=\"4\" align=\"left\" \/>Miami, FL, 29 de  octubre del 2008.- En Europa, <strong>Paulo FG<\/strong> es una referencia directa de la m\u00fasica cubana y en ciudades de Am\u00e9rica su  talento ha llegado tanto con sus discos, como por sus canciones, interpretadas  por artistas como <strong>Jhonny Rivera<\/strong> e <strong>Isidro Infante<\/strong>. El carism\u00e1tico  cantautor italo-cubano radicado en Roma, llega a Miami para presentarse en La  Covacha, en Kaff\u00e9 Krystal y en el popular Club Rancho Grande de Okeechobee Road  en la ciudad de Hialeah.<br \/>&#13;<br \/>\n  <br \/>&#13;<br \/>\n  Paulo FG derrocha  prestigio y talento. Nacido en la ciudad de La Habana, en 1963, se lanz\u00f3  profesionalmente a la m\u00fasica con su presentaci\u00f3n en el Festival Internacional  de Varadero con <strong>Adalberto \u00c1lvarez y su  Son<\/strong>. Dos a\u00f1os m\u00e1s tarde, consolida su carrera como cantante estrella del  grupo <strong>Dan Den<\/strong>, de <strong>Juan Carlos Alfonso<\/strong>, confirmando que lo  suyo tambi\u00e9n era componer. Tanto el tema \u201cEl humo o la vida\u00bb como \u201cSiempre  hay un ojo que te ve\u00bb, ambos de su autor\u00eda, lo ubican en los primeros  lugares de popularidad.<br \/>&#13;<br \/>\n  <br \/>&#13;<br \/>\n  De inmediato  comienza a girar fuera de su pa\u00eds y debuta con su propia agrupaci\u00f3n. As\u00ed nace  Paulo FG y su grupo <strong>\u00c9lite <\/strong>en el  1992, d\u00e1ndose a conocer con su primer disco titulado \u201cT\u00fa no me calculas\u00bb,  lanzado simult\u00e1neamente en las ciudades de La Habana y Tokio, Jap\u00f3n. Le sigue  \u201cSofoc\u00e1ndote\u00bb (1994) bajo el sello Magic Music de Barcelona, el que lo  mantuvo por 22 semanas en las listas de popularidad en las radios espa\u00f1olas.<br \/>&#13;<br \/>\n  <br \/>&#13;<br \/>\n  Luego llegaron \u201cEl  bueno soy yo\u00bb (1996), \u201cCon la conciencia tranquila\u00bb (1997) junto a la  Fania All Stars, y un disco homenaje al maestro <strong>Tito Puente<\/strong>. Recibe el nuevo milenio con \u201cUna vez m\u00e1s por amor\u201d, su  sexta grabaci\u00f3n, y en el 2002 presenta \u201cTe deseo suerte\u201d, otro gran \u00e9xito de su  carrera.\u00a0 Por estos d\u00edas se lo escucha en  las radios de Europa y Latinoam\u00e9rica con \u201cUn poquito de to\u201d, as\u00ed como \u201cLa  celosa\u201d, a dueto con <strong>Jacob Forever<\/strong> y  \u201cConf\u00edo en ti\u201d, el sencillo estreno que ha pegado fuertemente en Per\u00fa.<br \/>&#13;<br \/>\n  <br \/>&#13;<br \/>\n  Ahora llega el  momento de brillar en la Ciudad del Sol. El p\u00fablico de Miami conocer\u00e1 a este  m\u00fasico cubano radicado en Italia que tiene una descomunal energ\u00eda tropical, el  ritmo con el calor de su tierra y la sabidur\u00eda musical de un artista del mundo.<\/p>\n<p>&#13;<\/p>\n<h6> 2008-10-29 23:07:36 <\/h6>\n<p><!--\n<link rel=\"stylesheet\" href=\"css\/bootstrap.min.css\">\n\n\n<ul class=\"pagination\">\n\t    \n\t\n\n<li >\n\t<a href='?page_no=20848'>Previous<\/a>\n\t<\/li>\n\n\n       \n    \n\n<li><a href='?page_no=1'>1<\/a><\/li>\n\n\n\n<li><a href='?page_no=2'>2<\/a><\/li>\n\n\n\n<li><a>...<\/a><\/li>\n\n\n\n<li><a href='?page_no=20847'>20847<\/a><\/li>\n\n\n\n<li><a href='?page_no=20848'>20848<\/a><\/li>\n\n\n\n<li class='active'><a>20849<\/a><\/li>\n\n\n\n<li><a href='?page_no=20850'>20850<\/a><\/li>\n\n\n\n<li><a href='?page_no=20851'>20851<\/a><\/li>\n\n\n\n<li><a>...<\/a><\/li>\n\n\n\n<li><a href='?page_no=22522'>22522<\/a><\/li>\n\n\n\n<li><a href='?page_no=22523'>22523<\/a><\/li>\n\n    \n\t\n\n<li >\n\t<a href='?page_no=20850'>Next<\/a>\n\t<\/li>\n\n\n    \n\n<li><a href='?page_no=22523'>Last &rsaquo;&rsaquo;<\/a><\/li>\n\n<\/ul>\n\n\n--><br \/>\n<\/body><\/p>\n","protected":false},"excerpt":{"rendered":"<p>Paulo FG talento cubano que triunfa en Europa &#13; Miami, FL, 29 de octubre del 2008.- En Europa, Paulo FG es una referencia directa de la m\u00fasica cubana y en ciudades de Am\u00e9rica su talento ha llegado tanto con sus discos, como por sus canciones, interpretadas por artistas como Jhonny Rivera e Isidro Infante. El [&hellip;]<\/p>\n","protected":false},"author":3,"featured_media":0,"comment_status":"open","ping_status":"open","sticky":false,"template":"","format":"standard","meta":{"footnotes":""},"categories":[25],"tags":[],"class_list":["post-92227","post","type-post","status-publish","format-standard","hentry","category-gente"],"_links":{"self":[{"href":"https:\/\/diariodominicano.com\/index.php?rest_route=\/wp\/v2\/posts\/92227","targetHints":{"allow":["GET"]}}],"collection":[{"href":"https:\/\/diariodominicano.com\/index.php?rest_route=\/wp\/v2\/posts"}],"about":[{"href":"https:\/\/diariodominicano.com\/index.php?rest_route=\/wp\/v2\/types\/post"}],"author":[{"embeddable":true,"href":"https:\/\/diariodominicano.com\/index.php?rest_route=\/wp\/v2\/users\/3"}],"replies":[{"embeddable":true,"href":"https:\/\/diariodominicano.com\/index.php?rest_route=%2Fwp%2Fv2%2Fcomments&post=92227"}],"version-history":[{"count":0,"href":"https:\/\/diariodominicano.com\/index.php?rest_route=\/wp\/v2\/posts\/92227\/revisions"}],"wp:attachment":[{"href":"https:\/\/diariodominicano.com\/index.php?rest_route=%2Fwp%2Fv2%2Fmedia&parent=92227"}],"wp:term":[{"taxonomy":"category","embeddable":true,"href":"https:\/\/diariodominicano.com\/index.php?rest_route=%2Fwp%2Fv2%2Fcategories&post=92227"},{"taxonomy":"post_tag","embeddable":true,"href":"https:\/\/diariodominicano.com\/index.php?rest_route=%2Fwp%2Fv2%2Ftags&post=92227"}],"curies":[{"name":"wp","href":"https:\/\/api.w.org\/{rel}","templated":true}]}}