{"id":92226,"date":"2008-10-30T15:27:48","date_gmt":"2008-10-30T15:27:48","guid":{"rendered":"http:\/\/diariodominicano.ddns.net\/?p=92226"},"modified":"2008-10-30T15:27:48","modified_gmt":"2008-10-30T15:27:48","slug":"campana-antirrabica-samana-2008","status":"publish","type":"post","link":"https:\/\/diariodominicano.com\/?p=92226","title":{"rendered":"\u201cCampa\u00f1a Antirr\u00e1bica Saman\u00e1 2008\u201d"},"content":{"rendered":"<p><body><\/p>\n<p align=\"justify\"><span class=\"titulogrande1\">\u201cCampa\u00f1a  Antirr\u00e1bica Saman\u00e1 2008\u201d<\/span><br \/>&#13;<br \/>\n  <br \/>&#13;<br \/>\n    <span class=\"text1noticias\"><img loading=\"lazy\" decoding=\"async\" src=\"http:\/\/localhost:8080\/gente\/img\/saman perro.jpg\" width=\"375\" height=\"579\" hspace=\"4\" align=\"left\" \/>La  poblaci\u00f3n canina en las calles de Saman\u00e1 es enorme y cada d\u00eda se multiplica  indiscriminadamente. Una gran proporci\u00f3n de estos canes vive de forma deplorable  y deprimente,\u00a0 llegando a convertirse en  victimas de maltrato y repulsi\u00f3n de algunos habitantes y visitantes.<br \/>&#13;<br \/>\n    <br \/>&#13;<br \/>\n    Con  este panorama, desde el 2006,\u00a0 Project  Saman\u00e1 y la Asociaci\u00f3n de Amigos de los Animales de Sos\u00faa, Inc., junto a un  grupo de voluntarios, la Secretaria de Estado de Salud P\u00fablica y Asistencia  Social (SESPAS), la Secretaria de Estado de Agricultura y otras organizaciones  no gubernamentales,\u00a0 han\u00a0 organizado jornadas de salud para mejorar las  condiciones de vida de los perros que deambulan en las calles saman\u00e9,  vacun\u00e1ndolos contra la rabia, cur\u00e1ndolos de sarna y desparasit\u00e1ndolos, llegando  a atender en solo un fin de semana hasta 750 canes.<br \/>&#13;<br \/>\n    <br \/>&#13;<br \/>\n    Con  pocos recursos y mucha uni\u00f3n de voluntades, este a\u00f1o tambi\u00e9n est\u00e1 previsto a realizarse  la\u00a0 \u201cCampa\u00f1a Antirr\u00e1bica Saman\u00e1 2008\u201d,\u00a0 y se llevar\u00e1 a cabo los d\u00edas 1 y 2 de noviembre  en el \u00e1rea verde del Malec\u00f3n de Santa\u00a0 B\u00e1rbara de Saman\u00e1. <br \/>&#13;<br \/>\n    <br \/>&#13;<br \/>\n    Mediante  la campa\u00f1a los perros ser\u00e1n contados, evaluados, vacunados, operados y por  ultimo se le colocar\u00e1 un collar\u00a0 de color  amarillo que identificar\u00e1 a los caninos que han sido asistidos. Con esto, la  poblaci\u00f3n perruna que circula en las calles de Saman\u00e1, \u00a0contar\u00e1 con las  atenciones necesarias para que no sean un foco de contaminaci\u00f3n de rabia,\u00a0 leptopirosis y otras afecciones para los\/as  habitantes y visitantes de esta localidad.<br \/>&#13;<br \/>\n    <br \/>&#13;<br \/>\n    A  esta iniciativa, se ha unido el Cluster Tur\u00edstico de Saman\u00e1, que seg\u00fan su  directora ejecutiva, Maria Crisitina Corpor\u00e1n,\u00a0  aparte del inter\u00e9s por el bienestar de los perritos que deambulan en las  calles, con esta acci\u00f3n se \u00a0busca  concientizar sobre\u00a0la salubridad y seguridad de Saman\u00e1 como destino  tur\u00edstico. <br \/>&#13;<br \/>\n    <br \/>&#13;<br \/>\n    Donaciones  son bienvenidas y manos voluntarias tambi\u00e9n. El voluntariado y otros aportes a  la campa\u00f1a pueden coordinarse \u00a0a trav\u00e9s  de la Asociaci\u00f3n de Amigos de los Animales de Sos\u00faa , Inc, entidad que  \u00a0est\u00e1 apoyando en la log\u00edstica para estos fines, es su n\u00famero telef\u00f3nico  el \u00a0829 \u2013 394- 3384.<br \/>&#13;<br \/>\n    <br \/>&#13;<br \/>\nEsta jornada antirr\u00e1bica cuenta  adem\u00e1s con el apoyo de Agencia de los Estados Unidos para el  Desarrollo Internacional, a trav\u00e9s del proyecto Alianza Dominicana para el  Turismo Sostenible (USAID \u2013 DSTA), la Secretaria de Salud P\u00fablica y Asistencia  Social (SESPAS), Bah\u00eda Cruise Services, el Ayuntamiento de Saman\u00e1, Asociaci\u00f3n  Amigos de los Animales de Sos\u00faa Inc, Jos\u00e9 Acevedo &#8211; Diputado de Saman\u00e1, y\u00a0 Project Saman\u00e1.\u00a0 <\/span><\/p>\n<p>&#13;<\/p>\n<p align=\"justify\" class=\"text1noticias\">Listado de Necesidades<\/p>\n<p>&#13;<\/p>\n<p align=\"justify\" class=\"text1noticias\">\u201cCampa\u00f1a Antirr\u00e1bica Saman\u00e1 2008\u201d<\/p>\n<p>&#13;<\/p>\n<p align=\"justify\" class=\"text1noticias\"><strong>Articulo\u00a0\u00a0\u00a0\u00a0\u00a0\u00a0\u00a0\u00a0\u00a0\u00a0\u00a0\u00a0\u00a0\u00a0\u00a0\u00a0\u00a0\u00a0\u00a0\u00a0\u00a0\u00a0\u00a0\u00a0\u00a0\u00a0\u00a0\u00a0\u00a0\u00a0\u00a0\u00a0\u00a0\u00a0\u00a0\u00a0\u00a0\u00a0\u00a0\u00a0\u00a0\u00a0\u00a0\u00a0\u00a0\u00a0\u00a0\u00a0\u00a0\u00a0\u00a0\u00a0\u00a0\u00a0\u00a0\u00a0\u00a0\u00a0\u00a0\u00a0\u00a0\u00a0\u00a0\u00a0\u00a0\u00a0\u00a0\u00a0\u00a0\u00a0\u00a0\u00a0\u00a0\u00a0\u00a0\u00a0\u00a0\u00a0\u00a0 Costo<\/strong><br \/>&#13;<br \/>\n  500 Vacunas m\u00faltiple  \u00a0dosis a 80.00RD c\/u\u00a0 \u00a0\u00a0\u00a0\u00a0 \u00a0\u00a0\u00a0  \u00a0\u00a0\u00a0 \u00a0\u00a0\u00a0 \u00a0\u00a0\u00a0\u00a0\u00a0\u00a0\u00a0\u00a0\u00a0\u00a0\u00a0\u00a0\u00a0\u00a0\u00a0\u00a0\u00a0\u00a0\u00a0\u00a0\u00a0\u00a0\u00a0\u00a0\u00a0\u00a0\u00a0\u00a0\u00a0\u00a0\u00a0\u00a0\u00a0\u00a0\u00a0\u00a0\u00a0\u00a0\u00a0\u00a0\u00a0\u00a0\u00a0\u00a0\u00a0\u00a0 40,000.00  RD<br \/>&#13;<br \/>\n\u00a0RD$1000.00 de combustible para 6  veh\u00edculos\u00a0\u00a0\u00a0\u00a0\u00a0\u00a0\u00a0\u00a0\u00a0\u00a0\u00a0\u00a0\u00a0\u00a0\u00a0\u00a0\u00a0\u00a0\u00a0\u00a0\u00a0\u00a0\u00a0\u00a0\u00a0\u00a0\u00a0\u00a0\u00a0\u00a0\u00a0\u00a0\u00a0\u00a0\u00a0\u00a0\u00a0\u00a0\u00a0\u00a0\u00a0\u00a0\u00a0\u00a0\u00a0\u00a0\u00a0\u00a0  6000.00 RD <br \/>&#13;<br \/>\nAlmuerzo por plato para 20 voluntarios por  dos d\u00edas  \u00a0\u00a0\u00a0\u00a0\u00a0\u00a0\u00a0\u00a0\u00a0\u00a0\u00a0\u00a0\u00a0\u00a0\u00a0\u00a0\u00a0\u00a0\u00a0\u00a0\u00a0\u00a0  \u00a0\u00a0\u00a0\u00a0\u00a0\u00a0\u00a0\u00a0\u00a0\u00a0\u00a0\u00a0\u00a0\u00a0\u00a0 5000.00 RD <br \/>&#13;<br \/>\n1000ml de Ivomec inyectable\u00a0  (tratamiento de sarna y parasitos)\u00a0\u00a0\u00a0\u00a0\u00a0\u00a0\u00a0\u00a0\u00a0\u00a0\u00a0\u00a0\u00a0\u00a0\u00a0\u00a0\u00a0\u00a0\u00a0\u00a0\u00a0\u00a0   4000.00 RD <br \/>&#13;<br \/>\n500ml de Amitraz (ba\u00f1o para sarna, pulgas y  garrapatas)  \u00a0\u00a0\u00a0\u00a0\u00a0\u00a0\u00a0\u00a0\u00a0\u00a0\u00a0\u00a0\u00a0\u00a0\u00a0\u00a0\u00a0\u00a0\u00a0\u00a0\u00a0\u00a0\u00a0\u00a0\u00a0\u00a0\u00a0\u00a0\u00a0\u00a0\u00a0\u00a0  1200.00 RD <br \/>&#13;<br \/>\n200\u00a0 Jeringas de 1cc para  dosis de Ivomec\u00a0\u00a0\u00a0\u00a0\u00a0\u00a0\u00a0\u00a0\u00a0\u00a0\u00a0\u00a0\u00a0\u00a0\u00a0\u00a0\u00a0\u00a0\u00a0\u00a0\u00a0\u00a0\u00a0\u00a0\u00a0\u00a0\u00a0\u00a0\u00a0\u00a0\u00a0\u00a0\u00a0\u00a0\u00a0\u00a0\u00a0\u00a0\u00a0\u00a0\u00a0\u00a0\u00a0\u00a0\u00a0\u00a0\u00a0\u00a0\u00a0\u00a0\u00a0\u00a0\u00a0   600.00 RD<br \/>&#13;<br \/>\nJugo y Agua para voluntariado\u00a0\u00a0\u00a0\u00a0\u00a0\u00a0\u00a0\u00a0\u00a0\u00a0\u00a0\u00a0\u00a0\u00a0\u00a0\u00a0\u00a0\u00a0\u00a0\u00a0\u00a0\u00a0\u00a0\u00a0\u00a0\u00a0\u00a0\u00a0\u00a0\u00a0\u00a0\u00a0\u00a0\u00a0\u00a0\u00a0 \u00a0\u00a0\u00a0\u00a0\u00a0\u00a0\u00a0\u00a0  \u00a0\u00a0\u00a0\u00a0\u00a0\u00a0\u00a0\u00a0\u00a0\u00a0\u00a0\u00a0\u00a0\u00a0\u00a0\u00a0\u00a0\u00a0\u00a0\u00a0\u00a0\u00a0\u00a0\u00a0\u00a0  500.00 RD<br \/>&#13;<br \/>\n250 ml Pirantel pamoate  (parasites para cachorros de menos de 3 meses\u00a0\u00a0\u00a0\u00a0\u00a0\u00a0\u00a0\u00a0 950.000  RD <\/p>\n<p>&#13;<\/p>\n<h6> 2008-10-30 15:27:48 <\/h6>\n<p><!--\n<link rel=\"stylesheet\" href=\"css\/bootstrap.min.css\">\n\n\n<ul class=\"pagination\">\n\t    \n\t\n\n<li >\n\t<a href='?page_no=20847'>Previous<\/a>\n\t<\/li>\n\n\n       \n    \n\n<li><a href='?page_no=1'>1<\/a><\/li>\n\n\n\n<li><a href='?page_no=2'>2<\/a><\/li>\n\n\n\n<li><a>...<\/a><\/li>\n\n\n\n<li><a href='?page_no=20846'>20846<\/a><\/li>\n\n\n\n<li><a href='?page_no=20847'>20847<\/a><\/li>\n\n\n\n<li class='active'><a>20848<\/a><\/li>\n\n\n\n<li><a href='?page_no=20849'>20849<\/a><\/li>\n\n\n\n<li><a href='?page_no=20850'>20850<\/a><\/li>\n\n\n\n<li><a>...<\/a><\/li>\n\n\n\n<li><a href='?page_no=22522'>22522<\/a><\/li>\n\n\n\n<li><a href='?page_no=22523'>22523<\/a><\/li>\n\n    \n\t\n\n<li >\n\t<a href='?page_no=20849'>Next<\/a>\n\t<\/li>\n\n\n    \n\n<li><a href='?page_no=22523'>Last &rsaquo;&rsaquo;<\/a><\/li>\n\n<\/ul>\n\n\n--><br \/>\n<\/body><\/p>\n","protected":false},"excerpt":{"rendered":"<p>\u201cCampa\u00f1a Antirr\u00e1bica Saman\u00e1 2008\u201d&#13; &#13; La poblaci\u00f3n canina en las calles de Saman\u00e1 es enorme y cada d\u00eda se multiplica indiscriminadamente. Una gran proporci\u00f3n de estos canes vive de forma deplorable y deprimente,\u00a0 llegando a convertirse en victimas de maltrato y repulsi\u00f3n de algunos habitantes y visitantes.&#13; &#13; Con este panorama, desde el 2006,\u00a0 Project [&hellip;]<\/p>\n","protected":false},"author":3,"featured_media":0,"comment_status":"open","ping_status":"open","sticky":false,"template":"","format":"standard","meta":{"footnotes":""},"categories":[25],"tags":[],"class_list":["post-92226","post","type-post","status-publish","format-standard","hentry","category-gente"],"_links":{"self":[{"href":"https:\/\/diariodominicano.com\/index.php?rest_route=\/wp\/v2\/posts\/92226","targetHints":{"allow":["GET"]}}],"collection":[{"href":"https:\/\/diariodominicano.com\/index.php?rest_route=\/wp\/v2\/posts"}],"about":[{"href":"https:\/\/diariodominicano.com\/index.php?rest_route=\/wp\/v2\/types\/post"}],"author":[{"embeddable":true,"href":"https:\/\/diariodominicano.com\/index.php?rest_route=\/wp\/v2\/users\/3"}],"replies":[{"embeddable":true,"href":"https:\/\/diariodominicano.com\/index.php?rest_route=%2Fwp%2Fv2%2Fcomments&post=92226"}],"version-history":[{"count":0,"href":"https:\/\/diariodominicano.com\/index.php?rest_route=\/wp\/v2\/posts\/92226\/revisions"}],"wp:attachment":[{"href":"https:\/\/diariodominicano.com\/index.php?rest_route=%2Fwp%2Fv2%2Fmedia&parent=92226"}],"wp:term":[{"taxonomy":"category","embeddable":true,"href":"https:\/\/diariodominicano.com\/index.php?rest_route=%2Fwp%2Fv2%2Fcategories&post=92226"},{"taxonomy":"post_tag","embeddable":true,"href":"https:\/\/diariodominicano.com\/index.php?rest_route=%2Fwp%2Fv2%2Ftags&post=92226"}],"curies":[{"name":"wp","href":"https:\/\/api.w.org\/{rel}","templated":true}]}}