{"id":92225,"date":"2008-10-30T17:11:14","date_gmt":"2008-10-30T17:11:14","guid":{"rendered":"http:\/\/diariodominicano.ddns.net\/?p=92225"},"modified":"2008-10-30T17:11:14","modified_gmt":"2008-10-30T17:11:14","slug":"kany-garcia-estrena-video-musical","status":"publish","type":"post","link":"https:\/\/diariodominicano.com\/?p=92225","title":{"rendered":"Kany Garc\u00eda estrena v\u00eddeo  musical"},"content":{"rendered":"<p><body><\/p>\n<p class=\"titulogrande1\">Kany Garc\u00eda estrena  v\u00eddeo\u00a0 musical<\/p>\n<p>&#13;<\/p>\n<p align=\"justify\" class=\"text1noticias\"><img loading=\"lazy\" decoding=\"async\" src=\"http:\/\/localhost:8080\/gente\/img\/kani garcia.jpg\" width=\"375\" height=\"282\" hspace=\"4\" align=\"left\" \/>Miami, FL, 30 de  octubre del 2008.- La artista revelaci\u00f3n del pop-rock latinoamericano, <strong>Kany Garc\u00eda<\/strong>, presentar\u00e1 en estreno  mundial en los pr\u00f3ximos d\u00edas el v\u00eddeo musical de su m\u00e1s reciente sencillo  titulado \u201cEstigma de Amor\u201d.<br \/>&#13;<br \/>\n  <br \/>&#13;<br \/>\n  La historia de este  filme tiene como escenario la playa de Guerrero en M\u00e9xico en diferentes  momentos del d\u00eda, donde el pasar de las horas se conjugan con letras de esta  hermosa canci\u00f3n, que emanan directamente de la mente y el coraz\u00f3n de esta maravillosa  cantante.<br \/>&#13;<br \/>\n  <br \/>&#13;<br \/>\n  Los directores <strong>Pablo D\u00e1vila<\/strong> y <strong>Beto Hinojosa, <\/strong>destacan que tambi\u00e9n este v\u00eddeo goza de una  excelente fotograf\u00eda que se convierte en un elemento muy importante porque a  trav\u00e9s de los diferentes contrastes de luz se logra un dramatismo y solemnidad  que va en armon\u00eda con la composici\u00f3n l\u00edrica de este tema.<br \/>&#13;<br \/>\n  <br \/>&#13;<br \/>\n  \u201cEstigma de Amor\u201d se  convierte el quinto corte de difusi\u00f3n del disco debut de Kany, \u201cCualquier D\u00eda\u201d,  producci\u00f3n que ha sido nominada a los premios Latin GRAMMY\u00ae como \u201cMejor \u00c1lbum  Pop Femenino\u201d y \u201c\u00c1lbum del A\u00f1o\u201d.<br \/>&#13;<br \/>\n  <br \/>&#13;<br \/>\n  Adem\u00e1s, la  int\u00e9rprete puertorrique\u00f1a compite en las categor\u00edas de \u201cMejor Nuevo Artista\u201d y  en la \u201cCanci\u00f3n del A\u00f1o\u201d con el tema \u201cHoy ya me voy\u201d.<br \/>&#13;<br \/>\n  <br \/>&#13;<br \/>\n  \u201cCualquier D\u00eda\u201d,  llega bajo el sello discogr\u00e1fico Sony BMG Latin.<\/p>\n<p>&#13;<\/p>\n<h6> 2008-10-30 17:11:14 <\/h6>\n<p><!--\n<link rel=\"stylesheet\" href=\"css\/bootstrap.min.css\">\n\n\n<ul class=\"pagination\">\n\t    \n\t\n\n<li >\n\t<a href='?page_no=20846'>Previous<\/a>\n\t<\/li>\n\n\n       \n    \n\n<li><a href='?page_no=1'>1<\/a><\/li>\n\n\n\n<li><a href='?page_no=2'>2<\/a><\/li>\n\n\n\n<li><a>...<\/a><\/li>\n\n\n\n<li><a href='?page_no=20845'>20845<\/a><\/li>\n\n\n\n<li><a href='?page_no=20846'>20846<\/a><\/li>\n\n\n\n<li class='active'><a>20847<\/a><\/li>\n\n\n\n<li><a href='?page_no=20848'>20848<\/a><\/li>\n\n\n\n<li><a href='?page_no=20849'>20849<\/a><\/li>\n\n\n\n<li><a>...<\/a><\/li>\n\n\n\n<li><a href='?page_no=22522'>22522<\/a><\/li>\n\n\n\n<li><a href='?page_no=22523'>22523<\/a><\/li>\n\n    \n\t\n\n<li >\n\t<a href='?page_no=20848'>Next<\/a>\n\t<\/li>\n\n\n    \n\n<li><a href='?page_no=22523'>Last &rsaquo;&rsaquo;<\/a><\/li>\n\n<\/ul>\n\n\n--><br \/>\n<\/body><\/p>\n","protected":false},"excerpt":{"rendered":"<p>Kany Garc\u00eda estrena v\u00eddeo\u00a0 musical &#13; Miami, FL, 30 de octubre del 2008.- La artista revelaci\u00f3n del pop-rock latinoamericano, Kany Garc\u00eda, presentar\u00e1 en estreno mundial en los pr\u00f3ximos d\u00edas el v\u00eddeo musical de su m\u00e1s reciente sencillo titulado \u201cEstigma de Amor\u201d.&#13; &#13; La historia de este filme tiene como escenario la playa de Guerrero en [&hellip;]<\/p>\n","protected":false},"author":3,"featured_media":0,"comment_status":"open","ping_status":"open","sticky":false,"template":"","format":"standard","meta":{"footnotes":""},"categories":[25],"tags":[],"class_list":["post-92225","post","type-post","status-publish","format-standard","hentry","category-gente"],"_links":{"self":[{"href":"https:\/\/diariodominicano.com\/index.php?rest_route=\/wp\/v2\/posts\/92225","targetHints":{"allow":["GET"]}}],"collection":[{"href":"https:\/\/diariodominicano.com\/index.php?rest_route=\/wp\/v2\/posts"}],"about":[{"href":"https:\/\/diariodominicano.com\/index.php?rest_route=\/wp\/v2\/types\/post"}],"author":[{"embeddable":true,"href":"https:\/\/diariodominicano.com\/index.php?rest_route=\/wp\/v2\/users\/3"}],"replies":[{"embeddable":true,"href":"https:\/\/diariodominicano.com\/index.php?rest_route=%2Fwp%2Fv2%2Fcomments&post=92225"}],"version-history":[{"count":0,"href":"https:\/\/diariodominicano.com\/index.php?rest_route=\/wp\/v2\/posts\/92225\/revisions"}],"wp:attachment":[{"href":"https:\/\/diariodominicano.com\/index.php?rest_route=%2Fwp%2Fv2%2Fmedia&parent=92225"}],"wp:term":[{"taxonomy":"category","embeddable":true,"href":"https:\/\/diariodominicano.com\/index.php?rest_route=%2Fwp%2Fv2%2Fcategories&post=92225"},{"taxonomy":"post_tag","embeddable":true,"href":"https:\/\/diariodominicano.com\/index.php?rest_route=%2Fwp%2Fv2%2Ftags&post=92225"}],"curies":[{"name":"wp","href":"https:\/\/api.w.org\/{rel}","templated":true}]}}