{"id":92224,"date":"2008-10-31T15:58:26","date_gmt":"2008-10-31T15:58:26","guid":{"rendered":"http:\/\/diariodominicano.ddns.net\/?p=92224"},"modified":"2008-10-31T15:58:26","modified_gmt":"2008-10-31T15:58:26","slug":"makoto-presenta-su-primer-disco-en-espanol","status":"publish","type":"post","link":"https:\/\/diariodominicano.com\/?p=92224","title":{"rendered":"Makoto presenta su primer disco en espa\u00f1ol"},"content":{"rendered":"<p><body><\/p>\n<p align=\"justify\"><span class=\"titulogrande1\">Makoto presenta su  primer disco en espa\u00f1ol<\/span><br \/>&#13;<br \/>\n  <br \/>&#13;<br \/>\n    <span class=\"text1noticias\"><img loading=\"lazy\" decoding=\"async\" src=\"http:\/\/localhost:8080\/gente\/img\/makoto espano.jpg\" width=\"375\" height=\"375\" hspace=\"4\" align=\"left\" \/>Miami, FL, 30 de  octubre del 2008.- Con una irreverente expresi\u00f3n musical donde el pop y el rock  se unen de forma un\u00edsona, acompa\u00f1ados por desbordantes composiciones que salen  de un coraz\u00f3n indomable, es la nueva propuesta musical del int\u00e9rprete hispano-japon\u00e9s <strong>Makoto<\/strong>, quien debuta con su primer  disco en espa\u00f1ol titulado \u201cMakoto Uno\u201d.<br \/>&#13;<br \/>\n    <br \/>&#13;<br \/>\n    Este \u00e1lbum, que  llegar\u00e1 a las tiendas de m\u00fasica de Colombia esta semana, estuvo bajo la  producci\u00f3n del reconocido m\u00fasico <strong>Jos\u00e9  Luis Pag\u00e1n<\/strong>, y tendr\u00e1 como primer sencillo el tema \u201cTe Olvid\u00e9\u201d.<br \/>&#13;<br \/>\n    <br \/>&#13;<br \/>\n    Actualmente el  artista se encuentra en Argentina grabando el v\u00eddeo clip de esta canci\u00f3n, mismo  que estar\u00e1 bajo la responsabilidad de la prestigiosa productora \u201cFuria Films\u201d.<br \/>&#13;<br \/>\n    <br \/>&#13;<br \/>\n\u201cEstoy muy feliz de  poder finalmente tener mi primera producci\u00f3n en espa\u00f1ol, y contar las historias  que encuentran inspiraci\u00f3n en la manera de superar las situaciones dif\u00edciles  que marcan nuestras vidas\u201d, expres\u00f3 el cantautor.<br \/>&#13;<br \/>\n<br \/>&#13;<br \/>\nMakoto, de padre  japon\u00e9s y madre espa\u00f1ola, vivi\u00f3 en varios pa\u00edses de Latinoam\u00e9rica hasta que  hace m\u00e1s de una d\u00e9cada que reside en Colombia.<br \/>&#13;<br \/>\n<br \/>&#13;<br \/>\n  Su maravilloso  talento fue descubierto durante un homenaje a la legendaria banda <strong>Queen<\/strong> por los 15 a\u00f1os de la  desaparici\u00f3n de su l\u00edder, <strong>Freddy Mercury<\/strong>,  obteniendo el apoyo y aprobaci\u00f3n del guitarrista <strong>Sir Brian May<\/strong>, miembro del legendario grupo.<br \/>&#13;<br \/>\n  <br \/>&#13;<br \/>\n  Adem\u00e1s de su disco  en espa\u00f1ol, Makoto tambi\u00e9n promociona una versi\u00f3n en ingl\u00e9s titulada \u201cMakoto  One\u201d, la cual se vender\u00e1 a finales de noviembre y de la cual ya se escucha  \u201cOver You\u201d.<br \/>&#13;<br \/>\n  <br \/>&#13;<br \/>\n  A partir del 4 de noviembre, Makoto iniciar\u00e1 una gira de  promoci\u00f3n en Bogot\u00e1, Cali, Medell\u00edn, Barranquilla, Cartagena entre otras  ciudades colombianas. Para el pr\u00f3ximo a\u00f1o se planea su lanzamiento en espa\u00f1ol e  ingl\u00e9s fuera de Colombia empezando por Venezuela, Ecuador, Per\u00fa, Argentina,  Chile, M\u00e9xico, Estados Unidos, Centroam\u00e9rica y Espa\u00f1a.<br \/>&#13;<br \/>\n  <br \/>&#13;<br \/>\nMakoto es parte del  cat\u00e1logo de artistas de Insight A &amp; R, sello distribuido por Sony-BMG Music  Entertainment (Colombia) S.A.<\/span><\/p>\n<p>&#13;<\/p>\n<h6> 2008-10-31 15:58:26 <\/h6>\n<p><!--\n<link rel=\"stylesheet\" href=\"css\/bootstrap.min.css\">\n\n\n<ul class=\"pagination\">\n\t    \n\t\n\n<li >\n\t<a href='?page_no=20845'>Previous<\/a>\n\t<\/li>\n\n\n       \n    \n\n<li><a href='?page_no=1'>1<\/a><\/li>\n\n\n\n<li><a href='?page_no=2'>2<\/a><\/li>\n\n\n\n<li><a>...<\/a><\/li>\n\n\n\n<li><a href='?page_no=20844'>20844<\/a><\/li>\n\n\n\n<li><a href='?page_no=20845'>20845<\/a><\/li>\n\n\n\n<li class='active'><a>20846<\/a><\/li>\n\n\n\n<li><a href='?page_no=20847'>20847<\/a><\/li>\n\n\n\n<li><a href='?page_no=20848'>20848<\/a><\/li>\n\n\n\n<li><a>...<\/a><\/li>\n\n\n\n<li><a href='?page_no=22522'>22522<\/a><\/li>\n\n\n\n<li><a href='?page_no=22523'>22523<\/a><\/li>\n\n    \n\t\n\n<li >\n\t<a href='?page_no=20847'>Next<\/a>\n\t<\/li>\n\n\n    \n\n<li><a href='?page_no=22523'>Last &rsaquo;&rsaquo;<\/a><\/li>\n\n<\/ul>\n\n\n--><br \/>\n<\/body><\/p>\n","protected":false},"excerpt":{"rendered":"<p>Makoto presenta su primer disco en espa\u00f1ol&#13; &#13; Miami, FL, 30 de octubre del 2008.- Con una irreverente expresi\u00f3n musical donde el pop y el rock se unen de forma un\u00edsona, acompa\u00f1ados por desbordantes composiciones que salen de un coraz\u00f3n indomable, es la nueva propuesta musical del int\u00e9rprete hispano-japon\u00e9s Makoto, quien debuta con su primer [&hellip;]<\/p>\n","protected":false},"author":3,"featured_media":0,"comment_status":"open","ping_status":"open","sticky":false,"template":"","format":"standard","meta":{"footnotes":""},"categories":[25],"tags":[],"class_list":["post-92224","post","type-post","status-publish","format-standard","hentry","category-gente"],"_links":{"self":[{"href":"https:\/\/diariodominicano.com\/index.php?rest_route=\/wp\/v2\/posts\/92224","targetHints":{"allow":["GET"]}}],"collection":[{"href":"https:\/\/diariodominicano.com\/index.php?rest_route=\/wp\/v2\/posts"}],"about":[{"href":"https:\/\/diariodominicano.com\/index.php?rest_route=\/wp\/v2\/types\/post"}],"author":[{"embeddable":true,"href":"https:\/\/diariodominicano.com\/index.php?rest_route=\/wp\/v2\/users\/3"}],"replies":[{"embeddable":true,"href":"https:\/\/diariodominicano.com\/index.php?rest_route=%2Fwp%2Fv2%2Fcomments&post=92224"}],"version-history":[{"count":0,"href":"https:\/\/diariodominicano.com\/index.php?rest_route=\/wp\/v2\/posts\/92224\/revisions"}],"wp:attachment":[{"href":"https:\/\/diariodominicano.com\/index.php?rest_route=%2Fwp%2Fv2%2Fmedia&parent=92224"}],"wp:term":[{"taxonomy":"category","embeddable":true,"href":"https:\/\/diariodominicano.com\/index.php?rest_route=%2Fwp%2Fv2%2Fcategories&post=92224"},{"taxonomy":"post_tag","embeddable":true,"href":"https:\/\/diariodominicano.com\/index.php?rest_route=%2Fwp%2Fv2%2Ftags&post=92224"}],"curies":[{"name":"wp","href":"https:\/\/api.w.org\/{rel}","templated":true}]}}