{"id":92219,"date":"2008-11-04T20:05:46","date_gmt":"2008-11-04T20:05:46","guid":{"rendered":"http:\/\/diariodominicano.ddns.net\/?p=92219"},"modified":"2008-11-04T20:05:46","modified_gmt":"2008-11-04T20:05:46","slug":"ramon-vazquez-imparte-taller-de-jazz-a-ninos-pobres-de-cabarete-en-el-marco-del-dr-jazz-fest","status":"publish","type":"post","link":"https:\/\/diariodominicano.com\/?p=92219","title":{"rendered":"Ram\u00f3n Vazquez imparte taller de jazz a ni\u00f1os pobres de Cabarete en el marco del DR Jazz Fest."},"content":{"rendered":"<p><body><\/p>\n<p align=\"justify\" class=\"titulogrande1\"><strong>Ram\u00f3n Vazquez imparte taller de jazz a ni\u00f1os pobres de Cabarete en el  marco del DR Jazz Fest.<\/strong><\/p>\n<p>&#13;<\/p>\n<p align=\"justify\" class=\"text1noticias\"><strong>Al finalizar se realizar\u00e1 un concierto de jazz con tres bandas  adolescentes<\/strong><\/p>\n<p>&#13;<\/p>\n<p align=\"justify\" class=\"text1noticias\"><strong><img loading=\"lazy\" decoding=\"async\" src=\"http:\/\/localhost:8080\/gente\/img\/jazz cuba.jpg\" width=\"375\" height=\"563\" hspace=\"4\" align=\"left\" \/>Santo Domingo,  Republica Dominicana<\/strong>.- El bajista cubano Ram\u00f3n Vazquez, ofrecer\u00e1 un taller  junto con varios profesores de la Universidad de la M\u00fasica de Puerto Rico a  ni\u00f1os y adolescentes de escuelas p\u00fablicas de la costa norte, en el marco de la  novena edici\u00f3n del Dominican Republic Jazz Festival, que se llevar\u00e1 a cabo este  fin de semana del siete al nueve de noviembre en Playa Cabarete, Puerto Plata.<\/p>\n<p>&#13;<\/p>\n<p align=\"justify\" class=\"text1noticias\">El reconocido m\u00fasico, egresado de  Berklee College of Music, en Boston, Massachussets, USA, que ha grabado con  artistas como Tito Puente, Chick Corea, Paquito D`Rivera, Giovanni Hidalgo y  otros, tendr\u00e1 un encuentro con ni\u00f1os de escasos recursos de Puerto Plata con el  fin de inculcarles el amor por la m\u00fasica y el arte en general.<\/p>\n<p>&#13;<\/p>\n<p align=\"justify\" class=\"text1noticias\">El taller de \u00abIntroducci\u00f3n al Jazz  para J\u00f3venes\u00bb, ser\u00e1 impartido este s\u00e1bado a las diez de la ma\u00f1ana en la  playa para el cual se utilizar\u00e1 el mismo escenario donde m\u00e1s tarde tocar\u00e1n  Sandy Gabriel, Giovanni Hidalgo, Eric Figueroa, Tito de Gracia, Piro Rodr\u00edguez  y Eddy \u00abGuagua\u00bb Rivera.<\/p>\n<p>&#13;<\/p>\n<p align=\"justify\" class=\"text1noticias\">Lorenzo Sancasani, coordinador del  Festival de Jazz, inform\u00f3 que tienen inscritos a trescientos ni\u00f1os y j\u00f3venes y  que a los mismos se les proveer\u00e1 de todo lo necesario para que pasen una bonita  experiencia en la playa.<\/p>\n<p>&#13;<\/p>\n<p align=\"justify\" class=\"text1noticias\">Sobre el particular el bajista residente  en Puerto Rico Ram\u00f3n Vazquez,\u00a0dice \u00aba m\u00ed, al igual que a muchos de  mis colegas, nos satisface llevarle m\u00fasica a los j\u00f3venes y a los que menos  tienen esas oportunidades\u00bb. <\/p>\n<p>&#13;<\/p>\n<p align=\"justify\" class=\"text1noticias\">Al medio d\u00eda, luego que Ram\u00f3n y los  profesores boricuas terminen el encuentro, los ni\u00f1os ser\u00e1n deleitados con un  concierto de tres bandas de m\u00fasicos adolescentes de jazz: \u00abFusion Jazz  Group, \u00abNovel\u00bb y \u00abSoulibre\u00bb<br \/>&#13;<br \/>\n  La primera en subir al escenario\u00a0ser\u00e1 \u00abFusion Jazz  group\u00bb compuesta por Abel Gonz\u00e1lez en el bajo, David Holgu\u00edn en la  guitarra y Francis Alc\u00e1ntara en la bater\u00eda.<br \/>&#13;<br \/>\n  <br \/>&#13;<br \/>\n  Luego la banda  \u00abNovel\u00bb con Dionisio de Moya en la guitarra, Otoniel Vargas en la  bater\u00eda, Kilvin Pe\u00f1a en el Bajo y Nathanael Gonz\u00e1lez en el teclado, presentar\u00e1n  credenciales ante los ni\u00f1os y j\u00f3venes invitados.<br \/>&#13;<br \/>\n  <br \/>&#13;<br \/>\n  Finalmeten  \u00abSoulibre\u00bb cerrar\u00e1 la jornada del taller con Van Avakian como  int\u00e9rprete y baterista, Sina Sadeghi en el teclado y voz, Kelvin Encarnaci\u00f3n de  los Santos en el bajo, Benaias Mart\u00ednez Artiles en la guitarra, V\u00edctor Otoniel  en la percusi\u00f3n y Roberto de Jes\u00fas Santana en el clarinete y Saxo.<br \/>&#13;<br \/>\n  <br \/>&#13;<br \/>\n  El  Dominican Republic Jazz Festival 08 es auspiciado por la Secretaria de Estado  de Turismo, Millennium Resort and Spa, Ferreter\u00eda Ochoa, Sea Horse Ranch,  Aerodom, Europcar, Viva Resorts, Cabarete Palm Beach Condos, Coca Cola, Empaq,  Villa Taina, Tropical Clubs, Dasani, Velero Beach Resort, Heineken, La  Campagna, Adeca, Ashoresoca, Agualina, Servi Cab y\u00a0 Pomodoro.<\/p>\n<p>&#13;<\/p>\n<h6> 2008-11-04 20:05:46 <\/h6>\n<p><!--\n<link rel=\"stylesheet\" href=\"css\/bootstrap.min.css\">\n\n\n<ul class=\"pagination\">\n\t    \n\t\n\n<li >\n\t<a href='?page_no=20840'>Previous<\/a>\n\t<\/li>\n\n\n       \n    \n\n<li><a href='?page_no=1'>1<\/a><\/li>\n\n\n\n<li><a href='?page_no=2'>2<\/a><\/li>\n\n\n\n<li><a>...<\/a><\/li>\n\n\n\n<li><a href='?page_no=20839'>20839<\/a><\/li>\n\n\n\n<li><a href='?page_no=20840'>20840<\/a><\/li>\n\n\n\n<li class='active'><a>20841<\/a><\/li>\n\n\n\n<li><a href='?page_no=20842'>20842<\/a><\/li>\n\n\n\n<li><a href='?page_no=20843'>20843<\/a><\/li>\n\n\n\n<li><a>...<\/a><\/li>\n\n\n\n<li><a href='?page_no=22522'>22522<\/a><\/li>\n\n\n\n<li><a href='?page_no=22523'>22523<\/a><\/li>\n\n    \n\t\n\n<li >\n\t<a href='?page_no=20842'>Next<\/a>\n\t<\/li>\n\n\n    \n\n<li><a href='?page_no=22523'>Last &rsaquo;&rsaquo;<\/a><\/li>\n\n<\/ul>\n\n\n--><br \/>\n<\/body><\/p>\n","protected":false},"excerpt":{"rendered":"<p>Ram\u00f3n Vazquez imparte taller de jazz a ni\u00f1os pobres de Cabarete en el marco del DR Jazz Fest. &#13; Al finalizar se realizar\u00e1 un concierto de jazz con tres bandas adolescentes &#13; Santo Domingo, Republica Dominicana.- El bajista cubano Ram\u00f3n Vazquez, ofrecer\u00e1 un taller junto con varios profesores de la Universidad de la M\u00fasica de [&hellip;]<\/p>\n","protected":false},"author":3,"featured_media":0,"comment_status":"open","ping_status":"open","sticky":false,"template":"","format":"standard","meta":{"footnotes":""},"categories":[25],"tags":[],"class_list":["post-92219","post","type-post","status-publish","format-standard","hentry","category-gente"],"_links":{"self":[{"href":"https:\/\/diariodominicano.com\/index.php?rest_route=\/wp\/v2\/posts\/92219","targetHints":{"allow":["GET"]}}],"collection":[{"href":"https:\/\/diariodominicano.com\/index.php?rest_route=\/wp\/v2\/posts"}],"about":[{"href":"https:\/\/diariodominicano.com\/index.php?rest_route=\/wp\/v2\/types\/post"}],"author":[{"embeddable":true,"href":"https:\/\/diariodominicano.com\/index.php?rest_route=\/wp\/v2\/users\/3"}],"replies":[{"embeddable":true,"href":"https:\/\/diariodominicano.com\/index.php?rest_route=%2Fwp%2Fv2%2Fcomments&post=92219"}],"version-history":[{"count":0,"href":"https:\/\/diariodominicano.com\/index.php?rest_route=\/wp\/v2\/posts\/92219\/revisions"}],"wp:attachment":[{"href":"https:\/\/diariodominicano.com\/index.php?rest_route=%2Fwp%2Fv2%2Fmedia&parent=92219"}],"wp:term":[{"taxonomy":"category","embeddable":true,"href":"https:\/\/diariodominicano.com\/index.php?rest_route=%2Fwp%2Fv2%2Fcategories&post=92219"},{"taxonomy":"post_tag","embeddable":true,"href":"https:\/\/diariodominicano.com\/index.php?rest_route=%2Fwp%2Fv2%2Ftags&post=92219"}],"curies":[{"name":"wp","href":"https:\/\/api.w.org\/{rel}","templated":true}]}}