{"id":92217,"date":"2008-11-04T22:57:59","date_gmt":"2008-11-04T22:57:59","guid":{"rendered":"http:\/\/diariodominicano.ddns.net\/?p=92217"},"modified":"2008-11-04T22:57:59","modified_gmt":"2008-11-04T22:57:59","slug":"uasd-presenta-a-sonia-silvestre-y-victor-victor-en-concierto-caminos-de-esperanza","status":"publish","type":"post","link":"https:\/\/diariodominicano.com\/?p=92217","title":{"rendered":"UASD presenta a Sonia Silvestre y V\u00edctor V\u00edctor en concierto \u201cCaminos de Esperanza\u201d"},"content":{"rendered":"<p><body><\/p>\n<p align=\"justify\" class=\"titulogrande1\"><strong>UASD  presenta a Sonia Silvestre y V\u00edctor V\u00edctor en concierto \u201cCaminos de Esperanza\u201d<\/strong><\/p>\n<p>&#13;<\/p>\n<p align=\"justify\" class=\"text1noticias\"><img loading=\"lazy\" decoding=\"async\" src=\"http:\/\/localhost:8080\/gente\/img\/verde nero.jpg\" width=\"375\" height=\"263\" hspace=\"4\" align=\"left\" \/>Santo Domingo.- La Universidad Aut\u00f3noma  de Santo Domingo present\u00f3 con \u00e9xito el concierto \u201cCaminos de Esperanza,  Gestando una Nueva Visi\u00f3n\u201d, en la plaza H\u00e9roes de Abril, a cargo de los  artistas Sonia Silvestre y V\u00edctor V\u00edctor.<\/p>\n<p>&#13;<\/p>\n<p align=\"justify\" class=\"text1noticias\">La actividad fue  auspiciada, adem\u00e1s, por la   Coordinaci\u00f3n de los Centros Universitarios Regionales de la UASD y la C\u00e1mara de Diputados, y  form\u00f3 parte del 470 aniversario de esa instituci\u00f3n acad\u00e9mica.<br \/>&#13;<br \/>\n  \u00a0<br \/>&#13;<br \/>\n  La animaci\u00f3n y  conducci\u00f3n del acto estuvo a cargo del director de esa\u00a0 oficina uasdiana, profesor Juan Tom\u00e1s Olivero  Figuereo, y la locutora Kenia Novas.<\/p>\n<p>&#13;<\/p>\n<p align=\"justify\" class=\"text1noticias\"> Los artistas Silvestre y V\u00edctor interpretaron temas de su  disco \u201cVerde y Negro\u201d, que evoca las canciones de la \u00e9poca de los a\u00f1os 70,  cuando \u00e9stas acompa\u00f1aban la lucha del pueblo y que no han perdido vigencia. <\/p>\n<p>&#13;<\/p>\n<p align=\"justify\" class=\"text1noticias\"> Canciones como Adagio a mi pa\u00eds, Canci\u00f3n del elegido, Quiero  una madre as\u00ed, Gracias a la vida, La democracia, hicieron historia y el p\u00fablico  presente disfrut\u00f3 y se sinti\u00f3 parte del espect\u00e1culo, porque recordaron ese  per\u00edodo.<\/p>\n<p>&#13;<\/p>\n<p align=\"justify\" class=\"text1noticias\">Las personas que no  vivieron esos a\u00f1os, tuvieron la oportunidad de conocer de cerca a dos artistas  que fueron respetados y queridos dentro y fuera del pa\u00eds, como son apreciados  en la actualidad por un pueblo amante de la paz y la libertad. <\/p>\n<p>&#13;<\/p>\n<h6> 2008-11-04 22:57:59 <\/h6>\n<p><!--\n<link rel=\"stylesheet\" href=\"css\/bootstrap.min.css\">\n\n\n<ul class=\"pagination\">\n\t    \n\t\n\n<li >\n\t<a href='?page_no=20838'>Previous<\/a>\n\t<\/li>\n\n\n       \n    \n\n<li><a href='?page_no=1'>1<\/a><\/li>\n\n\n\n<li><a href='?page_no=2'>2<\/a><\/li>\n\n\n\n<li><a>...<\/a><\/li>\n\n\n\n<li><a href='?page_no=20837'>20837<\/a><\/li>\n\n\n\n<li><a href='?page_no=20838'>20838<\/a><\/li>\n\n\n\n<li class='active'><a>20839<\/a><\/li>\n\n\n\n<li><a href='?page_no=20840'>20840<\/a><\/li>\n\n\n\n<li><a href='?page_no=20841'>20841<\/a><\/li>\n\n\n\n<li><a>...<\/a><\/li>\n\n\n\n<li><a href='?page_no=22522'>22522<\/a><\/li>\n\n\n\n<li><a href='?page_no=22523'>22523<\/a><\/li>\n\n    \n\t\n\n<li >\n\t<a href='?page_no=20840'>Next<\/a>\n\t<\/li>\n\n\n    \n\n<li><a href='?page_no=22523'>Last &rsaquo;&rsaquo;<\/a><\/li>\n\n<\/ul>\n\n\n--><br \/>\n<\/body><\/p>\n","protected":false},"excerpt":{"rendered":"<p>UASD presenta a Sonia Silvestre y V\u00edctor V\u00edctor en concierto \u201cCaminos de Esperanza\u201d &#13; Santo Domingo.- La Universidad Aut\u00f3noma de Santo Domingo present\u00f3 con \u00e9xito el concierto \u201cCaminos de Esperanza, Gestando una Nueva Visi\u00f3n\u201d, en la plaza H\u00e9roes de Abril, a cargo de los artistas Sonia Silvestre y V\u00edctor V\u00edctor. &#13; La actividad fue auspiciada, [&hellip;]<\/p>\n","protected":false},"author":3,"featured_media":0,"comment_status":"open","ping_status":"open","sticky":false,"template":"","format":"standard","meta":{"footnotes":""},"categories":[25],"tags":[],"class_list":["post-92217","post","type-post","status-publish","format-standard","hentry","category-gente"],"_links":{"self":[{"href":"https:\/\/diariodominicano.com\/index.php?rest_route=\/wp\/v2\/posts\/92217","targetHints":{"allow":["GET"]}}],"collection":[{"href":"https:\/\/diariodominicano.com\/index.php?rest_route=\/wp\/v2\/posts"}],"about":[{"href":"https:\/\/diariodominicano.com\/index.php?rest_route=\/wp\/v2\/types\/post"}],"author":[{"embeddable":true,"href":"https:\/\/diariodominicano.com\/index.php?rest_route=\/wp\/v2\/users\/3"}],"replies":[{"embeddable":true,"href":"https:\/\/diariodominicano.com\/index.php?rest_route=%2Fwp%2Fv2%2Fcomments&post=92217"}],"version-history":[{"count":0,"href":"https:\/\/diariodominicano.com\/index.php?rest_route=\/wp\/v2\/posts\/92217\/revisions"}],"wp:attachment":[{"href":"https:\/\/diariodominicano.com\/index.php?rest_route=%2Fwp%2Fv2%2Fmedia&parent=92217"}],"wp:term":[{"taxonomy":"category","embeddable":true,"href":"https:\/\/diariodominicano.com\/index.php?rest_route=%2Fwp%2Fv2%2Fcategories&post=92217"},{"taxonomy":"post_tag","embeddable":true,"href":"https:\/\/diariodominicano.com\/index.php?rest_route=%2Fwp%2Fv2%2Ftags&post=92217"}],"curies":[{"name":"wp","href":"https:\/\/api.w.org\/{rel}","templated":true}]}}