{"id":92216,"date":"2008-11-04T23:00:25","date_gmt":"2008-11-04T23:00:25","guid":{"rendered":"http:\/\/diariodominicano.ddns.net\/?p=92216"},"modified":"2008-11-04T23:00:25","modified_gmt":"2008-11-04T23:00:25","slug":"idefa-anuncia-tradicional-evento-benefico","status":"publish","type":"post","link":"https:\/\/diariodominicano.com\/?p=92216","title":{"rendered":"IDEFA anuncia tradicional evento ben\u00e9fico"},"content":{"rendered":"<p><body><\/p>\n<p class=\"titulogrande1\"><strong>IDEFA anuncia tradicional evento ben\u00e9fico<\/strong><\/p>\n<p>&#13;<\/p>\n<p align=\"justify\" class=\"text1noticias\"><img loading=\"lazy\" decoding=\"async\" src=\"http:\/\/localhost:8080\/gente\/img\/udefa foto.jpg\" width=\"375\" height=\"750\" hspace=\"4\" align=\"left\" \/>El Instituto de la Familia (IDEFA) anunci\u00f3 para el jueves  13 de este mes su tradicional actividad de recaudaci\u00f3n de fondos \u00abNoche de  vinos, quesos y &#8230;Jazz\u00bb, lo que le permitir\u00e1 mantener los servicios de tratamientos  a los ni\u00f1os y adolescentes v\u00edctimas de abusos f\u00edsicos, psicol\u00f3gicos y sexuales.<\/p>\n<p>&#13;<\/p>\n<p align=\"justify\" class=\"text1noticias\">Los detalles del evento, que se llevar\u00e1 a cabo en el Gran  Sal\u00f3n del Hotel Meli\u00e1, a partir de la 8 de la noche, fueron ofrecidos por los  esposo Carlos Elm\u00fadesi y Mar\u00eda Teresa de Elm\u00fadesi, presidentes del IDEFA,  durante un encuentro efectuado este lunes en la sede de esta instituci\u00f3n, en la  zona universitaria.<\/p>\n<p>&#13;<\/p>\n<p align=\"justify\" class=\"text1noticias\">Estuvieron presentes, adem\u00e1s, Rafaela Burgos y Luz Marina  Cort\u00e1zar, directora ejecutiva y sub directora t\u00e9cnica del IDEFA.<\/p>\n<p>&#13;<\/p>\n<p align=\"justify\" class=\"text1noticias\"> Los esposos Elm\u00fadesi indicaron que como ya es de costumbre,  \u00a0este es un espacio acogedor familiar y de alegr\u00eda con amigos, en el  contexto de la m\u00fasica suave del Jazz, vinos y una variedad de quesos.<\/p>\n<p>&#13;<\/p>\n<p align=\"justify\" class=\"text1noticias\">Agregaron que las empresas que patrocinar\u00e1n la actividad  son Marcas Premium, \u00c1lvarez y S\u00e1nchez, El Catador, Manuel Gonz\u00e1lez Cuesta (La  Bodega), Vinos, NM Dominicana y Chikon.<\/p>\n<p>&#13;<\/p>\n<p align=\"justify\" class=\"text1noticias\">Los esposos Elm\u00fadesi explicaron que los fondos obtenidos  ser\u00e1n destinados a los programas que desarrolla el IDEFA, cuya finalidad es que  las familias de escasos recursos, que no pueden costear estos servicios a nivel  privado, reciban la ayuda necesaria para su recuperaci\u00f3n.<\/p>\n<p>&#13;<\/p>\n<p align=\"justify\" class=\"text1noticias\"> Agregaron que\u00a0 los programas de asistencia  psicoterap\u00e9utica a familias, parejas y personas individuales,\u00a0  \u00a0prevenci\u00f3n de abusos a los ni\u00f1os,\u00a0 escuelas de padres y madres,  evaluaci\u00f3n y terapias de aprendizaje, constituyen ejes fundamentales del  trabajo que realiza el Instituto de la Familia, dirigido a fortalecer los  valores y la unidad familiar en nuestro pa\u00eds.<\/p>\n<p>&#13;<\/p>\n<h6> 2008-11-04 23:00:25 <\/h6>\n<p><!--\n<link rel=\"stylesheet\" href=\"css\/bootstrap.min.css\">\n\n\n<ul class=\"pagination\">\n\t    \n\t\n\n<li >\n\t<a href='?page_no=20837'>Previous<\/a>\n\t<\/li>\n\n\n       \n    \n\n<li><a href='?page_no=1'>1<\/a><\/li>\n\n\n\n<li><a href='?page_no=2'>2<\/a><\/li>\n\n\n\n<li><a>...<\/a><\/li>\n\n\n\n<li><a href='?page_no=20836'>20836<\/a><\/li>\n\n\n\n<li><a href='?page_no=20837'>20837<\/a><\/li>\n\n\n\n<li class='active'><a>20838<\/a><\/li>\n\n\n\n<li><a href='?page_no=20839'>20839<\/a><\/li>\n\n\n\n<li><a href='?page_no=20840'>20840<\/a><\/li>\n\n\n\n<li><a>...<\/a><\/li>\n\n\n\n<li><a href='?page_no=22522'>22522<\/a><\/li>\n\n\n\n<li><a href='?page_no=22523'>22523<\/a><\/li>\n\n    \n\t\n\n<li >\n\t<a href='?page_no=20839'>Next<\/a>\n\t<\/li>\n\n\n    \n\n<li><a href='?page_no=22523'>Last &rsaquo;&rsaquo;<\/a><\/li>\n\n<\/ul>\n\n\n--><br \/>\n<\/body><\/p>\n","protected":false},"excerpt":{"rendered":"<p>IDEFA anuncia tradicional evento ben\u00e9fico &#13; El Instituto de la Familia (IDEFA) anunci\u00f3 para el jueves 13 de este mes su tradicional actividad de recaudaci\u00f3n de fondos \u00abNoche de vinos, quesos y &#8230;Jazz\u00bb, lo que le permitir\u00e1 mantener los servicios de tratamientos a los ni\u00f1os y adolescentes v\u00edctimas de abusos f\u00edsicos, psicol\u00f3gicos y sexuales. &#13; [&hellip;]<\/p>\n","protected":false},"author":3,"featured_media":0,"comment_status":"open","ping_status":"open","sticky":false,"template":"","format":"standard","meta":{"footnotes":""},"categories":[25],"tags":[],"class_list":["post-92216","post","type-post","status-publish","format-standard","hentry","category-gente"],"_links":{"self":[{"href":"https:\/\/diariodominicano.com\/index.php?rest_route=\/wp\/v2\/posts\/92216","targetHints":{"allow":["GET"]}}],"collection":[{"href":"https:\/\/diariodominicano.com\/index.php?rest_route=\/wp\/v2\/posts"}],"about":[{"href":"https:\/\/diariodominicano.com\/index.php?rest_route=\/wp\/v2\/types\/post"}],"author":[{"embeddable":true,"href":"https:\/\/diariodominicano.com\/index.php?rest_route=\/wp\/v2\/users\/3"}],"replies":[{"embeddable":true,"href":"https:\/\/diariodominicano.com\/index.php?rest_route=%2Fwp%2Fv2%2Fcomments&post=92216"}],"version-history":[{"count":0,"href":"https:\/\/diariodominicano.com\/index.php?rest_route=\/wp\/v2\/posts\/92216\/revisions"}],"wp:attachment":[{"href":"https:\/\/diariodominicano.com\/index.php?rest_route=%2Fwp%2Fv2%2Fmedia&parent=92216"}],"wp:term":[{"taxonomy":"category","embeddable":true,"href":"https:\/\/diariodominicano.com\/index.php?rest_route=%2Fwp%2Fv2%2Fcategories&post=92216"},{"taxonomy":"post_tag","embeddable":true,"href":"https:\/\/diariodominicano.com\/index.php?rest_route=%2Fwp%2Fv2%2Ftags&post=92216"}],"curies":[{"name":"wp","href":"https:\/\/api.w.org\/{rel}","templated":true}]}}