{"id":92214,"date":"2008-11-05T14:32:31","date_gmt":"2008-11-05T14:32:31","guid":{"rendered":"http:\/\/diariodominicano.ddns.net\/?p=92214"},"modified":"2008-11-05T14:32:31","modified_gmt":"2008-11-05T14:32:31","slug":"felle-vega-se-incorpora-al-dominican-republic-jazz-festival","status":"publish","type":"post","link":"https:\/\/diariodominicano.com\/?p=92214","title":{"rendered":"Fell\u00e9 Vega se incorpora al Dominican Republic Jazz Festival"},"content":{"rendered":"<p><body><\/p>\n<p class=\"titulogrande1\"><strong>Fell\u00e9 Vega se incorpora al  Dominican Republic Jazz Festival<\/strong> <\/p>\n<p>&#13;<\/p>\n<p align=\"justify\" class=\"text1noticias\"><strong><img loading=\"lazy\" decoding=\"async\" src=\"http:\/\/localhost:8080\/gente\/img\/bonche dom.jpg\" width=\"375\" height=\"513\" hspace=\"4\" align=\"left\" \/>Santo Domingo, Rep\u00fablica  Dominicana.-<\/strong> El percusionista Fell\u00e9 Vega se incorpora a la lista de estrellas dominicanas  que actuar\u00e1n en la novena edici\u00f3n del Dominican Republic Jazz Festival este fin  de semana del 7 al 9 de noviembre en playa Cabarete, Puerto Plata. <\/p>\n<p>&#13;<\/p>\n<p align=\"justify\" class=\"text1noticias\">Vega, ser\u00e1 una de las  atracciones del s\u00e1bado compartiendo tarima con Giovanni Hidalgo, Tito de Gracia  y Javier Oquendo en lo que los organizadores han denominado \u00abDescarga de  Congueros\u00bb <\/p>\n<p>&#13;<\/p>\n<p align=\"justify\" class=\"text1noticias\">Al igual que el a\u00f1o pasado  se le dio primac\u00eda al bajo con un encuentro de bajista durante la tercera noche  del festival con el boricua John Benitez, el cubano Ram\u00f3n Vazquez, el  dominicano Abel Gonz\u00e1lez y la eminencia Eddie G\u00f3mez; esta\u00a0vez la conga  toma la preeminencia para lucirse\u00a0en el Dominican Republic Jazz Festival  2008. <\/p>\n<p>&#13;<\/p>\n<p align=\"justify\" class=\"text1noticias\">\u00abFell\u00e9 es un artista  que durante varios a\u00f1os hemos querido tener y gracias a Dios en esta edici\u00f3n  contamos con su presencia, dice Dar\u00edo Nicodemo, organizador del Festival junto  con Lorenzo Sancasani y responsable de que Vega figure en la cartelera de  presentaciones. <\/p>\n<p>&#13;<\/p>\n<p align=\"justify\" class=\"text1noticias\">La segunda noche del  festival tendr\u00e1 a Sandy Gabriel &amp; Electric Jazz a primera hora, seguido de  Giovanni Hidalgo &amp; Descarga Boricua Quintet con una banda de super  estrellas como Eric Figueroa, Tito de Gracia, Piro Rodr\u00edguez y Eddy  \u00abGuagua\u00bb Rivera y finalmente \u00abLa Descarga de Congueros\u00bb  cierra la jornada. <\/p>\n<p>&#13;<\/p>\n<p align=\"justify\" class=\"text1noticias\">Fell\u00e9, que por m\u00e1s de 25 a\u00f1os ha gravitado en la  escena musical dominicana, se caracteriza por utilizar objetos de la vida  cotidiana\u00a0para convertirlos en instrumentos musicales. <\/p>\n<p>&#13;<\/p>\n<p align=\"justify\" class=\"text1noticias\">Con latas, tapas, cubos, cajas o cualquier objeto  que pueda emitir sonido, el percusionista lo toma\u00a0y saca lo que \u00e9l llama  \u00abel sonido de la vida\u00bb. <\/p>\n<p>&#13;<\/p>\n<p align=\"justify\" class=\"text1noticias\">Es por ello que su incorporaci\u00f3n al Dominican  Republic Jazz Festival 2008 agrega un valor extraordinario y pone de manifiesto  el ingenio creativo de un m\u00fasico que no s\u00f3lo es creador de sonidos propios para  convinarlos con el tiempo, sino que va m\u00e1s all\u00e1, construyendo los instrumentos  que le permiten lograr\u00a0el sonido particular que lo hace \u00fanico en su clase. <\/p>\n<p>&#13;<\/p>\n<p align=\"justify\" class=\"text1noticias\">El Dominican Republic Jazz Festival es patrocinado  por la Secretaria de Estado de Turismo,\u00a0 Millennium Resort and Spa,  Ferreter\u00eda Ochoa, Sea Horse Ranch, Europcar, Viva Wyndham Resorts, Cabarete  Palm Beach Condos, Coca Cola, Empaq, Villa Taina, Dasani, Velero Beach Resort,  Heineken, La Campagna, Onnos, Lax, Adeca, Ashoresoca, Servi Cab y Pomodoro. <\/p>\n<p>&#13;<\/p>\n<h6> 2008-11-05 14:32:31 <\/h6>\n<p><!--\n<link rel=\"stylesheet\" href=\"css\/bootstrap.min.css\">\n\n\n<ul class=\"pagination\">\n\t    \n\t\n\n<li >\n\t<a href='?page_no=20835'>Previous<\/a>\n\t<\/li>\n\n\n       \n    \n\n<li><a href='?page_no=1'>1<\/a><\/li>\n\n\n\n<li><a href='?page_no=2'>2<\/a><\/li>\n\n\n\n<li><a>...<\/a><\/li>\n\n\n\n<li><a href='?page_no=20834'>20834<\/a><\/li>\n\n\n\n<li><a href='?page_no=20835'>20835<\/a><\/li>\n\n\n\n<li class='active'><a>20836<\/a><\/li>\n\n\n\n<li><a href='?page_no=20837'>20837<\/a><\/li>\n\n\n\n<li><a href='?page_no=20838'>20838<\/a><\/li>\n\n\n\n<li><a>...<\/a><\/li>\n\n\n\n<li><a href='?page_no=22522'>22522<\/a><\/li>\n\n\n\n<li><a href='?page_no=22523'>22523<\/a><\/li>\n\n    \n\t\n\n<li >\n\t<a href='?page_no=20837'>Next<\/a>\n\t<\/li>\n\n\n    \n\n<li><a href='?page_no=22523'>Last &rsaquo;&rsaquo;<\/a><\/li>\n\n<\/ul>\n\n\n--><br \/>\n<\/body><\/p>\n","protected":false},"excerpt":{"rendered":"<p>Fell\u00e9 Vega se incorpora al Dominican Republic Jazz Festival &#13; Santo Domingo, Rep\u00fablica Dominicana.- El percusionista Fell\u00e9 Vega se incorpora a la lista de estrellas dominicanas que actuar\u00e1n en la novena edici\u00f3n del Dominican Republic Jazz Festival este fin de semana del 7 al 9 de noviembre en playa Cabarete, Puerto Plata. &#13; Vega, ser\u00e1 [&hellip;]<\/p>\n","protected":false},"author":3,"featured_media":0,"comment_status":"open","ping_status":"open","sticky":false,"template":"","format":"standard","meta":{"footnotes":""},"categories":[25],"tags":[],"class_list":["post-92214","post","type-post","status-publish","format-standard","hentry","category-gente"],"_links":{"self":[{"href":"https:\/\/diariodominicano.com\/index.php?rest_route=\/wp\/v2\/posts\/92214","targetHints":{"allow":["GET"]}}],"collection":[{"href":"https:\/\/diariodominicano.com\/index.php?rest_route=\/wp\/v2\/posts"}],"about":[{"href":"https:\/\/diariodominicano.com\/index.php?rest_route=\/wp\/v2\/types\/post"}],"author":[{"embeddable":true,"href":"https:\/\/diariodominicano.com\/index.php?rest_route=\/wp\/v2\/users\/3"}],"replies":[{"embeddable":true,"href":"https:\/\/diariodominicano.com\/index.php?rest_route=%2Fwp%2Fv2%2Fcomments&post=92214"}],"version-history":[{"count":0,"href":"https:\/\/diariodominicano.com\/index.php?rest_route=\/wp\/v2\/posts\/92214\/revisions"}],"wp:attachment":[{"href":"https:\/\/diariodominicano.com\/index.php?rest_route=%2Fwp%2Fv2%2Fmedia&parent=92214"}],"wp:term":[{"taxonomy":"category","embeddable":true,"href":"https:\/\/diariodominicano.com\/index.php?rest_route=%2Fwp%2Fv2%2Fcategories&post=92214"},{"taxonomy":"post_tag","embeddable":true,"href":"https:\/\/diariodominicano.com\/index.php?rest_route=%2Fwp%2Fv2%2Ftags&post=92214"}],"curies":[{"name":"wp","href":"https:\/\/api.w.org\/{rel}","templated":true}]}}