{"id":92213,"date":"2008-11-05T17:25:30","date_gmt":"2008-11-05T17:25:30","guid":{"rendered":"http:\/\/diariodominicano.ddns.net\/?p=92213"},"modified":"2008-11-05T17:25:30","modified_gmt":"2008-11-05T17:25:30","slug":"realizan-tertulia-sobre-el-bolero-a-traves-de-los-medios-de-los-medios-de-comunicacion","status":"publish","type":"post","link":"https:\/\/diariodominicano.com\/?p=92213","title":{"rendered":"Realizan tertulia sobre el bolero a trav\u00e9s de los medios de los medios de comunicaci\u00f3n"},"content":{"rendered":"<p><body><\/p>\n<p align=\"justify\" class=\"titulogrande1\"><strong>Realizan  tertulia sobre el bolero a trav\u00e9s de los medios de los medios de comunicaci\u00f3n<\/strong><\/p>\n<p>&#13;<\/p>\n<p align=\"justify\" class=\"text1noticias\"><img loading=\"lazy\" decoding=\"async\" src=\"http:\/\/localhost:8080\/gente\/img\/tertul dom.jpg\" width=\"375\" height=\"1434\" hspace=\"4\" align=\"left\" \/>La Asociaci\u00f3n de Cronistas  de Arte (ACROARTE) y el Instituto de Estudios Caribe\u00f1os (INEC) organizaron una  tertulia musical \u00ab<strong>De la Vellonera a  la Internet. Desarrollo del bolero a trav\u00e9s de los medios electr\u00f3nicos\u00bb.<\/strong><\/p>\n<p>&#13;<\/p>\n<p align=\"justify\" class=\"text1noticias\">Esta actividad\u00a0 forma parte del proceso preparatorio del III  Congreso Internacional M\u00fasica, Identidad y Cultura en el Caribe (MIC III),  dedicado al tema: \u00abEl bolero en la cultura caribe\u00f1a y su proyecci\u00f3n universal\u00bb  que organizan el Centro Le\u00f3n, la Secretar\u00eda de Estado de Cultura, la Cervecer\u00eda  Nacional Dominicana y Codetel.<\/p>\n<p>&#13;<\/p>\n<p align=\"justify\" class=\"text1noticias\">La tertulia musical se  realiz\u00f3 en el patio del Museo de las Casas Reales con la participaci\u00f3n de los  reconocidos comunicadores y boler\u00f3manos: Ubi Rivas, Alci de la Rosa y Alexis  M\u00e9ndez. <\/p>\n<p>&#13;<\/p>\n<p align=\"justify\" class=\"text1noticias\">Adem\u00e1s de la evoluci\u00f3n del  bolero y su difusi\u00f3n y exposici\u00f3n a trav\u00e9s del disco y\u00a0 de los medios de comunicaci\u00f3n, los  expositores contaron sus propias experiencias y protagonismos en estos  procesos.<\/p>\n<p>&#13;<\/p>\n<p align=\"justify\" class=\"text1noticias\">Los invitados especiales  fueron recibidos por la presidenta de Acroarte, Marivell Contreras y Alexis  M\u00e9ndez, director ejecutivo del Inec, con una peque\u00f1a muestra de car\u00e1tulas de  long play de grandes boleristas del pasado.<\/p>\n<p>&#13;<\/p>\n<p align=\"justify\" class=\"text1noticias\">La moderaci\u00f3n de la  actividad fue comandada por Arismendi V\u00e1squez Guare\u00f1o en un ambiente donde  sonaban las grandes voces del bolero.<\/p>\n<p>&#13;<\/p>\n<p align=\"justify\" class=\"text1noticias\">Para culminar el encuentro  de mel\u00f3manos, la cantante Susana Silfa interpret\u00f3 un repertorio de famosos  boleros universales y fueron agasajados con un brindis de cervezas Presidentes  y vinos del Catador.<\/p>\n<p>&#13;<\/p>\n<h6> 2008-11-05 17:25:30 <\/h6>\n<p><!--\n<link rel=\"stylesheet\" href=\"css\/bootstrap.min.css\">\n\n\n<ul class=\"pagination\">\n\t    \n\t\n\n<li >\n\t<a href='?page_no=20834'>Previous<\/a>\n\t<\/li>\n\n\n       \n    \n\n<li><a href='?page_no=1'>1<\/a><\/li>\n\n\n\n<li><a href='?page_no=2'>2<\/a><\/li>\n\n\n\n<li><a>...<\/a><\/li>\n\n\n\n<li><a href='?page_no=20833'>20833<\/a><\/li>\n\n\n\n<li><a href='?page_no=20834'>20834<\/a><\/li>\n\n\n\n<li class='active'><a>20835<\/a><\/li>\n\n\n\n<li><a href='?page_no=20836'>20836<\/a><\/li>\n\n\n\n<li><a href='?page_no=20837'>20837<\/a><\/li>\n\n\n\n<li><a>...<\/a><\/li>\n\n\n\n<li><a href='?page_no=22522'>22522<\/a><\/li>\n\n\n\n<li><a href='?page_no=22523'>22523<\/a><\/li>\n\n    \n\t\n\n<li >\n\t<a href='?page_no=20836'>Next<\/a>\n\t<\/li>\n\n\n    \n\n<li><a href='?page_no=22523'>Last &rsaquo;&rsaquo;<\/a><\/li>\n\n<\/ul>\n\n\n--><br \/>\n<\/body><\/p>\n","protected":false},"excerpt":{"rendered":"<p>Realizan tertulia sobre el bolero a trav\u00e9s de los medios de los medios de comunicaci\u00f3n &#13; La Asociaci\u00f3n de Cronistas de Arte (ACROARTE) y el Instituto de Estudios Caribe\u00f1os (INEC) organizaron una tertulia musical \u00abDe la Vellonera a la Internet. Desarrollo del bolero a trav\u00e9s de los medios electr\u00f3nicos\u00bb. &#13; Esta actividad\u00a0 forma parte del [&hellip;]<\/p>\n","protected":false},"author":3,"featured_media":0,"comment_status":"open","ping_status":"open","sticky":false,"template":"","format":"standard","meta":{"footnotes":""},"categories":[25],"tags":[],"class_list":["post-92213","post","type-post","status-publish","format-standard","hentry","category-gente"],"_links":{"self":[{"href":"https:\/\/diariodominicano.com\/index.php?rest_route=\/wp\/v2\/posts\/92213","targetHints":{"allow":["GET"]}}],"collection":[{"href":"https:\/\/diariodominicano.com\/index.php?rest_route=\/wp\/v2\/posts"}],"about":[{"href":"https:\/\/diariodominicano.com\/index.php?rest_route=\/wp\/v2\/types\/post"}],"author":[{"embeddable":true,"href":"https:\/\/diariodominicano.com\/index.php?rest_route=\/wp\/v2\/users\/3"}],"replies":[{"embeddable":true,"href":"https:\/\/diariodominicano.com\/index.php?rest_route=%2Fwp%2Fv2%2Fcomments&post=92213"}],"version-history":[{"count":0,"href":"https:\/\/diariodominicano.com\/index.php?rest_route=\/wp\/v2\/posts\/92213\/revisions"}],"wp:attachment":[{"href":"https:\/\/diariodominicano.com\/index.php?rest_route=%2Fwp%2Fv2%2Fmedia&parent=92213"}],"wp:term":[{"taxonomy":"category","embeddable":true,"href":"https:\/\/diariodominicano.com\/index.php?rest_route=%2Fwp%2Fv2%2Fcategories&post=92213"},{"taxonomy":"post_tag","embeddable":true,"href":"https:\/\/diariodominicano.com\/index.php?rest_route=%2Fwp%2Fv2%2Ftags&post=92213"}],"curies":[{"name":"wp","href":"https:\/\/api.w.org\/{rel}","templated":true}]}}