{"id":92209,"date":"2008-11-05T21:14:47","date_gmt":"2008-11-05T21:14:47","guid":{"rendered":"http:\/\/diariodominicano.ddns.net\/?p=92209"},"modified":"2008-11-05T21:14:47","modified_gmt":"2008-11-05T21:14:47","slug":"destacan-en-miami-aniversario-de-los-hermanos-rosario","status":"publish","type":"post","link":"https:\/\/diariodominicano.com\/?p=92209","title":{"rendered":"Destacan en Miami aniversario de los Hermanos Rosario"},"content":{"rendered":"<p><body><\/p>\n<p class=\"titulogrande1\">Destacan en Miami aniversario de los  Hermanos Rosario<\/p>\n<p>&#13;<\/p>\n<p align=\"justify\" class=\"text1noticias\"><img loading=\"lazy\" decoding=\"async\" src=\"http:\/\/localhost:8080\/gente\/img\/herma rosar.jpg\" width=\"375\" height=\"177\" hspace=\"4\" align=\"left\" \/>Miami, FL, .- El reconocido  cineasta dominicano Alberto Zayas ser\u00e1 el encargado de registrar para la  historia uno de los acontecimientos m\u00e1s importantes en el \u00e1mbito musical de la Rep\u00fablica Dominicana  de los \u00faltimos a\u00f1os: la celebraci\u00f3n de los 30 a\u00f1os de fundaci\u00f3n de la popular  agrupaci\u00f3n merenguera Los Hermanos Rosario.<br \/>&#13;<br \/>\n  \u00a0<br \/>&#13;<br \/>\n  Este concierto, que se  llevar\u00e1 a cabo el pr\u00f3ximo viernes 7 y s\u00e1bado 8 de noviembre, participar\u00e1n las  m\u00e1s importantes figuras del merengue de la actualidad, entre ellas Juan Luis  Guerra.<br \/>&#13;<br \/>\n  \u00a0<br \/>&#13;<br \/>\n  Zayas contar\u00e1 para la  realizaci\u00f3n de este inolvidable DVD con la mejor tecnolog\u00eda de filmaci\u00f3n del  mercado con catorce c\u00e1maras de alta definici\u00f3n y un equipo de profesionales de  los m\u00e1s creativos t\u00e9cnicos audiovisuales del pa\u00eds.<br \/>&#13;<br \/>\n  \u00a0<br \/>&#13;<br \/>\n  \u201cConsidero que m\u00e1s que un  espect\u00e1culo, mi deber es hacer de este proyecto un verdadero documento para la  historia de la m\u00fasica dominicana\u201d, expres\u00f3 el director cinematogr\u00e1fico.<br \/>&#13;<br \/>\n  \u00a0<br \/>&#13;<br \/>\n  La orquesta de Los Hermanos  Rosario fue fundada en el 1978 por Pepe Rosario, quien muri\u00f3 tr\u00e1gicamente en el  1983 y sus hermanos To\u00f1o, Rafa y Luis.<br \/>&#13;<br \/>\n  \u00a0<br \/>&#13;<br \/>\n  Durante estas tres d\u00e9cadas de  trayectoria, y principalmente bajo el liderazgo de Rafa Rosario, han logrado  colocar sus producciones entre los primeros lugares de las carteleras  tropicales en los Estados Unidos, Puerto Rico, Centroam\u00e9rica,\u00a0 Venezuela, Per\u00fa y Colombia.<br \/>&#13;<br \/>\n  \u00a0<br \/>&#13;<br \/>\n  Recientemente, Alberto Zayas,  desde Santo Domingo, dirigi\u00f3 el v\u00eddeo del m\u00e1s joven de la familia Rosario, Rafely,  titulado \u201cMe Liber\u00e9\u201d.\u00a0 <\/p>\n<p>&#13;<\/p>\n<h6> 2008-11-05 21:14:47 <\/h6>\n<p><!--\n<link rel=\"stylesheet\" href=\"css\/bootstrap.min.css\">\n\n\n<ul class=\"pagination\">\n\t    \n\t\n\n<li >\n\t<a href='?page_no=20830'>Previous<\/a>\n\t<\/li>\n\n\n       \n    \n\n<li><a href='?page_no=1'>1<\/a><\/li>\n\n\n\n<li><a href='?page_no=2'>2<\/a><\/li>\n\n\n\n<li><a>...<\/a><\/li>\n\n\n\n<li><a href='?page_no=20829'>20829<\/a><\/li>\n\n\n\n<li><a href='?page_no=20830'>20830<\/a><\/li>\n\n\n\n<li class='active'><a>20831<\/a><\/li>\n\n\n\n<li><a href='?page_no=20832'>20832<\/a><\/li>\n\n\n\n<li><a href='?page_no=20833'>20833<\/a><\/li>\n\n\n\n<li><a>...<\/a><\/li>\n\n\n\n<li><a href='?page_no=22522'>22522<\/a><\/li>\n\n\n\n<li><a href='?page_no=22523'>22523<\/a><\/li>\n\n    \n\t\n\n<li >\n\t<a href='?page_no=20832'>Next<\/a>\n\t<\/li>\n\n\n    \n\n<li><a href='?page_no=22523'>Last &rsaquo;&rsaquo;<\/a><\/li>\n\n<\/ul>\n\n\n--><br \/>\n<\/body><\/p>\n","protected":false},"excerpt":{"rendered":"<p>Destacan en Miami aniversario de los Hermanos Rosario &#13; Miami, FL, .- El reconocido cineasta dominicano Alberto Zayas ser\u00e1 el encargado de registrar para la historia uno de los acontecimientos m\u00e1s importantes en el \u00e1mbito musical de la Rep\u00fablica Dominicana de los \u00faltimos a\u00f1os: la celebraci\u00f3n de los 30 a\u00f1os de fundaci\u00f3n de la popular [&hellip;]<\/p>\n","protected":false},"author":3,"featured_media":0,"comment_status":"open","ping_status":"open","sticky":false,"template":"","format":"standard","meta":{"footnotes":""},"categories":[25],"tags":[],"class_list":["post-92209","post","type-post","status-publish","format-standard","hentry","category-gente"],"_links":{"self":[{"href":"https:\/\/diariodominicano.com\/index.php?rest_route=\/wp\/v2\/posts\/92209","targetHints":{"allow":["GET"]}}],"collection":[{"href":"https:\/\/diariodominicano.com\/index.php?rest_route=\/wp\/v2\/posts"}],"about":[{"href":"https:\/\/diariodominicano.com\/index.php?rest_route=\/wp\/v2\/types\/post"}],"author":[{"embeddable":true,"href":"https:\/\/diariodominicano.com\/index.php?rest_route=\/wp\/v2\/users\/3"}],"replies":[{"embeddable":true,"href":"https:\/\/diariodominicano.com\/index.php?rest_route=%2Fwp%2Fv2%2Fcomments&post=92209"}],"version-history":[{"count":0,"href":"https:\/\/diariodominicano.com\/index.php?rest_route=\/wp\/v2\/posts\/92209\/revisions"}],"wp:attachment":[{"href":"https:\/\/diariodominicano.com\/index.php?rest_route=%2Fwp%2Fv2%2Fmedia&parent=92209"}],"wp:term":[{"taxonomy":"category","embeddable":true,"href":"https:\/\/diariodominicano.com\/index.php?rest_route=%2Fwp%2Fv2%2Fcategories&post=92209"},{"taxonomy":"post_tag","embeddable":true,"href":"https:\/\/diariodominicano.com\/index.php?rest_route=%2Fwp%2Fv2%2Ftags&post=92209"}],"curies":[{"name":"wp","href":"https:\/\/api.w.org\/{rel}","templated":true}]}}