{"id":92206,"date":"2008-11-06T21:54:23","date_gmt":"2008-11-06T21:54:23","guid":{"rendered":"http:\/\/diariodominicano.ddns.net\/?p=92206"},"modified":"2008-11-06T21:54:23","modified_gmt":"2008-11-06T21:54:23","slug":"con-una-inversion-de-cien-mil-dolares-inicia-el-dominican-republic-jazz-festival-en-cabarete-puerto-plata","status":"publish","type":"post","link":"https:\/\/diariodominicano.com\/?p=92206","title":{"rendered":"Con una inversi\u00f3n de cien mil d\u00f3lares inicia el Dominican Republic Jazz Festival en Cabarete, Puerto Plata"},"content":{"rendered":"<p><body><\/p>\n<p align=\"justify\" class=\"titulogrande1\">Con  una inversi\u00f3n de cien mil d\u00f3lares inicia el Dominican Republic Jazz Festival en  Cabarete, Puerto Plata<\/p>\n<p>&#13;<\/p>\n<p align=\"justify\" class=\"text1noticias\"><img loading=\"lazy\" decoding=\"async\" src=\"http:\/\/localhost:8080\/gente\/img\/jazz dominicanos.jpg\" width=\"375\" height=\"131\" hspace=\"4\" align=\"left\" \/>Santo Domingo, Rep\u00fablica  Dominicana.- Todo est\u00e1 listo para que este viernes 7 de noviembre comience la  novena entrega del Dominican Republic Jazz Festival en Playa Cabarete, Puerto  Plata, bajo los auspicios de la   Secretar\u00eda de Estado de Turismo y\u00a0 Millennium Resort and Spa, totalmente gratis.<\/p>\n<p>&#13;<\/p>\n<p align=\"justify\" class=\"text1noticias\">  \u00abCon una inversi\u00f3n de  100 mil d\u00f3lares y un equipo que sobrepasan las ciento cincuenta personas, esta  edici\u00f3n promete al p\u00fablico tres d\u00edas con lo mejor del latin jazz del  momento\u00bb, inform\u00f3 Lorenzo Sancasani, organizador del evento.<\/p>\n<p>&#13;<\/p>\n<p align=\"justify\" class=\"text1noticias\">Sancasani, residente y  promotor tur\u00edstico de Cabarete con inversiones hoteleras en la zona, refiri\u00f3  que gracias al festival, las tres mil quinientas habitaciones disponibles est\u00e1n  ocupadas, cumpli\u00e9ndose as\u00ed uno de los cometidos del evento.<\/p>\n<p>&#13;<\/p>\n<p align=\"justify\" class=\"text1noticias\">Agreg\u00f3 que ya todos los  artistas internacionales est\u00e1n en el pa\u00eds ensayando su participaci\u00f3n en el  Festival y que hasta el momento la organizaci\u00f3n ha fluido bien.<\/p>\n<p>&#13;<\/p>\n<p align=\"justify\" class=\"text1noticias\">El Dominican Republic Jazz  Festival abre este d\u00eda 7 a  las 8:30 de la noche en Playa Cabarete con la agrupaci\u00f3n dominicana Ambar Jazz  Group, luego sube al escenario el newyorkino Dave Valentin junto\u00a0 a una constelaci\u00f3n de estrellas compuesta por  Eric Figueroa, Endel Due\u00f1o, Javier Oquendo, Eddy \u00abGuagua\u00bb Rivera y  Lu\u00eds \u00abPerico\u00bb Ortiz como invitado especial.<\/p>\n<p>&#13;<\/p>\n<p align=\"justify\" class=\"text1noticias\">Para el s\u00e1bado la jornada se  ampl\u00eda con la inclusi\u00f3n de tres bandas de jazz juveniles:\u00bbFusion Jazz  Group\u00bb, \u00abNovel\u00bb y \u00abSoulibre\u00bb que tocar\u00e1n a partir de  las doce del medio d\u00eda para ense\u00f1ar lo que el jazz est\u00e1 haciendo en la juventud  de la zona.<\/p>\n<p>&#13;<\/p>\n<p align=\"justify\" class=\"text1noticias\">A las ocho de la noche Sandy  Gabriel &amp; Electric Jazz\u00a0 inician la  noche con su repertorio para darle paso a\u00a0  Giovanni Hidalgo &amp; Descarga Boricua Quintet con Eric Figueroa, Tito  de Gracia, Piro Rodr\u00edguez, Eddy \u00abGuagua\u00bb Rivera y Puppy Santiago como  invitado especial. Al final viene la \u00abDescarga de Congueros\u00bb con  Giovanni Hidalgo, Tito de Gracia, Javier Oquendo y Fell\u00e9 Vega mostrando su  pericia en la percusi\u00f3n.<\/p>\n<p>&#13;<\/p>\n<p align=\"justify\" class=\"text1noticias\">El Domingo Fidel Morales  junto a Yan Carlos Artime y Ram\u00f3n V\u00e1zquez conforman una terna perfecta que  celebrar\u00e1 la m\u00fasica con buen gusto, dejando listo el ambiente para que Krenci  Garc\u00eda \u00abEl Prodigio\u00bb muestre su talento en standard de jazz, durante  el cierre de la novena entrega del Dominican Republic Jazz Festival.<\/p>\n<p>&#13;<\/p>\n<p align=\"justify\" class=\"text1noticias\">Otras actividades se llevar\u00e1n  a cabo como un concurso de fotograf\u00eda dirigido por el artista pl\u00e1stico Adolfo  Faringthon y una cl\u00ednica impartida por el bajista cubano Ram\u00f3n Vazquez junto a  m\u00fasicos boricuas para ni\u00f1os de escasos recursos de la zona de Cabarete.<br \/>&#13;<br \/>\n  \u00a0<br \/>&#13;<br \/>\nEl Dominican Republic Jazz  Festival es patrocinado por la   Secretaria de Estado de Turismo,\u00a0 Millennium Resort and Spa, Ferreter\u00eda Ochoa,  Sea Horse Ranch, Europcar, Viva Wyndham Resorts, Cabarete Palm Beach Condos,  Coca Cola, Empaq, Villa Taina, Dasani, Velero Beach Resort, Heineken, La Campagna, Onnos, Lax,  Adeca, Ashoresoca, Servi Cab y Pomodoro.<\/p>\n<p>&#13;<\/p>\n<h6> 2008-11-06 21:54:23 <\/h6>\n<p><!--\n<link rel=\"stylesheet\" href=\"css\/bootstrap.min.css\">\n\n\n<ul class=\"pagination\">\n\t    \n\t\n\n<li >\n\t<a href='?page_no=20827'>Previous<\/a>\n\t<\/li>\n\n\n       \n    \n\n<li><a href='?page_no=1'>1<\/a><\/li>\n\n\n\n<li><a href='?page_no=2'>2<\/a><\/li>\n\n\n\n<li><a>...<\/a><\/li>\n\n\n\n<li><a href='?page_no=20826'>20826<\/a><\/li>\n\n\n\n<li><a href='?page_no=20827'>20827<\/a><\/li>\n\n\n\n<li class='active'><a>20828<\/a><\/li>\n\n\n\n<li><a href='?page_no=20829'>20829<\/a><\/li>\n\n\n\n<li><a href='?page_no=20830'>20830<\/a><\/li>\n\n\n\n<li><a>...<\/a><\/li>\n\n\n\n<li><a href='?page_no=22522'>22522<\/a><\/li>\n\n\n\n<li><a href='?page_no=22523'>22523<\/a><\/li>\n\n    \n\t\n\n<li >\n\t<a href='?page_no=20829'>Next<\/a>\n\t<\/li>\n\n\n    \n\n<li><a href='?page_no=22523'>Last &rsaquo;&rsaquo;<\/a><\/li>\n\n<\/ul>\n\n\n--><br \/>\n<\/body><\/p>\n","protected":false},"excerpt":{"rendered":"<p>Con una inversi\u00f3n de cien mil d\u00f3lares inicia el Dominican Republic Jazz Festival en Cabarete, Puerto Plata &#13; Santo Domingo, Rep\u00fablica Dominicana.- Todo est\u00e1 listo para que este viernes 7 de noviembre comience la novena entrega del Dominican Republic Jazz Festival en Playa Cabarete, Puerto Plata, bajo los auspicios de la Secretar\u00eda de Estado de [&hellip;]<\/p>\n","protected":false},"author":3,"featured_media":0,"comment_status":"open","ping_status":"open","sticky":false,"template":"","format":"standard","meta":{"footnotes":""},"categories":[25],"tags":[],"class_list":["post-92206","post","type-post","status-publish","format-standard","hentry","category-gente"],"_links":{"self":[{"href":"https:\/\/diariodominicano.com\/index.php?rest_route=\/wp\/v2\/posts\/92206","targetHints":{"allow":["GET"]}}],"collection":[{"href":"https:\/\/diariodominicano.com\/index.php?rest_route=\/wp\/v2\/posts"}],"about":[{"href":"https:\/\/diariodominicano.com\/index.php?rest_route=\/wp\/v2\/types\/post"}],"author":[{"embeddable":true,"href":"https:\/\/diariodominicano.com\/index.php?rest_route=\/wp\/v2\/users\/3"}],"replies":[{"embeddable":true,"href":"https:\/\/diariodominicano.com\/index.php?rest_route=%2Fwp%2Fv2%2Fcomments&post=92206"}],"version-history":[{"count":0,"href":"https:\/\/diariodominicano.com\/index.php?rest_route=\/wp\/v2\/posts\/92206\/revisions"}],"wp:attachment":[{"href":"https:\/\/diariodominicano.com\/index.php?rest_route=%2Fwp%2Fv2%2Fmedia&parent=92206"}],"wp:term":[{"taxonomy":"category","embeddable":true,"href":"https:\/\/diariodominicano.com\/index.php?rest_route=%2Fwp%2Fv2%2Fcategories&post=92206"},{"taxonomy":"post_tag","embeddable":true,"href":"https:\/\/diariodominicano.com\/index.php?rest_route=%2Fwp%2Fv2%2Ftags&post=92206"}],"curies":[{"name":"wp","href":"https:\/\/api.w.org\/{rel}","templated":true}]}}