{"id":92205,"date":"2008-11-06T21:57:04","date_gmt":"2008-11-06T21:57:04","guid":{"rendered":"http:\/\/diariodominicano.ddns.net\/?p=92205"},"modified":"2008-11-06T21:57:04","modified_gmt":"2008-11-06T21:57:04","slug":"wason-brazoban-lanza-regalame-tu-dolor","status":"publish","type":"post","link":"https:\/\/diariodominicano.com\/?p=92205","title":{"rendered":"Wason Brazob\u00e1n lanza  \u201cReg\u00e1lame tu Dolor\u201d"},"content":{"rendered":"<p><body><\/p>\n<p class=\"titulogrande1\">Wason Brazob\u00e1n lanza\u00a0 \u201cReg\u00e1lame tu Dolor\u201d<\/p>\n<p>&#13;<\/p>\n<p align=\"justify\" class=\"text1noticias\"><img loading=\"lazy\" decoding=\"async\" src=\"http:\/\/localhost:8080\/gente\/img\/wason shea.jpg\" width=\"375\" height=\"250\" hspace=\"4\" align=\"left\" \/>Miami, FL, .- Ya se acerca el  gran estreno de la pel\u00edcula \u201cSanti Cl\u00f3\u201d, y como antesala de este acontecimiento  ha empezado a difundirse en esta semana en las principales estaciones radiales  de la Rep\u00fablica   Dominicana, el tema musical de este filme titulado \u201cReg\u00e1lame  Tu Dolor\u201d.<br \/>&#13;<br \/>\n  \u00a0<br \/>&#13;<br \/>\n   Esta canci\u00f3n, compuesta e  interpretada por el nuevo fen\u00f3meno del pop latinoamericano, Wason Brazob\u00e1n,  proyecta el mismo esp\u00edritu que sirvi\u00f3 de inspiraci\u00f3n para la realizaci\u00f3n de  esta producci\u00f3n cinematogr\u00e1fica que nace bajo el sello de Premium Latin Films.<br \/>&#13;<br \/>\n  \u00a0<br \/>&#13;<br \/>\n  \u201cEspero que \u2018Reg\u00e1lame Tu  Dolor\u2019 tenga la misma aceptaci\u00f3n que tuvo el tema de Sanky Panky \u2018En un s\u00f3lo  d\u00eda\u2019, ya que ambos nacieron del coraz\u00f3n e inspirados en situaciones que nos  pasan a todo el mundo\u201d, expres\u00f3 Brazob\u00e1n.<br \/>&#13;<br \/>\n  \u00a0<br \/>&#13;<br \/>\n  Adem\u00e1s se iniciar\u00e1 de manera  conjunta la proyecci\u00f3n del video clip de esta composici\u00f3n en los principales  canales musicales tanto nacionales como extranjeros.<br \/>&#13;<br \/>\n  \u00a0<br \/>&#13;<br \/>\n  Por otro lado, Wason formar\u00e1  parte de los artistas invitados que actuar\u00e1n en los dos conciertos que se  realizar\u00e1n este pr\u00f3ximo fin de semana en celebraci\u00f3n de los 30 a\u00f1os de carrera  art\u00edstica de la popular orquesta de Los Hermanos Rosario.<br \/>&#13;<br \/>\n  \u00a0<br \/>&#13;<br \/>\n  El primero de ellos se  llevar\u00e1 a cabo el viernes 7 de noviembre en el Teatro Nacional en Santo  Domingo, y el s\u00e1bado 8, en el Gran Teatro del Cibao en la ciudad de Santiago de  los Caballeros. Entre los grandes exponentes de la m\u00fasica\u00a0 tropical que asistir\u00e1n a esta cita se  encuentra Juan Luis Guerra, Gilberto Santa Rosa, Milly Quezada y Maridalia  Hern\u00e1ndez, entre otros.<\/p>\n<p>&#13;<\/p>\n<h6> 2008-11-06 21:57:04 <\/h6>\n<p><!--\n<link rel=\"stylesheet\" href=\"css\/bootstrap.min.css\">\n\n\n<ul class=\"pagination\">\n\t    \n\t\n\n<li >\n\t<a href='?page_no=20826'>Previous<\/a>\n\t<\/li>\n\n\n       \n    \n\n<li><a href='?page_no=1'>1<\/a><\/li>\n\n\n\n<li><a href='?page_no=2'>2<\/a><\/li>\n\n\n\n<li><a>...<\/a><\/li>\n\n\n\n<li><a href='?page_no=20825'>20825<\/a><\/li>\n\n\n\n<li><a href='?page_no=20826'>20826<\/a><\/li>\n\n\n\n<li class='active'><a>20827<\/a><\/li>\n\n\n\n<li><a href='?page_no=20828'>20828<\/a><\/li>\n\n\n\n<li><a href='?page_no=20829'>20829<\/a><\/li>\n\n\n\n<li><a>...<\/a><\/li>\n\n\n\n<li><a href='?page_no=22522'>22522<\/a><\/li>\n\n\n\n<li><a href='?page_no=22523'>22523<\/a><\/li>\n\n    \n\t\n\n<li >\n\t<a href='?page_no=20828'>Next<\/a>\n\t<\/li>\n\n\n    \n\n<li><a href='?page_no=22523'>Last &rsaquo;&rsaquo;<\/a><\/li>\n\n<\/ul>\n\n\n--><br \/>\n<\/body><\/p>\n","protected":false},"excerpt":{"rendered":"<p>Wason Brazob\u00e1n lanza\u00a0 \u201cReg\u00e1lame tu Dolor\u201d &#13; Miami, FL, .- Ya se acerca el gran estreno de la pel\u00edcula \u201cSanti Cl\u00f3\u201d, y como antesala de este acontecimiento ha empezado a difundirse en esta semana en las principales estaciones radiales de la Rep\u00fablica Dominicana, el tema musical de este filme titulado \u201cReg\u00e1lame Tu Dolor\u201d.&#13; \u00a0&#13; Esta [&hellip;]<\/p>\n","protected":false},"author":3,"featured_media":0,"comment_status":"open","ping_status":"open","sticky":false,"template":"","format":"standard","meta":{"footnotes":""},"categories":[25],"tags":[],"class_list":["post-92205","post","type-post","status-publish","format-standard","hentry","category-gente"],"_links":{"self":[{"href":"https:\/\/diariodominicano.com\/index.php?rest_route=\/wp\/v2\/posts\/92205","targetHints":{"allow":["GET"]}}],"collection":[{"href":"https:\/\/diariodominicano.com\/index.php?rest_route=\/wp\/v2\/posts"}],"about":[{"href":"https:\/\/diariodominicano.com\/index.php?rest_route=\/wp\/v2\/types\/post"}],"author":[{"embeddable":true,"href":"https:\/\/diariodominicano.com\/index.php?rest_route=\/wp\/v2\/users\/3"}],"replies":[{"embeddable":true,"href":"https:\/\/diariodominicano.com\/index.php?rest_route=%2Fwp%2Fv2%2Fcomments&post=92205"}],"version-history":[{"count":0,"href":"https:\/\/diariodominicano.com\/index.php?rest_route=\/wp\/v2\/posts\/92205\/revisions"}],"wp:attachment":[{"href":"https:\/\/diariodominicano.com\/index.php?rest_route=%2Fwp%2Fv2%2Fmedia&parent=92205"}],"wp:term":[{"taxonomy":"category","embeddable":true,"href":"https:\/\/diariodominicano.com\/index.php?rest_route=%2Fwp%2Fv2%2Fcategories&post=92205"},{"taxonomy":"post_tag","embeddable":true,"href":"https:\/\/diariodominicano.com\/index.php?rest_route=%2Fwp%2Fv2%2Ftags&post=92205"}],"curies":[{"name":"wp","href":"https:\/\/api.w.org\/{rel}","templated":true}]}}