{"id":92203,"date":"2008-11-07T18:06:23","date_gmt":"2008-11-07T18:06:23","guid":{"rendered":"http:\/\/diariodominicano.ddns.net\/?p=92203"},"modified":"2008-11-07T18:06:23","modified_gmt":"2008-11-07T18:06:23","slug":"calle-13-traen-la-fiesta-a-miami","status":"publish","type":"post","link":"https:\/\/diariodominicano.com\/?p=92203","title":{"rendered":"Calle 13 traen la fiesta a Miami"},"content":{"rendered":"<p><body><\/p>\n<p align=\"justify\"><span class=\"titulogrande1\">Calle 13 traen la fiesta a Miami<\/span><br \/>&#13;<br \/>\n  <br \/>&#13;<br \/>\n    <span class=\"text1noticias\"><img loading=\"lazy\" decoding=\"async\" src=\"http:\/\/localhost:8080\/gente\/img\/calle tre.jpg\" width=\"375\" height=\"552\" hspace=\"4\" align=\"left\" \/>Miami, FL, 7 de noviembre del 2008.- <strong>Calle 13<\/strong> tendr\u00e1 su gran noche latina en  Miami. Los premiados m\u00fasicos boricuas llegan al centro nocturno \u201cLa Covacha\u201d  para encender al p\u00fablico con un show que promete ser descomunal, al estilo  \u00fanico de Calle 13.<br \/>&#13;<br \/>\n    <br \/>&#13;<br \/>\n    <strong>Ren\u00e9  P\u00e9rez<\/strong> y <strong>Eduardo  Cabra<\/strong> son \u2018Residente\u2019 y \u2018Visitante\u2019, respectivamente, el d\u00fao urbano que  transform\u00f3 el g\u00e9nero desde el a\u00f1o 2005 cuando editaron su primer disco.  Ganadores de 5 premios Latin GRAMMY\u00ae Latino, un premio MTV y varios alrededor  del planeta, esta vez llegan para presentar su nuevo disco \u201cLos de atr\u00e1s vienen  conmigo\u201d y cantar los temas que el p\u00fablico quiere escuchar y bailar, como  \u201cAtr\u00e9vete te te\u201d, \u201cSuave\u201d y su sencillo m\u00e1s reciente, \u201cNo hay nadie como t\u00fa\u201d.<br \/>&#13;<br \/>\n    <br \/>&#13;<br \/>\n    La presentaci\u00f3n ser\u00e1 el pr\u00f3ximo 22 de  noviembre en La Covacha, ubicada en 10730 NW 25 Street de Miami, el espacio  donde ya han desfilado los artistas latinos m\u00e1s importantes y pueden vivir un  concierto con sus \u00eddolos.<br \/>&#13;<br \/>\n    <br \/>&#13;<br \/>\nLas entradas est\u00e1n a la venta en <a href=\"http:\/\/www.ticketmaster.com\">www.ticketmaster.com<\/a> o  llamando al tel\u00e9fono 305.358.5885.<\/span><\/p>\n<p>&#13;<\/p>\n<h6> 2008-11-07 18:06:23 <\/h6>\n<p><!--\n<link rel=\"stylesheet\" href=\"css\/bootstrap.min.css\">\n\n\n<ul class=\"pagination\">\n\t    \n\t\n\n<li >\n\t<a href='?page_no=20824'>Previous<\/a>\n\t<\/li>\n\n\n       \n    \n\n<li><a href='?page_no=1'>1<\/a><\/li>\n\n\n\n<li><a href='?page_no=2'>2<\/a><\/li>\n\n\n\n<li><a>...<\/a><\/li>\n\n\n\n<li><a href='?page_no=20823'>20823<\/a><\/li>\n\n\n\n<li><a href='?page_no=20824'>20824<\/a><\/li>\n\n\n\n<li class='active'><a>20825<\/a><\/li>\n\n\n\n<li><a href='?page_no=20826'>20826<\/a><\/li>\n\n\n\n<li><a href='?page_no=20827'>20827<\/a><\/li>\n\n\n\n<li><a>...<\/a><\/li>\n\n\n\n<li><a href='?page_no=22522'>22522<\/a><\/li>\n\n\n\n<li><a href='?page_no=22523'>22523<\/a><\/li>\n\n    \n\t\n\n<li >\n\t<a href='?page_no=20826'>Next<\/a>\n\t<\/li>\n\n\n    \n\n<li><a href='?page_no=22523'>Last &rsaquo;&rsaquo;<\/a><\/li>\n\n<\/ul>\n\n\n--><br \/>\n<\/body><\/p>\n","protected":false},"excerpt":{"rendered":"<p>Calle 13 traen la fiesta a Miami&#13; &#13; Miami, FL, 7 de noviembre del 2008.- Calle 13 tendr\u00e1 su gran noche latina en Miami. Los premiados m\u00fasicos boricuas llegan al centro nocturno \u201cLa Covacha\u201d para encender al p\u00fablico con un show que promete ser descomunal, al estilo \u00fanico de Calle 13.&#13; &#13; Ren\u00e9 P\u00e9rez y [&hellip;]<\/p>\n","protected":false},"author":3,"featured_media":0,"comment_status":"open","ping_status":"open","sticky":false,"template":"","format":"standard","meta":{"footnotes":""},"categories":[25],"tags":[],"class_list":["post-92203","post","type-post","status-publish","format-standard","hentry","category-gente"],"_links":{"self":[{"href":"https:\/\/diariodominicano.com\/index.php?rest_route=\/wp\/v2\/posts\/92203","targetHints":{"allow":["GET"]}}],"collection":[{"href":"https:\/\/diariodominicano.com\/index.php?rest_route=\/wp\/v2\/posts"}],"about":[{"href":"https:\/\/diariodominicano.com\/index.php?rest_route=\/wp\/v2\/types\/post"}],"author":[{"embeddable":true,"href":"https:\/\/diariodominicano.com\/index.php?rest_route=\/wp\/v2\/users\/3"}],"replies":[{"embeddable":true,"href":"https:\/\/diariodominicano.com\/index.php?rest_route=%2Fwp%2Fv2%2Fcomments&post=92203"}],"version-history":[{"count":0,"href":"https:\/\/diariodominicano.com\/index.php?rest_route=\/wp\/v2\/posts\/92203\/revisions"}],"wp:attachment":[{"href":"https:\/\/diariodominicano.com\/index.php?rest_route=%2Fwp%2Fv2%2Fmedia&parent=92203"}],"wp:term":[{"taxonomy":"category","embeddable":true,"href":"https:\/\/diariodominicano.com\/index.php?rest_route=%2Fwp%2Fv2%2Fcategories&post=92203"},{"taxonomy":"post_tag","embeddable":true,"href":"https:\/\/diariodominicano.com\/index.php?rest_route=%2Fwp%2Fv2%2Ftags&post=92203"}],"curies":[{"name":"wp","href":"https:\/\/api.w.org\/{rel}","templated":true}]}}