{"id":92202,"date":"2008-11-07T18:08:05","date_gmt":"2008-11-07T18:08:05","guid":{"rendered":"http:\/\/diariodominicano.ddns.net\/?p=92202"},"modified":"2008-11-07T18:08:05","modified_gmt":"2008-11-07T18:08:05","slug":"concierto-100-x-100-de-serrat-en-vivo-por-noche-de-luz","status":"publish","type":"post","link":"https:\/\/diariodominicano.com\/?p=92202","title":{"rendered":"Concierto \u201c100 x 100\u201d de Serrat en vivo por \u201cNoche de Luz\u201d"},"content":{"rendered":"<p><body><\/p>\n<p align=\"center\" class=\"titulogrande1\"><strong>Concierto \u201c100 x 100\u201d de Serrat en vivo  por \u201cNoche de Luz\u201d<\/strong><\/p>\n<p>&#13;<\/p>\n<p align=\"justify\" class=\"text1noticias\"><strong>\u201c100 x 100\u201d<\/strong> es el espect\u00e1culo que trae de vuelta a escenario  dominicano al catal\u00e1n Joan Manuel Serrat, que estar\u00e1 entregando parte de su  amplio repertorio de canciones en la Sala Eduardo Brito del Teatro Nacional en  dos d\u00edas consecutivos (s\u00e1bado 8 y domingo 9 de noviembre) y del cual tendr\u00e1s la  oportunidad, con nunca antes, de disfrutar en vivo su presentaci\u00f3n este s\u00e1bado  en tu programa de las exclusivas, \u201cNoche de Luz\u201d.<\/p>\n<p>&#13;<\/p>\n<p align=\"justify\" class=\"text1noticias\">Asimismo,  Luz Garc\u00eda comparte con el p\u00fablico momentos muy especiales de la entrevista  realizada al int\u00e9rprete de \u201cPen\u00e9lope\u201d en donde habla sobre su salud, qu\u00e9 rol  jug\u00f3 la m\u00fasica en ese momento de su vida, como ve la vida tras sobrepasar el  c\u00e1ncer y si estaba preparado para afrontar una dificultad de tal magnitud.<\/p>\n<p>&#13;<\/p>\n<p align=\"justify\" class=\"text1noticias\">En  ese mismo orden, Serrat fue abordado sobre el tema que est\u00e1 en el tapete, la  victoria del candidato dem\u00f3crata Barak Obama en Estados Unidos, la situaci\u00f3n de  la m\u00fasica en Am\u00e9rica Latina, la pirater\u00eda, entre otros t\u00f3picos de inter\u00e9s.<\/p>\n<p>&#13;<\/p>\n<p align=\"justify\" class=\"text1noticias\">Los  seguidores de Serrat podr\u00e1n disfrutar sus canciones en un amplio espectro, ya  que como \u00e9l mismo cuenta no sigue ning\u00fan orden, ning\u00fan repertorio, sino que  sobre el escenario pude ir improvisando temas seg\u00fan se vayan desenvolviendo las  cosas y lo que pida el p\u00fablico.<\/p>\n<p>&#13;<\/p>\n<p align=\"justify\" class=\"text1noticias\">Si  no alcanzaste a conseguir o comprar tus boletas para el espect\u00e1culo \u201c100 x 100\u201d  del cantautor espa\u00f1ol Joan Manuel Serrat recuerda que \u201cNoche de Luz\u201d te  presenta en vivo esta tan esperada presentaci\u00f3n.<\/p>\n<p>&#13;<\/p>\n<p align=\"justify\" class=\"text1noticias\">No  te pierdas cada s\u00e1bado de 9:00 a 10:30 de la noche tu Revista Semanal de  Variedades, \u201cNoche de Luz\u201d, por Antena Latina con la conducci\u00f3n de Luz Garc\u00eda.<\/p>\n<p>&#13;<\/p>\n<h6> 2008-11-07 18:08:05 <\/h6>\n<p><!--\n<link rel=\"stylesheet\" href=\"css\/bootstrap.min.css\">\n\n\n<ul class=\"pagination\">\n\t    \n\t\n\n<li >\n\t<a href='?page_no=20823'>Previous<\/a>\n\t<\/li>\n\n\n       \n    \n\n<li><a href='?page_no=1'>1<\/a><\/li>\n\n\n\n<li><a href='?page_no=2'>2<\/a><\/li>\n\n\n\n<li><a>...<\/a><\/li>\n\n\n\n<li><a href='?page_no=20822'>20822<\/a><\/li>\n\n\n\n<li><a href='?page_no=20823'>20823<\/a><\/li>\n\n\n\n<li class='active'><a>20824<\/a><\/li>\n\n\n\n<li><a href='?page_no=20825'>20825<\/a><\/li>\n\n\n\n<li><a href='?page_no=20826'>20826<\/a><\/li>\n\n\n\n<li><a>...<\/a><\/li>\n\n\n\n<li><a href='?page_no=22522'>22522<\/a><\/li>\n\n\n\n<li><a href='?page_no=22523'>22523<\/a><\/li>\n\n    \n\t\n\n<li >\n\t<a href='?page_no=20825'>Next<\/a>\n\t<\/li>\n\n\n    \n\n<li><a href='?page_no=22523'>Last &rsaquo;&rsaquo;<\/a><\/li>\n\n<\/ul>\n\n\n--><br \/>\n<\/body><\/p>\n","protected":false},"excerpt":{"rendered":"<p>Concierto \u201c100 x 100\u201d de Serrat en vivo por \u201cNoche de Luz\u201d &#13; \u201c100 x 100\u201d es el espect\u00e1culo que trae de vuelta a escenario dominicano al catal\u00e1n Joan Manuel Serrat, que estar\u00e1 entregando parte de su amplio repertorio de canciones en la Sala Eduardo Brito del Teatro Nacional en dos d\u00edas consecutivos (s\u00e1bado 8 [&hellip;]<\/p>\n","protected":false},"author":3,"featured_media":0,"comment_status":"open","ping_status":"open","sticky":false,"template":"","format":"standard","meta":{"footnotes":""},"categories":[25],"tags":[],"class_list":["post-92202","post","type-post","status-publish","format-standard","hentry","category-gente"],"_links":{"self":[{"href":"https:\/\/diariodominicano.com\/index.php?rest_route=\/wp\/v2\/posts\/92202","targetHints":{"allow":["GET"]}}],"collection":[{"href":"https:\/\/diariodominicano.com\/index.php?rest_route=\/wp\/v2\/posts"}],"about":[{"href":"https:\/\/diariodominicano.com\/index.php?rest_route=\/wp\/v2\/types\/post"}],"author":[{"embeddable":true,"href":"https:\/\/diariodominicano.com\/index.php?rest_route=\/wp\/v2\/users\/3"}],"replies":[{"embeddable":true,"href":"https:\/\/diariodominicano.com\/index.php?rest_route=%2Fwp%2Fv2%2Fcomments&post=92202"}],"version-history":[{"count":0,"href":"https:\/\/diariodominicano.com\/index.php?rest_route=\/wp\/v2\/posts\/92202\/revisions"}],"wp:attachment":[{"href":"https:\/\/diariodominicano.com\/index.php?rest_route=%2Fwp%2Fv2%2Fmedia&parent=92202"}],"wp:term":[{"taxonomy":"category","embeddable":true,"href":"https:\/\/diariodominicano.com\/index.php?rest_route=%2Fwp%2Fv2%2Fcategories&post=92202"},{"taxonomy":"post_tag","embeddable":true,"href":"https:\/\/diariodominicano.com\/index.php?rest_route=%2Fwp%2Fv2%2Ftags&post=92202"}],"curies":[{"name":"wp","href":"https:\/\/api.w.org\/{rel}","templated":true}]}}