{"id":92200,"date":"2008-11-11T21:39:42","date_gmt":"2008-11-11T21:39:42","guid":{"rendered":"http:\/\/diariodominicano.ddns.net\/?p=92200"},"modified":"2008-11-11T21:39:42","modified_gmt":"2008-11-11T21:39:42","slug":"manuel-y-hermes-en-accion-con-periodistas-y-comunicadores","status":"publish","type":"post","link":"https:\/\/diariodominicano.com\/?p=92200","title":{"rendered":"MANUEL Y HERMES EN ACCION CON PERIODISTAS Y COMUNICADORES"},"content":{"rendered":"<p><body><\/p>\n<p class=\"titulogrande1\"><strong>MANUEL Y HERMES EN  ACCION CON PERIODISTAS Y COMUNICADORES<\/strong><\/p>\n<p>&#13;<\/p>\n<p align=\"justify\" class=\"text1noticias\"><img loading=\"lazy\" decoding=\"async\" src=\"http:\/\/localhost:8080\/gente\/img\/herme foto.jpg\" width=\"375\" height=\"523\" hspace=\"4\" align=\"left\" \/>El  programa de Televisi\u00f3n Juvenil <strong>En Acci\u00f3n  con Manuel y Hermes\u00a0 <\/strong>realiza por  segundo a\u00f1o\u00a0 la premiaci\u00f3n <strong>Estrellas del periodismo y la comunicaci\u00f3n.<\/strong><br \/>&#13;<br \/>\n  <br \/>&#13;<br \/>\n  Este  reconocimiento es realizado por el espacio Juvenil En Acci\u00f3n con Manuel y  Hermes bajo la votaci\u00f3n y selecci\u00f3n de sus televidentes.<br \/>&#13;<br \/>\n  <br \/>&#13;<br \/>\n  Este  reconocimiento est\u00e1 basado en\u00a0 los  aportes a la sociedad de los comunicadores seleccionados\u00a0 con una comunicaci\u00f3n honesta\u00a0 basada en la credibilidad desde el lugar de  trabajo de los mismos.<br \/>&#13;<br \/>\n  <br \/>&#13;<br \/>\n  Para  nosotros como comunicadores j\u00f3venes nos llena de orgullo el trabajo que  realizan estos comunicadores seleccionados por nuestro p\u00fablico y los que fueron  seleccionado el a\u00f1o pasado. <br \/>&#13;<br \/>\n  <br \/>&#13;<br \/>\n  Los periodistas y comunicadores que  recibir\u00e1n sus galardones el martes\u00a0 18 de  este mes de Noviembre en una producci\u00f3n especial dentro de nuestro espacio  televisivo que se transmite de\u00a0 5:00 a  6:00 PM por CERTV canal 4 y Dominican View Para Los Estados Unidos\u00a0 son 10\u00a0  los periodistas y comunicadores este a\u00f1o.<br \/>&#13;<br \/>\n  <br \/>&#13;<br \/>\n  \u00b7\u00a0\u00a0\u00a0\u00a0\u00a0\u00a0\u00a0\u00a0 <strong>ROIRA\u00a0 SANCHEZ<\/strong><br \/>&#13;<br \/>\n  \u00b7\u00a0\u00a0\u00a0\u00a0\u00a0\u00a0\u00a0\u00a0 <strong>RAFAEL  NU\u00d1EZ<\/strong><br \/>&#13;<br \/>\n  \u00b7\u00a0\u00a0\u00a0\u00a0\u00a0\u00a0\u00a0\u00a0 <strong>OMAR  LIRIANO<\/strong><br \/>&#13;<br \/>\n  \u00b7\u00a0\u00a0\u00a0\u00a0\u00a0\u00a0\u00a0\u00a0 <strong>JOSEH  CACERES<\/strong><br \/>&#13;<br \/>\n  \u00b7\u00a0\u00a0\u00a0\u00a0\u00a0\u00a0\u00a0\u00a0 <strong>FELIZ\u00a0 VINICIO LORA<\/strong><br \/>&#13;<br \/>\n  \u00b7\u00a0\u00a0\u00a0\u00a0\u00a0\u00a0\u00a0\u00a0 <strong>CARLOS\u00a0 T.\u00a0  MARTINEZ<\/strong><br \/>&#13;<br \/>\n  \u00b7\u00a0\u00a0\u00a0\u00a0\u00a0\u00a0\u00a0\u00a0 <strong>DOMINGO\u00a0 BAUTISTA<\/strong><br \/>&#13;<br \/>\n  \u00b7\u00a0\u00a0\u00a0\u00a0\u00a0\u00a0\u00a0\u00a0 <strong>NURIA  PIERA<\/strong><br \/>&#13;<br \/>\n  \u00b7\u00a0\u00a0\u00a0\u00a0\u00a0\u00a0\u00a0\u00a0 <strong>DASHIRA  MARTINEZ<\/strong><br \/>&#13;<br \/>\n\u00b7\u00a0\u00a0\u00a0\u00a0\u00a0\u00a0\u00a0\u00a0 <strong>SANDRA  SEVERINO<\/strong>.<\/p>\n<p>&#13;<\/p>\n<h6> 2008-11-11 21:39:42 <\/h6>\n<p><!--\n<link rel=\"stylesheet\" href=\"css\/bootstrap.min.css\">\n\n\n<ul class=\"pagination\">\n\t    \n\t\n\n<li >\n\t<a href='?page_no=20821'>Previous<\/a>\n\t<\/li>\n\n\n       \n    \n\n<li><a href='?page_no=1'>1<\/a><\/li>\n\n\n\n<li><a href='?page_no=2'>2<\/a><\/li>\n\n\n\n<li><a>...<\/a><\/li>\n\n\n\n<li><a href='?page_no=20820'>20820<\/a><\/li>\n\n\n\n<li><a href='?page_no=20821'>20821<\/a><\/li>\n\n\n\n<li class='active'><a>20822<\/a><\/li>\n\n\n\n<li><a href='?page_no=20823'>20823<\/a><\/li>\n\n\n\n<li><a href='?page_no=20824'>20824<\/a><\/li>\n\n\n\n<li><a>...<\/a><\/li>\n\n\n\n<li><a href='?page_no=22522'>22522<\/a><\/li>\n\n\n\n<li><a href='?page_no=22523'>22523<\/a><\/li>\n\n    \n\t\n\n<li >\n\t<a href='?page_no=20823'>Next<\/a>\n\t<\/li>\n\n\n    \n\n<li><a href='?page_no=22523'>Last &rsaquo;&rsaquo;<\/a><\/li>\n\n<\/ul>\n\n\n--><br \/>\n<\/body><\/p>\n","protected":false},"excerpt":{"rendered":"<p>MANUEL Y HERMES EN ACCION CON PERIODISTAS Y COMUNICADORES &#13; El programa de Televisi\u00f3n Juvenil En Acci\u00f3n con Manuel y Hermes\u00a0 realiza por segundo a\u00f1o\u00a0 la premiaci\u00f3n Estrellas del periodismo y la comunicaci\u00f3n.&#13; &#13; Este reconocimiento es realizado por el espacio Juvenil En Acci\u00f3n con Manuel y Hermes bajo la votaci\u00f3n y selecci\u00f3n de sus [&hellip;]<\/p>\n","protected":false},"author":3,"featured_media":0,"comment_status":"open","ping_status":"open","sticky":false,"template":"","format":"standard","meta":{"footnotes":""},"categories":[25],"tags":[],"class_list":["post-92200","post","type-post","status-publish","format-standard","hentry","category-gente"],"_links":{"self":[{"href":"https:\/\/diariodominicano.com\/index.php?rest_route=\/wp\/v2\/posts\/92200","targetHints":{"allow":["GET"]}}],"collection":[{"href":"https:\/\/diariodominicano.com\/index.php?rest_route=\/wp\/v2\/posts"}],"about":[{"href":"https:\/\/diariodominicano.com\/index.php?rest_route=\/wp\/v2\/types\/post"}],"author":[{"embeddable":true,"href":"https:\/\/diariodominicano.com\/index.php?rest_route=\/wp\/v2\/users\/3"}],"replies":[{"embeddable":true,"href":"https:\/\/diariodominicano.com\/index.php?rest_route=%2Fwp%2Fv2%2Fcomments&post=92200"}],"version-history":[{"count":0,"href":"https:\/\/diariodominicano.com\/index.php?rest_route=\/wp\/v2\/posts\/92200\/revisions"}],"wp:attachment":[{"href":"https:\/\/diariodominicano.com\/index.php?rest_route=%2Fwp%2Fv2%2Fmedia&parent=92200"}],"wp:term":[{"taxonomy":"category","embeddable":true,"href":"https:\/\/diariodominicano.com\/index.php?rest_route=%2Fwp%2Fv2%2Fcategories&post=92200"},{"taxonomy":"post_tag","embeddable":true,"href":"https:\/\/diariodominicano.com\/index.php?rest_route=%2Fwp%2Fv2%2Ftags&post=92200"}],"curies":[{"name":"wp","href":"https:\/\/api.w.org\/{rel}","templated":true}]}}