{"id":92198,"date":"2008-11-12T19:10:39","date_gmt":"2008-11-12T19:10:39","guid":{"rendered":"http:\/\/diariodominicano.ddns.net\/?p=92198"},"modified":"2008-11-12T19:10:39","modified_gmt":"2008-11-12T19:10:39","slug":"telefit-con-novedades-para-cerrar-el-2008","status":"publish","type":"post","link":"https:\/\/diariodominicano.com\/?p=92198","title":{"rendered":"Telefit con novedades para cerrar el 2008"},"content":{"rendered":"<p><body><\/p>\n<p class=\"titulogrande1\"><strong><em>Telefit con novedades para cerrar el 2008<\/em><\/strong><\/p>\n<p>&#13;<\/p>\n<p align=\"justify\" class=\"text1noticias\"><img loading=\"lazy\" decoding=\"async\" src=\"http:\/\/localhost:8080\/gente\/img\/tele eur.jpg\" width=\"375\" height=\"508\" hspace=\"4\" align=\"left\" \/>El programa l\u00edder del fitness en la Rep\u00fablica Dominicana  realiz\u00f3 un mes de recorrido por Europa, en el marco de su tercer aniversario.  Durante este mes de noviembre, los televidentes podr\u00e1n disfrutar de un resumen  con lo mejor de lo que fue Europa Fit,\u00a0  junto a la agencia de viajes Emely Tours. Giselle Mueses fungi\u00f3 como  imagen y organizadora del tour, en el cual los participantes adem\u00e1s de \u00a0conocer numerosas ciudades de Francia, Espa\u00f1a,  Italia, Alemania y Austria, contaron con la supervisi\u00f3n, en el aspecto de nutrici\u00f3n  y fitness, de Mueses productora de Telefit.<\/p>\n<p>&#13;<\/p>\n<p align=\"justify\" class=\"text1noticias\"><strong>Concurso<\/strong><br \/>&#13;<br \/>\n  En adici\u00f3n a Europa Fit, Telefit tendr\u00e1 un concurso esta temporada para  ayudar a los televidentes a mantenerse en un peso saludable durante las  festividades navide\u00f1as, que es cuando m\u00e1s se debe vigilar c\u00f3mo tratamos nuestro  cuerpo, porque s\u00f3lo en cuesti\u00f3n de un mes, se pueden echar a perder los buenos  h\u00e1bitos alimenticios y los esfuerzos hechos durante 12 meses. <\/p>\n<p>&#13;<\/p>\n<p align=\"justify\" class=\"text1noticias\">Cada mes, hasta enero del 2009 se elegir\u00e1n dos ganadores para entregarles  suplementos deportivos y art\u00edculos de Universal Fitness, con s\u00f3lo escribir a <a href=\"mailto:telefit@gmail.com\">telefit@gmail.com<\/a>. Estos productos y  suplementos servir\u00e1n a los ganadores, para complementar su rutina de ejercicios  y nutrici\u00f3n. <\/p>\n<p>&#13;<\/p>\n<p align=\"justify\" class=\"text1noticias\">Telefit se transmite de lunes a mi\u00e9rcoles a las 10 de la ma\u00f1ana por  Teleantillas, con retransmisiones toda la semana por Coral y en Estados Unidos  a trav\u00e9s de Dominican View canal 46.<\/p>\n<p>&#13;<\/p>\n<p align=\"justify\" class=\"text1noticias\"><strong>Radiofit<\/strong><\/p>\n<p>&#13;<\/p>\n<p align=\"justify\" class=\"text1noticias\">Con s\u00f3lo 4 meses en el aire Radiofit, versi\u00f3n radial de Telefit, que se  transmite de lunes a viernes de 11 de la ma\u00f1ana a 12 del mediod\u00eda por 95.7 La Nota Diferente, se renueva con  secciones de entrevistas a profesionales de la salud, del fitness y belleza,  abriendo el espacio como un foro de consulta para la audiencia. <\/p>\n<p>&#13;<\/p>\n<p align=\"justify\" class=\"text1noticias\">\u201cRadiofit ha tenido una aceptaci\u00f3n inmediata, tanto del p\u00fablico como de los  patrocinadores, ya que con este espacio hemos seguido la misma l\u00ednea de  Telefit, orientando e informando, para vivir m\u00e1s sanos y en la mejor forma f\u00edsica  posible\u201d,\u00a0 expres\u00f3 su productora y  conductora, Giselle Mueses.<\/p>\n<p>&#13;<\/p>\n<p align=\"justify\" class=\"text1noticias\">Para mas informaci\u00f3n sobre los contenidos de Telefit y Radiofit visite el  site www.gisellemueses.com.<\/p>\n<p>&#13;<\/p>\n<h6> 2008-11-12 19:10:39 <\/h6>\n<p><!--\n<link rel=\"stylesheet\" href=\"css\/bootstrap.min.css\">\n\n\n<ul class=\"pagination\">\n\t    \n\t\n\n<li >\n\t<a href='?page_no=20819'>Previous<\/a>\n\t<\/li>\n\n\n       \n    \n\n<li><a href='?page_no=1'>1<\/a><\/li>\n\n\n\n<li><a href='?page_no=2'>2<\/a><\/li>\n\n\n\n<li><a>...<\/a><\/li>\n\n\n\n<li><a href='?page_no=20818'>20818<\/a><\/li>\n\n\n\n<li><a href='?page_no=20819'>20819<\/a><\/li>\n\n\n\n<li class='active'><a>20820<\/a><\/li>\n\n\n\n<li><a href='?page_no=20821'>20821<\/a><\/li>\n\n\n\n<li><a href='?page_no=20822'>20822<\/a><\/li>\n\n\n\n<li><a>...<\/a><\/li>\n\n\n\n<li><a href='?page_no=22522'>22522<\/a><\/li>\n\n\n\n<li><a href='?page_no=22523'>22523<\/a><\/li>\n\n    \n\t\n\n<li >\n\t<a href='?page_no=20821'>Next<\/a>\n\t<\/li>\n\n\n    \n\n<li><a href='?page_no=22523'>Last &rsaquo;&rsaquo;<\/a><\/li>\n\n<\/ul>\n\n\n--><br \/>\n<\/body><\/p>\n","protected":false},"excerpt":{"rendered":"<p>Telefit con novedades para cerrar el 2008 &#13; El programa l\u00edder del fitness en la Rep\u00fablica Dominicana realiz\u00f3 un mes de recorrido por Europa, en el marco de su tercer aniversario. Durante este mes de noviembre, los televidentes podr\u00e1n disfrutar de un resumen con lo mejor de lo que fue Europa Fit,\u00a0 junto a la [&hellip;]<\/p>\n","protected":false},"author":3,"featured_media":0,"comment_status":"open","ping_status":"open","sticky":false,"template":"","format":"standard","meta":{"footnotes":""},"categories":[25],"tags":[],"class_list":["post-92198","post","type-post","status-publish","format-standard","hentry","category-gente"],"_links":{"self":[{"href":"https:\/\/diariodominicano.com\/index.php?rest_route=\/wp\/v2\/posts\/92198","targetHints":{"allow":["GET"]}}],"collection":[{"href":"https:\/\/diariodominicano.com\/index.php?rest_route=\/wp\/v2\/posts"}],"about":[{"href":"https:\/\/diariodominicano.com\/index.php?rest_route=\/wp\/v2\/types\/post"}],"author":[{"embeddable":true,"href":"https:\/\/diariodominicano.com\/index.php?rest_route=\/wp\/v2\/users\/3"}],"replies":[{"embeddable":true,"href":"https:\/\/diariodominicano.com\/index.php?rest_route=%2Fwp%2Fv2%2Fcomments&post=92198"}],"version-history":[{"count":0,"href":"https:\/\/diariodominicano.com\/index.php?rest_route=\/wp\/v2\/posts\/92198\/revisions"}],"wp:attachment":[{"href":"https:\/\/diariodominicano.com\/index.php?rest_route=%2Fwp%2Fv2%2Fmedia&parent=92198"}],"wp:term":[{"taxonomy":"category","embeddable":true,"href":"https:\/\/diariodominicano.com\/index.php?rest_route=%2Fwp%2Fv2%2Fcategories&post=92198"},{"taxonomy":"post_tag","embeddable":true,"href":"https:\/\/diariodominicano.com\/index.php?rest_route=%2Fwp%2Fv2%2Ftags&post=92198"}],"curies":[{"name":"wp","href":"https:\/\/api.w.org\/{rel}","templated":true}]}}