{"id":92195,"date":"2008-11-12T19:18:57","date_gmt":"2008-11-12T19:18:57","guid":{"rendered":"http:\/\/diariodominicano.ddns.net\/?p=92195"},"modified":"2008-11-12T19:18:57","modified_gmt":"2008-11-12T19:18:57","slug":"vickiana-agradece-desde-suiza-el-exito-de-su-gira","status":"publish","type":"post","link":"https:\/\/diariodominicano.com\/?p=92195","title":{"rendered":"Vickiana agradece desde Suiza el \u00e9xito de su gira"},"content":{"rendered":"<p><body><\/p>\n<p align=\"justify\"><strong class=\"titulogrande1\">Vickiana  agradece desde Suiza el \u00e9xito de su gira<\/strong><br \/>&#13;<br \/>\n  <br \/>&#13;<br \/>\n    <span class=\"text1noticias\"><strong><em>Asegura  que la gente en ese pa\u00eds se ha volcado a darle apoyo en sus presentaciones<\/em><\/strong><br \/>&#13;<br \/>\n    <br \/>&#13;<br \/>\n    <img loading=\"lazy\" decoding=\"async\" src=\"http:\/\/localhost:8080\/gente\/img\/viky dom.jpg\" width=\"375\" height=\"1478\" hspace=\"4\" align=\"left\" \/>    La cantante dominicana Vickiana est\u00e1 en Suiza en donde  agota \u00a0una gira que la mantiene all\u00ed hace casi un mes y en donde ha  logrado un impacto que la mantiene sorprendida.<br \/>&#13;<br \/>\n    <br \/>&#13;<br \/>\n    Con  presentaciones todas las noches, a casa llena, y entregando un show donde la  m\u00fasica y el humor\u00a0 se dan \u00a0la mano, \u00a0la llamada  \u00abMaidita\u00bb,\u00a0 estar\u00e1 en ese pa\u00eds por dos semana m\u00e1s, producto de  nuevas contrataciones que han surgido en el camino de su gira.<br \/>&#13;<br \/>\n    <br \/>&#13;<br \/>\n    Muy  agradecida y contenta por lo bien que est\u00e1 llevando estas presentaciones  \u00a0Vickiana dijo a trav\u00e9s de nota enviada a los medios que este es un \u00e9xito  que est\u00e1 disfrutando y viviendo como si fuera el primer d\u00eda de su carrera.<br \/>&#13;<br \/>\n    <br \/>&#13;<br \/>\n    La  cantante que lleva varias d\u00e9cadas en escenas, promueve en estos momentos su  tema \u00abQuerida socia\u00bb, mismo que ha sido bien recibido por sus  seguidores \u00a0con la misma fuerza que otros de sus \u00e9xitos pasados.<br \/>&#13;<br \/>\n    <br \/>&#13;<br \/>\n\u00abLo  que est\u00e1 pasando conmigo aqu\u00ed en Suiza es una cosa sorprendente, cada uno  de\u00a0 mis shows\u00a0 est\u00e1n lleno, la gente se lo goza como el primer d\u00eda, y  hasta me han contratados para m\u00e1s fiestas que no estaban en la gira. Me quedar\u00e9  otras semana m\u00e1s para cumplir con unos compromisos que han surgido despu\u00e9s de  mi llegada por lo bien que la gente ha aceptado mi presentaciones\u00bb, dijo  la cantante.<br \/>&#13;<br \/>\n<br \/>&#13;<br \/>\nSalvador  Rollo un empresario art\u00edstico suizo es el responsable de la gran demanda que ha  encontrado Vickiana en ese pa\u00eds donde los dominicanos se han volcado en apoyo a  la cantante dominicana.<br \/>&#13;<br \/>\n<br \/>&#13;<br \/>\nPasada  estas presentaciones en Suiza, Vickiana \u00a0se trasladar\u00e1 hasta Nueva York  donde planea quedarse unos d\u00edas para\u00a0 hacer varias fiestas que tiene  pautada. Ya en el mes de septiembre Vickiana estuvo por todo Estados Unidos y  all\u00ed realiz\u00f3 m\u00e1s de 30 presentaciones.<br \/>&#13;<br \/>\n<br \/>&#13;<br \/>\nA finales  de este mes la int\u00e9rprete de \u00abSeguir\u00e9 siendo mala\u00bb, regresa al pa\u00eds  para empezar con sus presentaciones navide\u00f1as por varios puntos del pa\u00eds.<br \/>&#13;<br \/>\n<br \/>&#13;<br \/>\n Con esta  cadena de giras por distintos pa\u00edses Vickiana \u00a0contin\u00faa su imparable  ascenso a la exitosa celebraci\u00f3n \u00a0de su casi 30 a\u00f1os m\u00fasica.<br \/>&#13;<br \/>\n <br \/>&#13;<br \/>\nAll\u00ed no se  quedan temas como \u00abTe invito\u00bb, \u00abRata de dos patas\u00bb,  \u00abQuerida socia\u00bb, y otros.<\/span><\/p>\n<p>&#13;<\/p>\n<h6> 2008-11-12 19:18:57 <\/h6>\n<p><!--\n<link rel=\"stylesheet\" href=\"css\/bootstrap.min.css\">\n\n\n<ul class=\"pagination\">\n\t    \n\t\n\n<li >\n\t<a href='?page_no=20816'>Previous<\/a>\n\t<\/li>\n\n\n       \n    \n\n<li><a href='?page_no=1'>1<\/a><\/li>\n\n\n\n<li><a href='?page_no=2'>2<\/a><\/li>\n\n\n\n<li><a>...<\/a><\/li>\n\n\n\n<li><a href='?page_no=20815'>20815<\/a><\/li>\n\n\n\n<li><a href='?page_no=20816'>20816<\/a><\/li>\n\n\n\n<li class='active'><a>20817<\/a><\/li>\n\n\n\n<li><a href='?page_no=20818'>20818<\/a><\/li>\n\n\n\n<li><a href='?page_no=20819'>20819<\/a><\/li>\n\n\n\n<li><a>...<\/a><\/li>\n\n\n\n<li><a href='?page_no=22522'>22522<\/a><\/li>\n\n\n\n<li><a href='?page_no=22523'>22523<\/a><\/li>\n\n    \n\t\n\n<li >\n\t<a href='?page_no=20818'>Next<\/a>\n\t<\/li>\n\n\n    \n\n<li><a href='?page_no=22523'>Last &rsaquo;&rsaquo;<\/a><\/li>\n\n<\/ul>\n\n\n--><br \/>\n<\/body><\/p>\n","protected":false},"excerpt":{"rendered":"<p>Vickiana agradece desde Suiza el \u00e9xito de su gira&#13; &#13; Asegura que la gente en ese pa\u00eds se ha volcado a darle apoyo en sus presentaciones&#13; &#13; La cantante dominicana Vickiana est\u00e1 en Suiza en donde agota \u00a0una gira que la mantiene all\u00ed hace casi un mes y en donde ha logrado un impacto que [&hellip;]<\/p>\n","protected":false},"author":3,"featured_media":0,"comment_status":"open","ping_status":"open","sticky":false,"template":"","format":"standard","meta":{"footnotes":""},"categories":[25],"tags":[],"class_list":["post-92195","post","type-post","status-publish","format-standard","hentry","category-gente"],"_links":{"self":[{"href":"https:\/\/diariodominicano.com\/index.php?rest_route=\/wp\/v2\/posts\/92195","targetHints":{"allow":["GET"]}}],"collection":[{"href":"https:\/\/diariodominicano.com\/index.php?rest_route=\/wp\/v2\/posts"}],"about":[{"href":"https:\/\/diariodominicano.com\/index.php?rest_route=\/wp\/v2\/types\/post"}],"author":[{"embeddable":true,"href":"https:\/\/diariodominicano.com\/index.php?rest_route=\/wp\/v2\/users\/3"}],"replies":[{"embeddable":true,"href":"https:\/\/diariodominicano.com\/index.php?rest_route=%2Fwp%2Fv2%2Fcomments&post=92195"}],"version-history":[{"count":0,"href":"https:\/\/diariodominicano.com\/index.php?rest_route=\/wp\/v2\/posts\/92195\/revisions"}],"wp:attachment":[{"href":"https:\/\/diariodominicano.com\/index.php?rest_route=%2Fwp%2Fv2%2Fmedia&parent=92195"}],"wp:term":[{"taxonomy":"category","embeddable":true,"href":"https:\/\/diariodominicano.com\/index.php?rest_route=%2Fwp%2Fv2%2Fcategories&post=92195"},{"taxonomy":"post_tag","embeddable":true,"href":"https:\/\/diariodominicano.com\/index.php?rest_route=%2Fwp%2Fv2%2Ftags&post=92195"}],"curies":[{"name":"wp","href":"https:\/\/api.w.org\/{rel}","templated":true}]}}