{"id":92194,"date":"2008-11-12T19:53:53","date_gmt":"2008-11-12T19:53:53","guid":{"rendered":"http:\/\/diariodominicano.ddns.net\/?p=92194"},"modified":"2008-11-12T19:53:53","modified_gmt":"2008-11-12T19:53:53","slug":"eddy-k-realizara-presentacion-en-miami","status":"publish","type":"post","link":"https:\/\/diariodominicano.com\/?p=92194","title":{"rendered":"Eddy-K realizar\u00e1 presentaci\u00f3n  en Miami"},"content":{"rendered":"<p><body><\/p>\n<p align=\"justify\"><span class=\"titulogrande1\">Eddy-K realizar\u00e1  presentaci\u00f3n\u00a0 en Miami<\/span><br \/>&#13;<br \/>\n  <br \/>&#13;<br \/>\n    <span class=\"text1noticias\"><img loading=\"lazy\" decoding=\"async\" src=\"http:\/\/localhost:8080\/gente\/img\/edi don.jpg\" width=\"375\" height=\"268\" hspace=\"4\" align=\"left\" \/>Miami, FL, 12 de  noviembre del 2008.- El talentoso int\u00e9rprete del reggaet\u00f3n de origen  cubano, <strong>Eddy-K<\/strong>, celebrar\u00e1 el \u201cD\u00eda de  Acci\u00f3n de Gracias\u201d junto a sus fan\u00e1ticos de la ciudad de Miami, el pr\u00f3ximo 27  de noviembre, en una presentaci\u00f3n que se llevar\u00e1 a cabo en el club Ach\u00e9 a  partir de las 10:00 de la noche.<br \/>&#13;<br \/>\n    <br \/>&#13;<br \/>\n\u201cPara m\u00ed no hay mejor manera de celebrar esta importante  fecha americana que interpretando mi m\u00fasica a todos mis seguidores de esta gran  urbe que tanto apoyo le han dado a mi carrera\u201d, expres\u00f3 el artista.<br \/>&#13;<br \/>\n<br \/>&#13;<br \/>\nEddy-K tambi\u00e9n se encuentra realizando los \u00faltimos  preparativos de lo ser\u00e1 su primer disco bajo el sello discogr\u00e1fico Premium  Latin Music, producci\u00f3n que llevar\u00e1 por nombre \u201cAsalto\u201d, y que saldr\u00e1 a la venta a principios del  pr\u00f3ximo a\u00f1o.<br \/>&#13;<br \/>\n<br \/>&#13;<br \/>\nEduardo Mora  Hern\u00e1ndez, \u201cEddy-K\u201d, naci\u00f3 en Cuba en 1977. Aunque no tuvo una coherente  formaci\u00f3n musical, s\u00ed conoce profundamente ritmos tropicales como la rumba, el  guaguanc\u00f3, la timba y la salsa que, unidos de manera brillante con el hip-hop,  le permitieron fusionarlos y crear un estilo propio dentro del movimiento  urbano de la m\u00fasica popular.<br \/>&#13;<br \/>\n<br \/>&#13;<br \/>\nEl Club Ach\u00e9 est\u00e1  ubicado en el 3600 SW 8TH Street, Miami, Florida, 33135. Con los tel\u00e9fonos:  786.302.9984, 786.431.8630, 786.213.5862.<\/span><\/p>\n<p>&#13;<\/p>\n<h6> 2008-11-12 19:53:53 <\/h6>\n<p><!--\n<link rel=\"stylesheet\" href=\"css\/bootstrap.min.css\">\n\n\n<ul class=\"pagination\">\n\t    \n\t\n\n<li >\n\t<a href='?page_no=20815'>Previous<\/a>\n\t<\/li>\n\n\n       \n    \n\n<li><a href='?page_no=1'>1<\/a><\/li>\n\n\n\n<li><a href='?page_no=2'>2<\/a><\/li>\n\n\n\n<li><a>...<\/a><\/li>\n\n\n\n<li><a href='?page_no=20814'>20814<\/a><\/li>\n\n\n\n<li><a href='?page_no=20815'>20815<\/a><\/li>\n\n\n\n<li class='active'><a>20816<\/a><\/li>\n\n\n\n<li><a href='?page_no=20817'>20817<\/a><\/li>\n\n\n\n<li><a href='?page_no=20818'>20818<\/a><\/li>\n\n\n\n<li><a>...<\/a><\/li>\n\n\n\n<li><a href='?page_no=22522'>22522<\/a><\/li>\n\n\n\n<li><a href='?page_no=22523'>22523<\/a><\/li>\n\n    \n\t\n\n<li >\n\t<a href='?page_no=20817'>Next<\/a>\n\t<\/li>\n\n\n    \n\n<li><a href='?page_no=22523'>Last &rsaquo;&rsaquo;<\/a><\/li>\n\n<\/ul>\n\n\n--><br \/>\n<\/body><\/p>\n","protected":false},"excerpt":{"rendered":"<p>Eddy-K realizar\u00e1 presentaci\u00f3n\u00a0 en Miami&#13; &#13; Miami, FL, 12 de noviembre del 2008.- El talentoso int\u00e9rprete del reggaet\u00f3n de origen cubano, Eddy-K, celebrar\u00e1 el \u201cD\u00eda de Acci\u00f3n de Gracias\u201d junto a sus fan\u00e1ticos de la ciudad de Miami, el pr\u00f3ximo 27 de noviembre, en una presentaci\u00f3n que se llevar\u00e1 a cabo en el club Ach\u00e9 [&hellip;]<\/p>\n","protected":false},"author":3,"featured_media":0,"comment_status":"open","ping_status":"open","sticky":false,"template":"","format":"standard","meta":{"footnotes":""},"categories":[25],"tags":[],"class_list":["post-92194","post","type-post","status-publish","format-standard","hentry","category-gente"],"_links":{"self":[{"href":"https:\/\/diariodominicano.com\/index.php?rest_route=\/wp\/v2\/posts\/92194","targetHints":{"allow":["GET"]}}],"collection":[{"href":"https:\/\/diariodominicano.com\/index.php?rest_route=\/wp\/v2\/posts"}],"about":[{"href":"https:\/\/diariodominicano.com\/index.php?rest_route=\/wp\/v2\/types\/post"}],"author":[{"embeddable":true,"href":"https:\/\/diariodominicano.com\/index.php?rest_route=\/wp\/v2\/users\/3"}],"replies":[{"embeddable":true,"href":"https:\/\/diariodominicano.com\/index.php?rest_route=%2Fwp%2Fv2%2Fcomments&post=92194"}],"version-history":[{"count":0,"href":"https:\/\/diariodominicano.com\/index.php?rest_route=\/wp\/v2\/posts\/92194\/revisions"}],"wp:attachment":[{"href":"https:\/\/diariodominicano.com\/index.php?rest_route=%2Fwp%2Fv2%2Fmedia&parent=92194"}],"wp:term":[{"taxonomy":"category","embeddable":true,"href":"https:\/\/diariodominicano.com\/index.php?rest_route=%2Fwp%2Fv2%2Fcategories&post=92194"},{"taxonomy":"post_tag","embeddable":true,"href":"https:\/\/diariodominicano.com\/index.php?rest_route=%2Fwp%2Fv2%2Ftags&post=92194"}],"curies":[{"name":"wp","href":"https:\/\/api.w.org\/{rel}","templated":true}]}}