{"id":92193,"date":"2008-11-12T19:58:53","date_gmt":"2008-11-12T19:58:53","guid":{"rendered":"http:\/\/diariodominicano.ddns.net\/?p=92193"},"modified":"2008-11-12T19:58:53","modified_gmt":"2008-11-12T19:58:53","slug":"variedad-tv-incluye-mas-secciones-en-tercer-aniversario","status":"publish","type":"post","link":"https:\/\/diariodominicano.com\/?p=92193","title":{"rendered":"Variedad-TV incluye m\u00e1s secciones en tercer aniversario"},"content":{"rendered":"<p><body><\/p>\n<p align=\"justify\"><span class=\"titulogrande1\">Variedad-TV incluye m\u00e1s secciones en  tercer aniversario\u00a0\u00a0\u00a0\u00a0\u00a0\u00a0\u00a0\u00a0\u00a0\u00a0\u00a0\u00a0<\/span>\u00a0\u00a0\u00a0\u00a0\u00a0\u00a0\u00a0\u00a0 <br \/>&#13;<br \/>\n  \u00a0<br \/>&#13;<br \/>\n  <span class=\"text1noticias\"><img loading=\"lazy\" decoding=\"async\" src=\"http:\/\/localhost:8080\/gente\/img\/reye dom.jpg\" width=\"375\" height=\"576\" hspace=\"4\" align=\"left\" \/>Variedad-TV en sus tres a\u00f1os se  convierte en el programa de m\u00e1s secciones para toda la familia, tiempo  suficiente para estrenar\u00a0\u00a0 l\u00ednea gr\u00e1fica,  bompers y hacer cambios escenogr\u00e1ficos. Con cobertura nacional e internacional  gana la atenci\u00f3n de quienes buscan en televisi\u00f3n un contenido de inter\u00e9s, con  un estilo de conducci\u00f3n apegado a la \u00e9tica de la comunicaci\u00f3n.<\/span><\/p>\n<p>&#13;<\/p>\n<p align=\"justify\" class=\"text1noticias\">Reyes Guzm\u00e1n, productor y  conductor con m\u00e1s de 20 a\u00f1os de experiencia, dice que al celebrar el tercer  aniversario de Variedad-TV confirma que hacer televisi\u00f3n es un serio compromiso  que requiere una entrega total para crear y ofrecer segmentos de ayuda a la  comunidad. Puso de ejemplo \u00abLo vimos en las calles\u00bb,\u00a0\u00a0\u00abPrimerotu piel\u00bb, \u00abEl m\u00e9dico invitado\u00bb, \u00abA favor de la  familia\u00bb, \u00abConsulta consular\u00bb, \u00abNotas de salud\u00bb y  \u00abEs importante recordar\u00bb. Adem\u00e1s, el programa capta la atenci\u00f3n de los  que gustan\u00a0 de la tecnolog\u00eda con  \u00abVariedad On-Line\u00bb,\u00a0 de los que  siguen las noticias y reportajes de veh\u00edculos con \u00abEn ruedas\u00bb\u00a0 y con \u00a1WAO!\u00a0  gana audiencia de hombres y mujeres que quieren estar al tanto de  la\u00a0 moda. <\/p>\n<p>&#13;<\/p>\n<p align=\"justify\" class=\"text1noticias\">\u00abNo paramos de pensar en lo  que es de importancia para el televidente, por lo que incluimos m\u00e1s secciones  para llegar a m\u00e1s p\u00fablico y recibir el respaldo de los anunciantes. Variedad-TV  es una revista producida para que cada miembro de la familia encuentre el mejor  contenido. Es por eso que con tres a\u00f1os en CDN nos hemos situado en la  preferencia\u00bb.<\/p>\n<p>&#13;<\/p>\n<p align=\"justify\" class=\"text1noticias\">Variedad-TV cuenta con la  co-conducci\u00f3n de Yadhira Pimentel y la participaci\u00f3n de profesionales\u00a0 de diversas \u00e1reas. Jos\u00e9 Luis Fern\u00e1ndez, ex  c\u00f3nsul, est\u00e1 en \u00abConsulta consular\u00bb; la procuradora Marisol  Tobal\u00a0 en\u00a0  \u00abA\u00a0 favor de la familia\u00bb  y Guido Mieses en \u00abVariedad On-Line\u00bb.<\/p>\n<p>&#13;<\/p>\n<p align=\"justify\" class=\"text1noticias\">M\u00e9dicos de todas las  especialidades han participado los martes orientando y dando soluciones a  cientos de casos. La secci\u00f3n m\u00e1s nueva es \u00abAqu\u00ed pasan cosas raras\u00bb,  un enfoque corto y cr\u00edtico de las noticias nacionales que, por su origen, nos  dejan sorprendidos.\u00a0 <\/p>\n<p>&#13;<\/p>\n<h6> 2008-11-12 19:58:53 <\/h6>\n<p><!--\n<link rel=\"stylesheet\" href=\"css\/bootstrap.min.css\">\n\n\n<ul class=\"pagination\">\n\t    \n\t\n\n<li >\n\t<a href='?page_no=20814'>Previous<\/a>\n\t<\/li>\n\n\n       \n    \n\n<li><a href='?page_no=1'>1<\/a><\/li>\n\n\n\n<li><a href='?page_no=2'>2<\/a><\/li>\n\n\n\n<li><a>...<\/a><\/li>\n\n\n\n<li><a href='?page_no=20813'>20813<\/a><\/li>\n\n\n\n<li><a href='?page_no=20814'>20814<\/a><\/li>\n\n\n\n<li class='active'><a>20815<\/a><\/li>\n\n\n\n<li><a href='?page_no=20816'>20816<\/a><\/li>\n\n\n\n<li><a href='?page_no=20817'>20817<\/a><\/li>\n\n\n\n<li><a>...<\/a><\/li>\n\n\n\n<li><a href='?page_no=22522'>22522<\/a><\/li>\n\n\n\n<li><a href='?page_no=22523'>22523<\/a><\/li>\n\n    \n\t\n\n<li >\n\t<a href='?page_no=20816'>Next<\/a>\n\t<\/li>\n\n\n    \n\n<li><a href='?page_no=22523'>Last &rsaquo;&rsaquo;<\/a><\/li>\n\n<\/ul>\n\n\n--><br \/>\n<\/body><\/p>\n","protected":false},"excerpt":{"rendered":"<p>Variedad-TV incluye m\u00e1s secciones en tercer aniversario\u00a0\u00a0\u00a0\u00a0\u00a0\u00a0\u00a0\u00a0\u00a0\u00a0\u00a0\u00a0\u00a0\u00a0\u00a0\u00a0\u00a0\u00a0\u00a0\u00a0 &#13; \u00a0&#13; Variedad-TV en sus tres a\u00f1os se convierte en el programa de m\u00e1s secciones para toda la familia, tiempo suficiente para estrenar\u00a0\u00a0 l\u00ednea gr\u00e1fica, bompers y hacer cambios escenogr\u00e1ficos. Con cobertura nacional e internacional gana la atenci\u00f3n de quienes buscan en televisi\u00f3n un contenido de inter\u00e9s, con [&hellip;]<\/p>\n","protected":false},"author":3,"featured_media":0,"comment_status":"open","ping_status":"open","sticky":false,"template":"","format":"standard","meta":{"footnotes":""},"categories":[25],"tags":[],"class_list":["post-92193","post","type-post","status-publish","format-standard","hentry","category-gente"],"_links":{"self":[{"href":"https:\/\/diariodominicano.com\/index.php?rest_route=\/wp\/v2\/posts\/92193","targetHints":{"allow":["GET"]}}],"collection":[{"href":"https:\/\/diariodominicano.com\/index.php?rest_route=\/wp\/v2\/posts"}],"about":[{"href":"https:\/\/diariodominicano.com\/index.php?rest_route=\/wp\/v2\/types\/post"}],"author":[{"embeddable":true,"href":"https:\/\/diariodominicano.com\/index.php?rest_route=\/wp\/v2\/users\/3"}],"replies":[{"embeddable":true,"href":"https:\/\/diariodominicano.com\/index.php?rest_route=%2Fwp%2Fv2%2Fcomments&post=92193"}],"version-history":[{"count":0,"href":"https:\/\/diariodominicano.com\/index.php?rest_route=\/wp\/v2\/posts\/92193\/revisions"}],"wp:attachment":[{"href":"https:\/\/diariodominicano.com\/index.php?rest_route=%2Fwp%2Fv2%2Fmedia&parent=92193"}],"wp:term":[{"taxonomy":"category","embeddable":true,"href":"https:\/\/diariodominicano.com\/index.php?rest_route=%2Fwp%2Fv2%2Fcategories&post=92193"},{"taxonomy":"post_tag","embeddable":true,"href":"https:\/\/diariodominicano.com\/index.php?rest_route=%2Fwp%2Fv2%2Ftags&post=92193"}],"curies":[{"name":"wp","href":"https:\/\/api.w.org\/{rel}","templated":true}]}}