{"id":92192,"date":"2008-11-13T02:30:44","date_gmt":"2008-11-13T02:30:44","guid":{"rendered":"http:\/\/diariodominicano.ddns.net\/?p=92192"},"modified":"2008-11-13T02:30:44","modified_gmt":"2008-11-13T02:30:44","slug":"los-mocanos-se-visten-de-gala-por-una-buena-causa","status":"publish","type":"post","link":"https:\/\/diariodominicano.com\/?p=92192","title":{"rendered":"LOS MOCANOS SE VISTEN DE GALA POR UNA BUENA CAUSA"},"content":{"rendered":"<p><body><\/p>\n<p align=\"center\" class=\"titulogrande1\"><strong>LOS  MOCANOS SE VISTEN DE GALA POR UNA BUENA CAUSA<\/strong><\/p>\n<p>&#13;<\/p>\n<p align=\"justify\"><span class=\"text1noticias\">La Asociaci\u00f3n de Mocanos Residentes en Santo Domingo, Inc.,  celebrar\u00e1 el pr\u00f3ximo 21 de noviembre su \u201cNoche de Gala\u201d. \u00a0En esta\u00a0  fiesta se une un gran grupo de mocanos,\u00a0  amigos y relacionados,\u00a0 con la  buena intenci\u00f3n de recaudar fondos que luego donan a instituciones \u00a0humanitarias \u00a0en su pueblo natal.<\/span><\/p>\n<p>&#13;<\/p>\n<p align=\"justify\" class=\"text1noticias\">Les  invitamos a participar de esta bonita noche llena de grandes emociones y  sorpresas, en donde compartiremos las mismas alegr\u00edas y\u00a0 el \u00a0noble gesto de colaborar con una gran  causa.\u00a0 \u00danete! y disfruta de la  satisfacci\u00f3n de solidarizarte con los ancianitos, ni\u00f1os, adolescentes y madres  desamparadas que necesitan de la humanidad\u00a0  que identifica no s\u00f3lo a los mocanos, sino,\u00a0 m\u00e1s bien\u00a0  a todos los dominicanos.<\/p>\n<p>&#13;<\/p>\n<p align=\"justify\" class=\"text1noticias\">El  evento estar\u00e1 lleno de mucho entusiasmo navide\u00f1o, con la participaci\u00f3n del Coro  Universitario, la buena m\u00fasica de Eddy Herrera y una exquisita \u00a0cena buffet en el Sal\u00f3n la Fiesta del\u00a0 Hotel Lina, a partir de las 8:00 p. m., en \u00a0la \u00a0fecha  \u00a0arriba se\u00f1alada.\u00a0 \u00a0\u00a0\u00a0<\/p>\n<p>&#13;<\/p>\n<p align=\"justify\" class=\"text1noticias\">El  costo es de RD$1,500.00 p\/p, traje formal\u2026\u00a0\u00a0\u00a0  \u00a1Te esperamos!<\/p>\n<p>&#13;<\/p>\n<h6> 2008-11-13 02:30:44 <\/h6>\n<p><!--\n<link rel=\"stylesheet\" href=\"css\/bootstrap.min.css\">\n\n\n<ul class=\"pagination\">\n\t    \n\t\n\n<li >\n\t<a href='?page_no=20813'>Previous<\/a>\n\t<\/li>\n\n\n       \n    \n\n<li><a href='?page_no=1'>1<\/a><\/li>\n\n\n\n<li><a href='?page_no=2'>2<\/a><\/li>\n\n\n\n<li><a>...<\/a><\/li>\n\n\n\n<li><a href='?page_no=20812'>20812<\/a><\/li>\n\n\n\n<li><a href='?page_no=20813'>20813<\/a><\/li>\n\n\n\n<li class='active'><a>20814<\/a><\/li>\n\n\n\n<li><a href='?page_no=20815'>20815<\/a><\/li>\n\n\n\n<li><a href='?page_no=20816'>20816<\/a><\/li>\n\n\n\n<li><a>...<\/a><\/li>\n\n\n\n<li><a href='?page_no=22522'>22522<\/a><\/li>\n\n\n\n<li><a href='?page_no=22523'>22523<\/a><\/li>\n\n    \n\t\n\n<li >\n\t<a href='?page_no=20815'>Next<\/a>\n\t<\/li>\n\n\n    \n\n<li><a href='?page_no=22523'>Last &rsaquo;&rsaquo;<\/a><\/li>\n\n<\/ul>\n\n\n--><br \/>\n<\/body><\/p>\n","protected":false},"excerpt":{"rendered":"<p>LOS MOCANOS SE VISTEN DE GALA POR UNA BUENA CAUSA &#13; La Asociaci\u00f3n de Mocanos Residentes en Santo Domingo, Inc., celebrar\u00e1 el pr\u00f3ximo 21 de noviembre su \u201cNoche de Gala\u201d. \u00a0En esta\u00a0 fiesta se une un gran grupo de mocanos,\u00a0 amigos y relacionados,\u00a0 con la buena intenci\u00f3n de recaudar fondos que luego donan a instituciones [&hellip;]<\/p>\n","protected":false},"author":3,"featured_media":0,"comment_status":"open","ping_status":"open","sticky":false,"template":"","format":"standard","meta":{"footnotes":""},"categories":[25],"tags":[],"class_list":["post-92192","post","type-post","status-publish","format-standard","hentry","category-gente"],"_links":{"self":[{"href":"https:\/\/diariodominicano.com\/index.php?rest_route=\/wp\/v2\/posts\/92192","targetHints":{"allow":["GET"]}}],"collection":[{"href":"https:\/\/diariodominicano.com\/index.php?rest_route=\/wp\/v2\/posts"}],"about":[{"href":"https:\/\/diariodominicano.com\/index.php?rest_route=\/wp\/v2\/types\/post"}],"author":[{"embeddable":true,"href":"https:\/\/diariodominicano.com\/index.php?rest_route=\/wp\/v2\/users\/3"}],"replies":[{"embeddable":true,"href":"https:\/\/diariodominicano.com\/index.php?rest_route=%2Fwp%2Fv2%2Fcomments&post=92192"}],"version-history":[{"count":0,"href":"https:\/\/diariodominicano.com\/index.php?rest_route=\/wp\/v2\/posts\/92192\/revisions"}],"wp:attachment":[{"href":"https:\/\/diariodominicano.com\/index.php?rest_route=%2Fwp%2Fv2%2Fmedia&parent=92192"}],"wp:term":[{"taxonomy":"category","embeddable":true,"href":"https:\/\/diariodominicano.com\/index.php?rest_route=%2Fwp%2Fv2%2Fcategories&post=92192"},{"taxonomy":"post_tag","embeddable":true,"href":"https:\/\/diariodominicano.com\/index.php?rest_route=%2Fwp%2Fv2%2Ftags&post=92192"}],"curies":[{"name":"wp","href":"https:\/\/api.w.org\/{rel}","templated":true}]}}