{"id":92191,"date":"2008-11-13T19:38:14","date_gmt":"2008-11-13T19:38:14","guid":{"rendered":"http:\/\/diariodominicano.ddns.net\/?p=92191"},"modified":"2008-11-13T19:38:14","modified_gmt":"2008-11-13T19:38:14","slug":"walid-attias-comercial-celebra-14o-aniversario","status":"publish","type":"post","link":"https:\/\/diariodominicano.com\/?p=92191","title":{"rendered":"Walid Att\u00edas Comercial celebra 14\u00ba  Aniversario"},"content":{"rendered":"<p><body><\/p>\n<p align=\"center\" class=\"titulogrande1\"><strong>Walid  Att\u00edas Comercial celebra 14\u00ba \u00a0Aniversario<\/strong><\/p>\n<p>&#13;<\/p>\n<p align=\"justify\" class=\"text1noticias\"><img loading=\"lazy\" decoding=\"async\" src=\"http:\/\/localhost:8080\/gente\/img\/ati dom.jpg\" width=\"375\" height=\"403\" hspace=\"4\" align=\"left\" \/>Con descuentos de  hasta un 70 por ciento en muebles cl\u00e1sicos y contempor\u00e1neos, un atractivo  concurso y c\u00f3modos planes de financiamiento, la empresa Walid Att\u00edas Comercial  celebra este mes sus 14 a\u00f1os de \u00e9xitos en el mercado dominicano.<br \/>&#13;<br \/>\n  <br \/>&#13;<br \/>\n  Durante un c\u00f3ctel  con motivo de dicho aniversario, el empresario Walid Att\u00edas agradeci\u00f3 a Dios el  posicionamiento de su red de muebler\u00edas y el crecimiento sostenido de su  clientela desde 1994, cuando inici\u00f3 con apenas tres empleados y el invaluable  apoyo de su esposa F\u00e1tima y de su hija Sabrina.<br \/>&#13;<br \/>\n  <br \/>&#13;<br \/>\n\u201cSomos  distribuidores de los colchones Simmons y ofrecemos a nuestros clientes una  variada gama de muebles de caoba hechos en nuestra f\u00e1brica; as\u00ed como de Cerezo,  Nogal y Roble Americano, importados desde Malasia, Estados Unidos, China y  Brasil\u201d, destac\u00f3 Att\u00edas.<br \/>&#13;<br \/>\n<br \/>&#13;<br \/>\nAgreg\u00f3 que la  tienda principal de la red de muebler\u00edas Walid Att\u00edas Comercial est\u00e1 ubicada en  la avenida Lope de Vega n\u00famero 82. Cuenta, adem\u00e1s, con dos sucursales, una en  la avenida 27 de Febrero cerca de la avenida Winston Churchill y otra en la  avenida San Vicente de Pa\u00fal.<br \/>&#13;<br \/>\n<br \/>&#13;<br \/>\nEn tanto, la  empresa mantiene una f\u00e1brica de mobiliario en caoba ubicada en la calle Luis F.  Mej\u00eda No. 88, en Villas Agr\u00edcolas. Walid Att\u00edas Comercial tiene un personal  compuesto por 65 padres y madres de familia.<br \/>&#13;<br \/>\n<br \/>&#13;<br \/>\nWalid Att\u00edas  resalt\u00f3 que al frente de la sucursal de la 27 de Febrero se encuentra su hija  Sabrina Att\u00edas; en tanto que el gerente de la tienda de la San Vicente de Pa\u00fal  es su hermano Jihad Att\u00edas.<\/p>\n<p>&#13;<\/p>\n<p align=\"justify\" class=\"text1noticias\"><strong>Ofertas  de aniversario<\/strong><\/p>\n<p>&#13;<\/p>\n<p align=\"justify\" class=\"text1noticias\">Las ofertas de  aniversario, vigentes hasta el 30 de este mes, incluyen entre un 70 y un 30 por  ciento de descuento en toda la mercanc\u00eda y el sorteo de tres \u00f3rdenes de compra  por valor de cien, cincuenta y veinticinco mil pesos cada una, inform\u00f3 Sabrina  Att\u00edas.<br \/>&#13;<br \/>\n  <br \/>&#13;<br \/>\nPodr\u00e1n participar las personas que efect\u00faen  compras en cualesquiera de las tiendas de Walid Att\u00edas Comercial. Los ganadores  podr\u00e1n canjear sus boletos por muebles y adornos del hogar, agreg\u00f3.<br \/>&#13;<br \/>\n<br \/>&#13;<br \/>\nSobre las  tendencias de temporada, la joven empresaria resalt\u00f3 que la clientela amante de  los muebles modernos prefiere tapizados en colores rojo vino, naranja, verde y  azul intenso en telas como la microfibra, el chenille y la seda cruda; mientras  que los tonos de la madera van del cerezo al negro.<br \/>&#13;<br \/>\n<br \/>&#13;<br \/>\nEn tanto, Jihad  Att\u00edas\u00a0 destac\u00f3 que, con motivo del 14  aniversario de Walid Att\u00edas Comercial, \u00a0habr\u00e1 interesantes y novedosos planes de  financiamiento para la adquisici\u00f3n de mobiliario local o extranjero, respaldados  por las principales instituciones bancarias del pa\u00eds.<\/p>\n<p>&#13;<\/p>\n<h6> 2008-11-13 19:38:14 <\/h6>\n<p><!--\n<link rel=\"stylesheet\" href=\"css\/bootstrap.min.css\">\n\n\n<ul class=\"pagination\">\n\t    \n\t\n\n<li >\n\t<a href='?page_no=20812'>Previous<\/a>\n\t<\/li>\n\n\n       \n    \n\n<li><a href='?page_no=1'>1<\/a><\/li>\n\n\n\n<li><a href='?page_no=2'>2<\/a><\/li>\n\n\n\n<li><a>...<\/a><\/li>\n\n\n\n<li><a href='?page_no=20811'>20811<\/a><\/li>\n\n\n\n<li><a href='?page_no=20812'>20812<\/a><\/li>\n\n\n\n<li class='active'><a>20813<\/a><\/li>\n\n\n\n<li><a href='?page_no=20814'>20814<\/a><\/li>\n\n\n\n<li><a href='?page_no=20815'>20815<\/a><\/li>\n\n\n\n<li><a>...<\/a><\/li>\n\n\n\n<li><a href='?page_no=22522'>22522<\/a><\/li>\n\n\n\n<li><a href='?page_no=22523'>22523<\/a><\/li>\n\n    \n\t\n\n<li >\n\t<a href='?page_no=20814'>Next<\/a>\n\t<\/li>\n\n\n    \n\n<li><a href='?page_no=22523'>Last &rsaquo;&rsaquo;<\/a><\/li>\n\n<\/ul>\n\n\n--><br \/>\n<\/body><\/p>\n","protected":false},"excerpt":{"rendered":"<p>Walid Att\u00edas Comercial celebra 14\u00ba \u00a0Aniversario &#13; Con descuentos de hasta un 70 por ciento en muebles cl\u00e1sicos y contempor\u00e1neos, un atractivo concurso y c\u00f3modos planes de financiamiento, la empresa Walid Att\u00edas Comercial celebra este mes sus 14 a\u00f1os de \u00e9xitos en el mercado dominicano.&#13; &#13; Durante un c\u00f3ctel con motivo de dicho aniversario, el [&hellip;]<\/p>\n","protected":false},"author":3,"featured_media":0,"comment_status":"open","ping_status":"open","sticky":false,"template":"","format":"standard","meta":{"footnotes":""},"categories":[25],"tags":[],"class_list":["post-92191","post","type-post","status-publish","format-standard","hentry","category-gente"],"_links":{"self":[{"href":"https:\/\/diariodominicano.com\/index.php?rest_route=\/wp\/v2\/posts\/92191","targetHints":{"allow":["GET"]}}],"collection":[{"href":"https:\/\/diariodominicano.com\/index.php?rest_route=\/wp\/v2\/posts"}],"about":[{"href":"https:\/\/diariodominicano.com\/index.php?rest_route=\/wp\/v2\/types\/post"}],"author":[{"embeddable":true,"href":"https:\/\/diariodominicano.com\/index.php?rest_route=\/wp\/v2\/users\/3"}],"replies":[{"embeddable":true,"href":"https:\/\/diariodominicano.com\/index.php?rest_route=%2Fwp%2Fv2%2Fcomments&post=92191"}],"version-history":[{"count":0,"href":"https:\/\/diariodominicano.com\/index.php?rest_route=\/wp\/v2\/posts\/92191\/revisions"}],"wp:attachment":[{"href":"https:\/\/diariodominicano.com\/index.php?rest_route=%2Fwp%2Fv2%2Fmedia&parent=92191"}],"wp:term":[{"taxonomy":"category","embeddable":true,"href":"https:\/\/diariodominicano.com\/index.php?rest_route=%2Fwp%2Fv2%2Fcategories&post=92191"},{"taxonomy":"post_tag","embeddable":true,"href":"https:\/\/diariodominicano.com\/index.php?rest_route=%2Fwp%2Fv2%2Ftags&post=92191"}],"curies":[{"name":"wp","href":"https:\/\/api.w.org\/{rel}","templated":true}]}}