{"id":92186,"date":"2008-11-14T19:51:05","date_gmt":"2008-11-14T19:51:05","guid":{"rendered":"http:\/\/diariodominicano.ddns.net\/?p=92186"},"modified":"2008-11-14T19:51:05","modified_gmt":"2008-11-14T19:51:05","slug":"luz-garcia-con-entrevista-exclusiva-desde-miami-con-emilio-estefan","status":"publish","type":"post","link":"https:\/\/diariodominicano.com\/?p=92186","title":{"rendered":"Luz Garc\u00eda con entrevista exclusiva desde Miami con Emilio Estefan"},"content":{"rendered":"<p><body><\/p>\n<p align=\"center\" class=\"titulogrande1\"><strong>Luz Garc\u00eda con entrevista exclusiva  desde Miami con Emilio Estefan<\/strong><\/p>\n<p>&#13;<\/p>\n<p align=\"justify\" class=\"text1noticias\">El  programa de las exclusivas <strong>\u201cNoche de  Luz\u201d<\/strong> te sigue presentando las primicias de los artistas del momento y en  esta ocasi\u00f3n Luz Garc\u00eda se traslad\u00f3 hasta la Ciudad del Sol donde comparti\u00f3 con  el magnate de la m\u00fasica latina Emilio Estefan, el cual gustosamente le abri\u00f3  las puertas de sus oficinas donde habl\u00f3 sobre sus proyectos para todo el p\u00fablico  dominicano.<\/p>\n<p>&#13;<\/p>\n<p align=\"justify\" class=\"text1noticias\">Los Estefan est\u00e1n de fiesta en las \u00faltimas semanas ya que acaban  de lanzar un libro de recetas cubana titulado \u201cLa Cocina Estefan\u201d, en el que  recogen unas 60 recetas tradicionales con el que intentan satisfacer la  curiosidad de los comensales que acuden a sus restaurantes y se pasan  preguntando el por qu\u00e9 del exquisito sabor de los platillos que degustan que lo  hacen diferentes a otros establecimientos.<\/p>\n<p>&#13;<\/p>\n<p align=\"justify\" class=\"text1noticias\">Adem\u00e1s, la llamada Reina del Pop Latino, Gloria Estefan, recibi\u00f3  de manos del actor y productor cubano Andy Garc\u00eda el galard\u00f3n que la acredita  como <strong>\u201cPersona del A\u00f1o\u201d <\/strong>de la  Academia Latina de la Grabaci\u00f3n, honor que recibi\u00f3 en la reciente entrega del  Grammy Latino celebrado en el Toyota Center de Houston, Texas.<\/p>\n<p>&#13;<\/p>\n<p align=\"justify\" class=\"text1noticias\">Emilio y Gloria Estefan, una de las parejas m\u00e1s influyentes en el  \u00e1mbito comercial de la m\u00fasica pop, comparten con Luz Garc\u00eda el secreto del  \u00e9xito alcanzado en un medio tan dif\u00edcil como el art\u00edstico, de los sacrificios a  los que se someten las figuras p\u00fablicas, de la satisfacci\u00f3n de tantos a\u00f1os de  carrera musical, de sus sue\u00f1os y metas.<\/p>\n<p>&#13;<\/p>\n<p align=\"justify\" class=\"text1noticias\">No se pierda esta gran exclusiva, donde por primera vez tendremos  en Rep\u00fablica Dominicana un especial con este exitoso productor musical, que  adem\u00e1s se atrevi\u00f3 a incursionar en el \u00e1ea gastron\u00f3ica con la apertura de los  restaurantes Larios on the Beach y Bongo\u2019s Cuban Cafe, con establecimientos en  Miami Beach, Orlando y M\u00e9xico.<\/p>\n<p>&#13;<\/p>\n<h6> 2008-11-14 19:51:05 <\/h6>\n<p><!--\n<link rel=\"stylesheet\" href=\"css\/bootstrap.min.css\">\n\n\n<ul class=\"pagination\">\n\t    \n\t\n\n<li >\n\t<a href='?page_no=20807'>Previous<\/a>\n\t<\/li>\n\n\n       \n    \n\n<li><a href='?page_no=1'>1<\/a><\/li>\n\n\n\n<li><a href='?page_no=2'>2<\/a><\/li>\n\n\n\n<li><a>...<\/a><\/li>\n\n\n\n<li><a href='?page_no=20806'>20806<\/a><\/li>\n\n\n\n<li><a href='?page_no=20807'>20807<\/a><\/li>\n\n\n\n<li class='active'><a>20808<\/a><\/li>\n\n\n\n<li><a href='?page_no=20809'>20809<\/a><\/li>\n\n\n\n<li><a href='?page_no=20810'>20810<\/a><\/li>\n\n\n\n<li><a>...<\/a><\/li>\n\n\n\n<li><a href='?page_no=22522'>22522<\/a><\/li>\n\n\n\n<li><a href='?page_no=22523'>22523<\/a><\/li>\n\n    \n\t\n\n<li >\n\t<a href='?page_no=20809'>Next<\/a>\n\t<\/li>\n\n\n    \n\n<li><a href='?page_no=22523'>Last &rsaquo;&rsaquo;<\/a><\/li>\n\n<\/ul>\n\n\n--><br \/>\n<\/body><\/p>\n","protected":false},"excerpt":{"rendered":"<p>Luz Garc\u00eda con entrevista exclusiva desde Miami con Emilio Estefan &#13; El programa de las exclusivas \u201cNoche de Luz\u201d te sigue presentando las primicias de los artistas del momento y en esta ocasi\u00f3n Luz Garc\u00eda se traslad\u00f3 hasta la Ciudad del Sol donde comparti\u00f3 con el magnate de la m\u00fasica latina Emilio Estefan, el cual [&hellip;]<\/p>\n","protected":false},"author":3,"featured_media":0,"comment_status":"open","ping_status":"open","sticky":false,"template":"","format":"standard","meta":{"footnotes":""},"categories":[25],"tags":[],"class_list":["post-92186","post","type-post","status-publish","format-standard","hentry","category-gente"],"_links":{"self":[{"href":"https:\/\/diariodominicano.com\/index.php?rest_route=\/wp\/v2\/posts\/92186","targetHints":{"allow":["GET"]}}],"collection":[{"href":"https:\/\/diariodominicano.com\/index.php?rest_route=\/wp\/v2\/posts"}],"about":[{"href":"https:\/\/diariodominicano.com\/index.php?rest_route=\/wp\/v2\/types\/post"}],"author":[{"embeddable":true,"href":"https:\/\/diariodominicano.com\/index.php?rest_route=\/wp\/v2\/users\/3"}],"replies":[{"embeddable":true,"href":"https:\/\/diariodominicano.com\/index.php?rest_route=%2Fwp%2Fv2%2Fcomments&post=92186"}],"version-history":[{"count":0,"href":"https:\/\/diariodominicano.com\/index.php?rest_route=\/wp\/v2\/posts\/92186\/revisions"}],"wp:attachment":[{"href":"https:\/\/diariodominicano.com\/index.php?rest_route=%2Fwp%2Fv2%2Fmedia&parent=92186"}],"wp:term":[{"taxonomy":"category","embeddable":true,"href":"https:\/\/diariodominicano.com\/index.php?rest_route=%2Fwp%2Fv2%2Fcategories&post=92186"},{"taxonomy":"post_tag","embeddable":true,"href":"https:\/\/diariodominicano.com\/index.php?rest_route=%2Fwp%2Fv2%2Ftags&post=92186"}],"curies":[{"name":"wp","href":"https:\/\/api.w.org\/{rel}","templated":true}]}}