{"id":92185,"date":"2008-11-14T19:54:11","date_gmt":"2008-11-14T19:54:11","guid":{"rendered":"http:\/\/diariodominicano.ddns.net\/?p=92185"},"modified":"2008-11-14T19:54:11","modified_gmt":"2008-11-14T19:54:11","slug":"artistas-de-sony-bmg-latin-se-destacan-en-el-latin-grammy","status":"publish","type":"post","link":"https:\/\/diariodominicano.com\/?p=92185","title":{"rendered":"Artistas de Sony BMG Latin se destacan en el Latin GRAMMY\u00ae"},"content":{"rendered":"<p><body><\/p>\n<p align=\"justify\"><span class=\"titulogrande1\">Artistas de Sony BMG  Latin se destacan en el Latin GRAMMY\u00ae<\/span><br \/>&#13;<br \/>\n  <br \/>&#13;<br \/>\n    <span class=\"text1noticias\">Miami, FL, 14 de  noviembre del 2008.- La ceremonia de entrega\u00a0  de los premios Latin GRAMMY\u00ae, realizada anoche en la ciudad de Houston,  Texas, puso en alto, una vez m\u00e1s, el talento de los artistas de Sony BMG Latin. <strong>Julieta  Venegas, Vicente Fern\u00e1ndez, Kany Garc\u00eda, Marc Anthony, Gloria Estefan, Jorge Celed\u00f3n y Jimmy  Zambrano, Fito P\u00e1ez, Paulino Da Viola<\/strong> <strong>y Vanessa Da Mata,<\/strong> recibieron  su galard\u00f3n.<br \/>&#13;<br \/>\n    <br \/>&#13;<br \/>\n    Una de  las nuevas estrellas en consolidar su ascendente carrera fue la puertorrique\u00f1a  Kany Garc\u00eda, que se llev\u00f3 2 de las 4 nominaciones e interpret\u00f3 junto a su  banda, y un conjunto de cuerdas, el tema \u201cEsta Soledad\u201d. Los trofeos le  llegaron por el disco \u201cCualquier D\u00eda\u201d en las categor\u00edas Mejor \u00c1lbum Pop Vocal  Pop Femenino y el merecido Mejor Nuevo Artista, consagr\u00e1ndose como la  revelaci\u00f3n de la noche.<br \/>&#13;<br \/>\n    <br \/>&#13;<br \/>\n    Por su  parte, Julieta Venegas brill\u00f3 con su presentaci\u00f3n respaldada por los  reconocidos artistas <strong>Michael Salgado<\/strong>, <strong>Emiliano  Zuleta, Fernando Otero<\/strong>, <strong>H\u00e9ctor del  Curto<\/strong> y <strong>David Lee Garza<\/strong> con el tema \u201cEl Presente\u201d. La prol\u00edfica cantautora se  impuso en las categor\u00edas Mejor \u00c1lbum de M\u00fasica Alternativa y Mejor V\u00eddeo  Musical Versi\u00f3n Larga por su reciente disco \u201cMTV Unplugged\u201d.<br \/>&#13;<br \/>\n    <br \/>&#13;<br \/>\n    En la  m\u00fasica tropical, Jorge Celed\u00f3n y Jimmy Zambrano pusieron a Colombia a festejar  cuando interpretaron en vivo \u201cMe Vio Llorar\u201d y cerraron con la canci\u00f3n \u201cEsta  Vida\u201d, acompa\u00f1ados por el <strong>Mariachi  Vargas de Tecalitlan<\/strong> de M\u00e9xico.<br \/>&#13;<br \/>\n    <br \/>&#13;<br \/>\n    Como  momento cumbre de la noche, Gloria Estefan interpret\u00f3 la canci\u00f3n \u201cNo Llores\u201d  acompa\u00f1ada de <strong>Jos\u00e9 Feliciano<\/strong> y el  guitarrista <strong>Carlos Santana<\/strong>. Obtuvo  dos galardones en la categor\u00edas Mejor \u00c1lbum Tropical Tradicional con su  \u00e1lbum \u201c90 Millas\u201d y Mejor Canci\u00f3n Tropical por el tema \u201cP\u00edntame  De Colores\u201d.<br \/>&#13;<br \/>\n    <br \/>&#13;<br \/>\nPara la  m\u00fasica regional mexicana, el legendario Vicente Fern\u00e1ndez tuvo su gran noche obteniendo  dos de las tres nominaciones: Mejor \u00c1lbum Ranchero por \u201cPara Siempre\u201d, as\u00ed como  \u201cEstos Celos\u201d en la categor\u00eda Mejor Canci\u00f3n Regional Mexicana. En el g\u00e9nero  tropical Marc Anthony por \u201cEl Cantante\u201d gan\u00f3 en la categor\u00eda Mejor \u00c1lbum de  Salsa y en el rock Fito P\u00e1ez con \u201cRodolfo\u201d obtuvo el galard\u00f3n al Mejor \u00c1lbum de  Cantautor. Adem\u00e1s salieron victoriosos los brasileros Vanessa Da Mata como  Mejor \u00c1lbum Pop Contempor\u00e1neo Brasile\u00f1o por la canci\u00f3n \u201cSim\u201d y Paulino Da Viola  como Mejor \u00c1lbum de Samba\/Pagode.<\/span><\/p>\n<p>&#13;<\/p>\n<p align=\"justify\" class=\"text1noticias\">Otros  artistas de Sony BMG Latin presentes en la noche fueron <strong>Ednita Nazario<\/strong>, quien  present\u00f3 la categor\u00eda Grabaci\u00f3n del A\u00f1o y <strong>Alexis &amp; Fido<\/strong>,  quienes anunciaron otra premiaci\u00f3n.<\/p>\n<p>&#13;<\/p>\n<h6> 2008-11-14 19:54:11 <\/h6>\n<p><!--\n<link rel=\"stylesheet\" href=\"css\/bootstrap.min.css\">\n\n\n<ul class=\"pagination\">\n\t    \n\t\n\n<li >\n\t<a href='?page_no=20806'>Previous<\/a>\n\t<\/li>\n\n\n       \n    \n\n<li><a href='?page_no=1'>1<\/a><\/li>\n\n\n\n<li><a href='?page_no=2'>2<\/a><\/li>\n\n\n\n<li><a>...<\/a><\/li>\n\n\n\n<li><a href='?page_no=20805'>20805<\/a><\/li>\n\n\n\n<li><a href='?page_no=20806'>20806<\/a><\/li>\n\n\n\n<li class='active'><a>20807<\/a><\/li>\n\n\n\n<li><a href='?page_no=20808'>20808<\/a><\/li>\n\n\n\n<li><a href='?page_no=20809'>20809<\/a><\/li>\n\n\n\n<li><a>...<\/a><\/li>\n\n\n\n<li><a href='?page_no=22522'>22522<\/a><\/li>\n\n\n\n<li><a href='?page_no=22523'>22523<\/a><\/li>\n\n    \n\t\n\n<li >\n\t<a href='?page_no=20808'>Next<\/a>\n\t<\/li>\n\n\n    \n\n<li><a href='?page_no=22523'>Last &rsaquo;&rsaquo;<\/a><\/li>\n\n<\/ul>\n\n\n--><br \/>\n<\/body><\/p>\n","protected":false},"excerpt":{"rendered":"<p>Artistas de Sony BMG Latin se destacan en el Latin GRAMMY\u00ae&#13; &#13; Miami, FL, 14 de noviembre del 2008.- La ceremonia de entrega\u00a0 de los premios Latin GRAMMY\u00ae, realizada anoche en la ciudad de Houston, Texas, puso en alto, una vez m\u00e1s, el talento de los artistas de Sony BMG Latin. Julieta Venegas, Vicente Fern\u00e1ndez, [&hellip;]<\/p>\n","protected":false},"author":3,"featured_media":0,"comment_status":"open","ping_status":"open","sticky":false,"template":"","format":"standard","meta":{"footnotes":""},"categories":[25],"tags":[],"class_list":["post-92185","post","type-post","status-publish","format-standard","hentry","category-gente"],"_links":{"self":[{"href":"https:\/\/diariodominicano.com\/index.php?rest_route=\/wp\/v2\/posts\/92185","targetHints":{"allow":["GET"]}}],"collection":[{"href":"https:\/\/diariodominicano.com\/index.php?rest_route=\/wp\/v2\/posts"}],"about":[{"href":"https:\/\/diariodominicano.com\/index.php?rest_route=\/wp\/v2\/types\/post"}],"author":[{"embeddable":true,"href":"https:\/\/diariodominicano.com\/index.php?rest_route=\/wp\/v2\/users\/3"}],"replies":[{"embeddable":true,"href":"https:\/\/diariodominicano.com\/index.php?rest_route=%2Fwp%2Fv2%2Fcomments&post=92185"}],"version-history":[{"count":0,"href":"https:\/\/diariodominicano.com\/index.php?rest_route=\/wp\/v2\/posts\/92185\/revisions"}],"wp:attachment":[{"href":"https:\/\/diariodominicano.com\/index.php?rest_route=%2Fwp%2Fv2%2Fmedia&parent=92185"}],"wp:term":[{"taxonomy":"category","embeddable":true,"href":"https:\/\/diariodominicano.com\/index.php?rest_route=%2Fwp%2Fv2%2Fcategories&post=92185"},{"taxonomy":"post_tag","embeddable":true,"href":"https:\/\/diariodominicano.com\/index.php?rest_route=%2Fwp%2Fv2%2Ftags&post=92185"}],"curies":[{"name":"wp","href":"https:\/\/api.w.org\/{rel}","templated":true}]}}